{"id":12795,"date":"2025-02-01T05:29:15","date_gmt":"2025-02-01T09:29:15","guid":{"rendered":"https:\/\/noticiasveraces.com\/?p=12795"},"modified":"2025-02-01T05:29:15","modified_gmt":"2025-02-01T09:29:15","slug":"trump-coloco-exclusivamente-para-susurrar-al-oido-de-erdogan-sobre-las-ambiciones-regionales-turcas-ministro-de-defensa-griega","status":"publish","type":"post","link":"https:\/\/noticiasveraces.com\/?p=12795","title":{"rendered":"Trump coloc\u00f3 exclusivamente para &#8216;susurrar&#8217; al o\u00eddo de Erdogan sobre las ambiciones regionales turcas: ministro de defensa griega"},"content":{"rendered":"<p> \n<\/p>\n<div>\n<div class=\"article-gating gated-overlay\">\n<div class=\"article-gating-wrapper\">\n<p>\u00danase a Fox News para acceder a este contenido<\/p>\n<p>Adem\u00e1s de acceso especial a art\u00edculos seleccionados y otro contenido premium con su cuenta, de forma gratuita.<\/p>\n<div class=\"article-gating-legal tablet-desktop\">Al ingresar su correo electr\u00f3nico y presionar continuar, usted acepta los t\u00e9rminos de uso y la pol\u00edtica de privacidad de Fox News, que incluye nuestro aviso de incentivo financiero.\n    <\/div>\n<p><span>Por favor, introduce una direcci\u00f3n de correo electr\u00f3nico v\u00e1lida.<\/span><\/p>\n<footer class=\"article-gating-footer\">\u00bfTiene problemas? Haga clic aqu\u00ed.<\/footer>\n<\/div>\n<\/div>\n<p class=\"speakable\"><strong>Primero en Fox: <\/strong>La ret\u00f3rica expansionista ha sido una gran preocupaci\u00f3n en la OTAN durante varios a\u00f1os en medio de la invasi\u00f3n de Ucrania por parte de Rusia, pero seg\u00fan el alto funcionario de defensa de Grecia, la alianza de seguridad deber\u00eda tomar amenazas muy similares desde su propia coalici\u00f3n, en particular de Turqu\u00eda.<\/p>\n<p class=\"speakable\">Una disputa de d\u00e9cadas sobre la naci\u00f3n isle\u00f1a de Chipre entre Grecia y Turqu\u00eda, que han sido miembros de la OTAN desde 1952, ha afectado la alianza durante m\u00e1s de medio siglo y los conflictos derramados llevaron a los dos pa\u00edses al borde de Guerra en la d\u00e9cada de 1990. <\/p>\n<p>Aunque las relaciones entre Grecia y Turqu\u00eda se han vuelto menos hostiles en los \u00faltimos a\u00f1os, la b\u00fasqueda de Erdogan de los recursos naturales regionales junto con sus controvertidas acciones geopol\u00edticas en el Medio Oriente y el Mar Egeo ha criticado durante mucho tiempo que est\u00e1 buscando \u00abrecrear\u00bb el imperio ototomano.<\/p>\n<div class=\"image-ct inline\">\n<div class=\"m\"><picture><source media=\"(max-width: 767px)\" srcset=\"https:\/\/a57.foxnews.com\/static.foxnews.com\/foxnews.com\/content\/uploads\/2025\/01\/343\/192\/dendias-2.jpg?ve=1&amp;tl=1, https:\/\/a57.foxnews.com\/static.foxnews.com\/foxnews.com\/content\/uploads\/2025\/01\/686\/384\/dendias-2.jpg?ve=1&amp;tl=1 2x\" height=\"192\" width=\"343\"><source media=\"(min-width: 768px) and (max-width: 1023px)\" srcset=\"https:\/\/a57.foxnews.com\/static.foxnews.com\/foxnews.com\/content\/uploads\/2025\/01\/672\/378\/dendias-2.jpg?ve=1&amp;tl=1, https:\/\/a57.foxnews.com\/static.foxnews.com\/foxnews.com\/content\/uploads\/2025\/01\/1344\/756\/dendias-2.jpg?ve=1&amp;tl=1 2x\" height=\"378\" width=\"672\"><source media=\"(min-width: 1024px) and (max-width: 1279px)\" srcset=\"https:\/\/a57.foxnews.com\/static.foxnews.com\/foxnews.com\/content\/uploads\/2025\/01\/931\/523\/dendias-2.jpg?ve=1&amp;tl=1, https:\/\/a57.foxnews.com\/static.foxnews.com\/foxnews.com\/content\/uploads\/2025\/01\/1862\/1046\/dendias-2.jpg?ve=1&amp;tl=1 2x\" height=\"523\" width=\"931\"><source media=\"(min-width: 1280px)\" srcset=\"https:\/\/a57.foxnews.com\/static.foxnews.com\/foxnews.com\/content\/uploads\/2025\/01\/720\/405\/dendias-2.jpg?ve=1&amp;tl=1, https:\/\/a57.foxnews.com\/static.foxnews.com\/foxnews.com\/content\/uploads\/2025\/01\/1440\/810\/dendias-2.jpg?ve=1&amp;tl=1 2x\" height=\"405\" width=\"720\"><img loading=\"lazy\" decoding=\"async\" src=\"https:\/\/a57.foxnews.com\/static.foxnews.com\/foxnews.com\/content\/uploads\/2025\/01\/1200\/675\/dendias-2.jpg?ve=1&amp;tl=1\" alt=\"Ministro de defensa griego\" width=\"1200\" height=\"675\"\/><\/source><\/source><\/source><\/source><\/picture><\/div>\n<div class=\"info\">\n<div class=\"caption\">\n<p><span>Nikos Dendias, Ministro de Defensa Nacional de Grecia, pronuncia un discurso para el D\u00eda de Independencia de Grecia en Atenas el 25 de marzo de 2024. <\/span> <span>(Giorgos Arapekos\/Nurphoto a trav\u00e9s de Getty Images)<\/span><\/p>\n<\/div>\n<\/div>\n<\/div>\n<p><strong>Los l\u00edderes de Turqu\u00eda y Grecia para reunirse, poner a prueba la iniciativa de amistad en medio de Gaza y Ucrania Wars<\/strong><\/p>\n<p>\u00abHay algunas personas en Turqu\u00eda que se remontan a los tiempos otomanos y creen que podr\u00edan recrear el Imperio Otomano, incluidas partes de Grecia, partes de Siria, partes de Irak, partes de Ir\u00e1n, la mitad del C\u00e1ucaso, etc.\u00bb, griego \u00ab, griego El ministro de Defensa, Nikos Dendias, dijo durante una entrevista con Fox News Digital. <\/p>\n<p>\u00abEspero que esto sea despierto, pero crea muchos problemas en las relaciones con Grecia, muchos problemas dentro de la OTAN\u00bb.<\/p>\n<p>Erdogan, quien ha sido presidente de Turqu\u00eda desde 2014, ha sido criticado por su enfoque agresivo al tratar con naciones regionales como Irak, Yemen, Libia e Israel, pero tambi\u00e9n sus pr\u00e1cticas opresivas en el hogar que han atacado a las comunidades no sunitas, incluidas las chi\u00edtas, incluidas las chi\u00edtas. y cristianos, periodistas, mujeres y kurdos. Es un problema que no solo ha bloqueado a Turqu\u00eda para unirse a la Uni\u00f3n Europea, sino que ha mantenido cada vez m\u00e1s ramificaciones geopol\u00edticas para los Estados Unidos. <\/p>\n<p>El principal aliado de los Estados Unidos en la lucha contra ISIS en Siria, las Fuerzas Democr\u00e1ticas Sirias (SDF), se ha encontrado en la mira de Ankara, ya que considera que la fuerza afiliada kurda es similar a la red terrorista, el Partido de Trabajadores Kurdist\u00e1n (PKK). <\/p>\n<p>Turqu\u00eda ha atacado rutinariamente al grupo y ha provocado preocupaci\u00f3n internacional sobre c\u00f3mo el SDF podr\u00e1 continuar luchando de manera efectiva en ISIS en caso de que la administraci\u00f3n Trump retire las tropas estadounidenses de Siria.<\/p>\n<div class=\"image-ct inline\">\n<div class=\"m\"><picture><source media=\"(max-width: 767px)\" srcset=\"https:\/\/a57.foxnews.com\/static.foxnews.com\/foxnews.com\/content\/uploads\/2024\/01\/343\/192\/us-troops-syria.jpg?ve=1&amp;tl=1, https:\/\/a57.foxnews.com\/static.foxnews.com\/foxnews.com\/content\/uploads\/2024\/01\/686\/384\/us-troops-syria.jpg?ve=1&amp;tl=1 2x\" height=\"192\" width=\"343\"><source media=\"(min-width: 768px) and (max-width: 1023px)\" srcset=\"https:\/\/a57.foxnews.com\/static.foxnews.com\/foxnews.com\/content\/uploads\/2024\/01\/672\/378\/us-troops-syria.jpg?ve=1&amp;tl=1, https:\/\/a57.foxnews.com\/static.foxnews.com\/foxnews.com\/content\/uploads\/2024\/01\/1344\/756\/us-troops-syria.jpg?ve=1&amp;tl=1 2x\" height=\"378\" width=\"672\"><source media=\"(min-width: 1024px) and (max-width: 1279px)\" srcset=\"https:\/\/a57.foxnews.com\/static.foxnews.com\/foxnews.com\/content\/uploads\/2024\/01\/931\/523\/us-troops-syria.jpg?ve=1&amp;tl=1, https:\/\/a57.foxnews.com\/static.foxnews.com\/foxnews.com\/content\/uploads\/2024\/01\/1862\/1046\/us-troops-syria.jpg?ve=1&amp;tl=1 2x\" height=\"523\" width=\"931\"><source media=\"(min-width: 1280px)\" srcset=\"https:\/\/a57.foxnews.com\/static.foxnews.com\/foxnews.com\/content\/uploads\/2024\/01\/720\/405\/us-troops-syria.jpg?ve=1&amp;tl=1, https:\/\/a57.foxnews.com\/static.foxnews.com\/foxnews.com\/content\/uploads\/2024\/01\/1440\/810\/us-troops-syria.jpg?ve=1&amp;tl=1 2x\" height=\"405\" width=\"720\"><img loading=\"lazy\" decoding=\"async\" src=\"https:\/\/a57.foxnews.com\/static.foxnews.com\/foxnews.com\/content\/uploads\/2024\/01\/1200\/675\/us-troops-syria.jpg?ve=1&amp;tl=1\" alt=\"Foto de las tropas estadounidenses en Siria entrenando el YPG\/SDF\" width=\"1200\" height=\"675\"\/><\/source><\/source><\/source><\/source><\/picture><\/div>\n<div class=\"info\">\n<div class=\"caption\">\n<p><span>Las fuerzas estadounidenses brindan entrenamiento militar a los miembros del YPG\/SDF, que Turqu\u00eda considera una extensi\u00f3n de PKK en Siria, en el distrito de Qamisli en la provincia de Al-Hasakah de Siria el 18 de agosto de 2023.<\/span> <span>(Agencia Hedil Amir\/Anadolu a trav\u00e9s de Getty Images)<\/span><\/p>\n<\/div>\n<\/div>\n<\/div>\n<p>\u00abISIS, seamos sinceros y honestos, est\u00e1 deprimido pero no fuera\u00bb, dijo Dendias. \u00abLa ideolog\u00eda detr\u00e1s de ISIS, la ideolog\u00eda detr\u00e1s de la Hermandad Musulmana est\u00e1 all\u00ed, est\u00e1 viva y pateando. <\/p>\n<p>\u00abY tengo que decir que lo peor que puedes hacer en la vida es olvidar a tus aliados, olvidar a las personas que lucharon a tu lado en tu hora de necesidad y volverse contra ellos o olvidarlos\u00bb, continu\u00f3 el ministro de defensa. \u00abEstoy hablando de los kurdos que luchan contra ISIS durante a\u00f1os. No deber\u00edan ser olvidados por Occidente\u00bb.<\/p>\n<p><strong>Trump dice que Turqu\u00eda \u00abhizo una adquisici\u00f3n hostil\u00bb en Siria, ya que el cese de alto el cese de los Estados Unidos parece fallar<\/strong><\/p>\n<p>La ca\u00edda del r\u00e9gimen de Bashar al-Assad ha renovado las preocupaciones sobre la estabilidad regional, y la estrecha din\u00e1mica entre Trump y Erdogan ha planteado m\u00e1s preguntas sobre c\u00f3mo el presidente turco perseguir\u00e1 sus ambiciones regionales. <\/p>\n<p>Dendias argument\u00f3 que la estrecha relaci\u00f3n supuestamente compartida entre los dos l\u00edderes mundiales no necesariamente envalentonar\u00e1 a Erdogan y podr\u00eda posicionar de manera \u00fanica a Trump para \u00absusurrar\u00bb al o\u00eddo del l\u00edder turco y recordarle que \u00abla ley internacional, internacional, internacional [rules] del mar, es una forma de vida en este mundo moderno \u00ab.<\/p>\n<p>\u00abSupongo que no ser\u00e1 bueno en absoluto para la OTAN y que no ser\u00eda bueno para los Estados Unidos de Am\u00e9rica para alentar a Turqu\u00eda a crear un gran problema en el frente oriental de la OTAN, teniendo en cuenta tambi\u00e9n lo que est\u00e1 sucediendo en el medio. Este y lo que est\u00e1 sucediendo entre Rusia y Ucrania \u00ab, agreg\u00f3 el Minster de defensa. <\/p>\n<div class=\"image-ct inline\">\n<div class=\"m\"><picture><source media=\"(max-width: 767px)\" srcset=\"https:\/\/a57.foxnews.com\/static.foxnews.com\/foxnews.com\/content\/uploads\/2025\/01\/343\/192\/turkey.jpg?ve=1&amp;tl=1, https:\/\/a57.foxnews.com\/static.foxnews.com\/foxnews.com\/content\/uploads\/2025\/01\/686\/384\/turkey.jpg?ve=1&amp;tl=1 2x\" height=\"192\" width=\"343\"><source media=\"(min-width: 768px) and (max-width: 1023px)\" srcset=\"https:\/\/a57.foxnews.com\/static.foxnews.com\/foxnews.com\/content\/uploads\/2025\/01\/672\/378\/turkey.jpg?ve=1&amp;tl=1, https:\/\/a57.foxnews.com\/static.foxnews.com\/foxnews.com\/content\/uploads\/2025\/01\/1344\/756\/turkey.jpg?ve=1&amp;tl=1 2x\" height=\"378\" width=\"672\"><source media=\"(min-width: 1024px) and (max-width: 1279px)\" srcset=\"https:\/\/a57.foxnews.com\/static.foxnews.com\/foxnews.com\/content\/uploads\/2025\/01\/931\/523\/turkey.jpg?ve=1&amp;tl=1, https:\/\/a57.foxnews.com\/static.foxnews.com\/foxnews.com\/content\/uploads\/2025\/01\/1862\/1046\/turkey.jpg?ve=1&amp;tl=1 2x\" height=\"523\" width=\"931\"><source media=\"(min-width: 1280px)\" srcset=\"https:\/\/a57.foxnews.com\/static.foxnews.com\/foxnews.com\/content\/uploads\/2025\/01\/720\/405\/turkey.jpg?ve=1&amp;tl=1, https:\/\/a57.foxnews.com\/static.foxnews.com\/foxnews.com\/content\/uploads\/2025\/01\/1440\/810\/turkey.jpg?ve=1&amp;tl=1 2x\" height=\"405\" width=\"720\"><img loading=\"lazy\" decoding=\"async\" src=\"https:\/\/a57.foxnews.com\/static.foxnews.com\/foxnews.com\/content\/uploads\/2025\/01\/1200\/675\/turkey.jpg?ve=1&amp;tl=1\" alt=\"Mugla Turqu\u00eda\" width=\"1200\" height=\"675\"\/><\/source><\/source><\/source><\/source><\/picture><\/div>\n<div class=\"info\">\n<div class=\"caption\">\n<p><span>El ejercicio Blue Homeland-2025, organizado por el Comando de las Fuerzas Navales turcas en el Mar Negro, el Mar Egeo y el Mediterr\u00e1neo Oriental, comenz\u00f3 el 8 de enero de 2025 en Mugla, Turqu\u00eda.<\/span> <span>(Sabri Kesen\/Anadolu a trav\u00e9s de Getty Images)<\/span><\/p>\n<\/div>\n<\/div>\n<\/div>\n<p><strong>El l\u00edder turco afirma que las bases estadounidenses en Grecia representan una &#8216;amenaza&#8217; directa en medio de la escupida con Atenas por la expansi\u00f3n de la OTAN<\/strong><\/p>\n<p>A principios de este mes, Turqu\u00eda relanz\u00f3 ejercicios militares en los mares negros, mediterr\u00e1neos y egeanos conocidos como \u00abpatria azul\u00bb, que Grecia ha visto durante mucho tiempo como una muestra de fuerza y \u200b\u200bllev\u00f3 a las disputas mar\u00edtimas de larga data a resurgir. <\/p>\n<p>\u00abEste [is a] Nuevo enfoque neoimperialista turco, neo-otomano \u00ab, dijo Dendias.\u00bb Comenz\u00f3 a aparecer en alg\u00fan lugar en la primera d\u00e9cada del siglo XXI &#8230; que, en esencia, afirma que la mitad de las islas griegas en el Egeo pertenecen a Turqu\u00eda. <\/p>\n<div class=\"image-ct inline\">\n<div class=\"m\"><picture><source media=\"(max-width: 767px)\" srcset=\"https:\/\/a57.foxnews.com\/static.foxnews.com\/foxnews.com\/content\/uploads\/2019\/10\/343\/192\/Trump-Erdodgan-THUMB.jpg?ve=1&amp;tl=1, https:\/\/a57.foxnews.com\/static.foxnews.com\/foxnews.com\/content\/uploads\/2019\/10\/686\/384\/Trump-Erdodgan-THUMB.jpg?ve=1&amp;tl=1 2x\" height=\"192\" width=\"343\"><source media=\"(min-width: 768px) and (max-width: 1023px)\" srcset=\"https:\/\/a57.foxnews.com\/static.foxnews.com\/foxnews.com\/content\/uploads\/2019\/10\/672\/378\/Trump-Erdodgan-THUMB.jpg?ve=1&amp;tl=1, https:\/\/a57.foxnews.com\/static.foxnews.com\/foxnews.com\/content\/uploads\/2019\/10\/1344\/756\/Trump-Erdodgan-THUMB.jpg?ve=1&amp;tl=1 2x\" height=\"378\" width=\"672\"><source media=\"(min-width: 1024px) and (max-width: 1279px)\" srcset=\"https:\/\/a57.foxnews.com\/static.foxnews.com\/foxnews.com\/content\/uploads\/2019\/10\/931\/523\/Trump-Erdodgan-THUMB.jpg?ve=1&amp;tl=1, https:\/\/a57.foxnews.com\/static.foxnews.com\/foxnews.com\/content\/uploads\/2019\/10\/1862\/1046\/Trump-Erdodgan-THUMB.jpg?ve=1&amp;tl=1 2x\" height=\"523\" width=\"931\"><source media=\"(min-width: 1280px)\" srcset=\"https:\/\/a57.foxnews.com\/static.foxnews.com\/foxnews.com\/content\/uploads\/2019\/10\/720\/405\/Trump-Erdodgan-THUMB.jpg?ve=1&amp;tl=1, https:\/\/a57.foxnews.com\/static.foxnews.com\/foxnews.com\/content\/uploads\/2019\/10\/1440\/810\/Trump-Erdodgan-THUMB.jpg?ve=1&amp;tl=1 2x\" height=\"405\" width=\"720\"><img loading=\"lazy\" decoding=\"async\" src=\"https:\/\/a57.foxnews.com\/static.foxnews.com\/foxnews.com\/content\/uploads\/2019\/10\/1200\/675\/Trump-Erdodgan-THUMB.jpg?ve=1&amp;tl=1\" alt=\"El presidente Donald Trump, durante su primera presidencia, las conversaciones con el presidente de Turqu\u00eda, Recep Tayyip Erdogan, cuando llegan juntos a una foto familiar en una cumbre de jefes de estado y gobierno en la sede de la OTAN en Bruselas.  (AP Photo\/Pablo Martinez Monsivais, archivo)\" width=\"1200\" height=\"675\"\/><\/source><\/source><\/source><\/source><\/picture><\/div>\n<div class=\"info\">\n<div class=\"caption\">\n<p><span>El presidente Donald Trump, durante su primera presidencia, las conversaciones con el presidente de Turqu\u00eda, Recep Tayyip Erdogan, cuando llegan juntos a una foto familiar en una cumbre de jefes de estado y gobierno en la sede de la OTAN en Bruselas.  (AP Photo\/Pablo Martinez Monsivais, archivo)<\/span> <span>(AP Photo\/Pablo Martinez Monsivais, archivo)<\/span><\/p>\n<\/div>\n<\/div>\n<\/div>\n<p>\u00abY a veces incluso van m\u00e1s all\u00e1. Afirman que Creta, una gran isla con una presencia de la OTAN muy importante y una base estadounidense en Souda, nuevamente, debe pertenecer a Turqu\u00eda\u00bb. <\/p>\n<p>El Minster de la Defensa dijo que las tensas relaciones de Grecia con Turqu\u00eda han hecho que su postura defensiva en la OTAN sea \u00fanica porque ha obligado a Atenas a estar al tanto de su gasto de defensa, un problema que una vez m\u00e1s se ha convertido en un asunto de discusi\u00f3n en la alianza de la OTAN debido a la de Trump. Pulso de que todas las naciones cumplan con un l\u00edmite de gasto del PIB del 5%, en comparaci\u00f3n con el 2%. <\/p>\n<p>Las \u00faltimas cifras de gasto de la OTAN publicadas en junio de 2024 muestran que Grecia fue el quinto gastador m\u00e1s alto en defensa en la alianza, gastando m\u00e1s del 3% de su GPD, mientras que Turqu\u00eda lleg\u00f3 en 18\u00ba y gast\u00f3 poco m\u00e1s del 2% de su PIB en defensa.  <\/p>\n<div class=\"image-ct inline\">\n<div class=\"m\"><picture><source media=\"(max-width: 767px)\" srcset=\"https:\/\/a57.foxnews.com\/static.foxnews.com\/foxnews.com\/content\/uploads\/2024\/05\/343\/192\/GettyImages-2152804019.jpg?ve=1&amp;tl=1, https:\/\/a57.foxnews.com\/static.foxnews.com\/foxnews.com\/content\/uploads\/2024\/05\/686\/384\/GettyImages-2152804019.jpg?ve=1&amp;tl=1 2x\" height=\"192\" width=\"343\"><source media=\"(min-width: 768px) and (max-width: 1023px)\" srcset=\"https:\/\/a57.foxnews.com\/static.foxnews.com\/foxnews.com\/content\/uploads\/2024\/05\/672\/378\/GettyImages-2152804019.jpg?ve=1&amp;tl=1, https:\/\/a57.foxnews.com\/static.foxnews.com\/foxnews.com\/content\/uploads\/2024\/05\/1344\/756\/GettyImages-2152804019.jpg?ve=1&amp;tl=1 2x\" height=\"378\" width=\"672\"><source media=\"(min-width: 1024px) and (max-width: 1279px)\" srcset=\"https:\/\/a57.foxnews.com\/static.foxnews.com\/foxnews.com\/content\/uploads\/2024\/05\/931\/523\/GettyImages-2152804019.jpg?ve=1&amp;tl=1, https:\/\/a57.foxnews.com\/static.foxnews.com\/foxnews.com\/content\/uploads\/2024\/05\/1862\/1046\/GettyImages-2152804019.jpg?ve=1&amp;tl=1 2x\" height=\"523\" width=\"931\"><source media=\"(min-width: 1280px)\" srcset=\"https:\/\/a57.foxnews.com\/static.foxnews.com\/foxnews.com\/content\/uploads\/2024\/05\/720\/405\/GettyImages-2152804019.jpg?ve=1&amp;tl=1, https:\/\/a57.foxnews.com\/static.foxnews.com\/foxnews.com\/content\/uploads\/2024\/05\/1440\/810\/GettyImages-2152804019.jpg?ve=1&amp;tl=1 2x\" height=\"405\" width=\"720\"><img loading=\"lazy\" decoding=\"async\" src=\"https:\/\/a57.foxnews.com\/static.foxnews.com\/foxnews.com\/content\/uploads\/2024\/05\/1200\/675\/GettyImages-2152804019.jpg?ve=1&amp;tl=1\" alt=\"Erdogan y el primer ministro griego se dan la mano\" width=\"1200\" height=\"675\"\/><\/source><\/source><\/source><\/source><\/picture><\/div>\n<div class=\"info\">\n<div class=\"caption\">\n<p><span>Ankara, Turqu\u00eda- 13 de mayo: Primer Ministro Kyriakos Mitsotakis (L) de Grecia da la mano al presidente Recep Tayyip Erdogan de Turqu\u00eda durante una conferencia de prensa despu\u00e9s de su reuni\u00f3n el 13 de mayo de 2024 en Ankara, Turqu\u00eda. <\/span> <span>(Im\u00e1genes Yavuz Ozden\/ Dia a trav\u00e9s de Getty Images)<\/span><\/p>\n<\/div>\n<\/div>\n<\/div>\n<p>Dendias dijo que las naciones europeas deben acordar colectivamente c\u00f3mo ven los niveles de amenazas de seguridad y la importancia del gasto de defensa.<\/p>\n<p>\u00abIndependientemente de la posici\u00f3n del presidente Trump en el 5%, es un problema interno y debe resolverse\u00bb, agreg\u00f3 Dendias.<\/p>\n<p>\u00abLa mayor amenaza son los pa\u00edses que no cumplen con el derecho internacional y no cumplen con el derecho internacional del mar. Pa\u00edses que creen que limita con [are] Algo que puede ignorar, que los tratados y los tratados internacionales deber\u00edan funcionar solo si se trata de su beneficio \u00ab, dijo Dendias.\u00bb Esa es la mayor amenaza para todo el mundo, no solo Grecia \u00ab.<\/p>\n<p>Las preguntas adicionales a Dendias sobre los recientes comentarios del presidente Trump sobre su negativa a descartar la intervenci\u00f3n militar en la adquisici\u00f3n de Groenlandia y el Canal de Panam\u00e1 no fueron respondidas. <\/p>\n<p>La embajada turca en Washington, DC no respondi\u00f3 a las preguntas de Fox News Digital, sino que se\u00f1al\u00f3 una declaraci\u00f3n emitida por el Ministro de Defensa Nacional Turqu\u00eda, Ya\u015far G\u00fcler, quien antes de los ejercicios de \u00abBlue Homeland\u00bb dijo: \u00abNuestro pa\u00eds, ubicado en El coraz\u00f3n mismo de una regi\u00f3n rodeada de conflictos y disputas, enfatiza constantemente su compromiso con el derecho internacional y la paz para prevenir las tensiones y la resoluci\u00f3n de crisis.<\/p>\n<p><strong>Haga clic aqu\u00ed para obtener la aplicaci\u00f3n Fox News<\/strong><\/p>\n<p>\u00abNos acercamos al desarrollo de nuestras relaciones con nuestro vecino Grecia dentro de este marco y tomamos pasos significativos para resolver problemas\u00bb, agreg\u00f3. \u00abLos esfuerzos para retratar la determinaci\u00f3n de Turqu\u00eda para proteger sus derechos e intereses en la &#8216;patria azul&#8217; como &#8216;expansionismo y agresi\u00f3n hist\u00f3ricos&#8217; no son m\u00e1s que un intento in\u00fatil de ignorar los derechos otorgados a Turqu\u00eda por el derecho internacional. <\/p>\n<p>\u00abSin embargo, mientras luchamos por una soluci\u00f3n pac\u00edfica, enfatizamos encarecidamente que nunca comprometeremos nuestros derechos e intereses nacionales\u00bb, dijo G\u00fcler a principios de este mes.<\/p>\n<\/div>\n\n","protected":false},"excerpt":{"rendered":"<p>\u00danase a Fox News para acceder a este contenido Adem\u00e1s de acceso especial a art\u00edculos seleccionados y otro contenido premium con su cuenta, de forma gratuita. Al ingresar su correo electr\u00f3nico y presionar continuar, usted acepta los t\u00e9rminos de uso y la pol\u00edtica de privacidad de Fox News, que incluye nuestro aviso de incentivo financiero. &hellip;<\/p>\n","protected":false},"author":1,"featured_media":12797,"comment_status":"open","ping_status":"open","sticky":false,"template":"","format":"standard","meta":{"fifu_image_url":"https:\/\/static.foxnews.com\/foxnews.com\/content\/uploads\/2022\/08\/GettyImages-1241210937.jpg-erdogan-war-games.jpg","fifu_image_alt":"","footnotes":""},"categories":[13],"tags":[],"class_list":["post-12795","post","type-post","status-publish","format-standard","has-post-thumbnail","","category-mundo"],"_links":{"self":[{"href":"https:\/\/noticiasveraces.com\/index.php?rest_route=\/wp\/v2\/posts\/12795","targetHints":{"allow":["GET"]}}],"collection":[{"href":"https:\/\/noticiasveraces.com\/index.php?rest_route=\/wp\/v2\/posts"}],"about":[{"href":"https:\/\/noticiasveraces.com\/index.php?rest_route=\/wp\/v2\/types\/post"}],"author":[{"embeddable":true,"href":"https:\/\/noticiasveraces.com\/index.php?rest_route=\/wp\/v2\/users\/1"}],"replies":[{"embeddable":true,"href":"https:\/\/noticiasveraces.com\/index.php?rest_route=%2Fwp%2Fv2%2Fcomments&post=12795"}],"version-history":[{"count":0,"href":"https:\/\/noticiasveraces.com\/index.php?rest_route=\/wp\/v2\/posts\/12795\/revisions"}],"wp:featuredmedia":[{"embeddable":true,"href":"https:\/\/noticiasveraces.com\/index.php?rest_route=\/wp\/v2\/media\/12797"}],"wp:attachment":[{"href":"https:\/\/noticiasveraces.com\/index.php?rest_route=%2Fwp%2Fv2%2Fmedia&parent=12795"}],"wp:term":[{"taxonomy":"category","embeddable":true,"href":"https:\/\/noticiasveraces.com\/index.php?rest_route=%2Fwp%2Fv2%2Fcategories&post=12795"},{"taxonomy":"post_tag","embeddable":true,"href":"https:\/\/noticiasveraces.com\/index.php?rest_route=%2Fwp%2Fv2%2Ftags&post=12795"}],"curies":[{"name":"wp","href":"https:\/\/api.w.org\/{rel}","templated":true}]}}