{"id":12787,"date":"2025-02-01T03:11:20","date_gmt":"2025-02-01T07:11:20","guid":{"rendered":"https:\/\/noticiasveraces.com\/?p=12787"},"modified":"2025-02-01T03:11:20","modified_gmt":"2025-02-01T07:11:20","slug":"hamas-lanzara-3-rehenes-mas-incluido-el-ciudadano-estadounidense-como-parte-del-acuerdo-de-alto-el-fuego-fragil","status":"publish","type":"post","link":"https:\/\/noticiasveraces.com\/?p=12787","title":{"rendered":"Hamas lanzar\u00e1 3 rehenes m\u00e1s, incluido el ciudadano estadounidense, como parte del acuerdo de alto el fuego fr\u00e1gil"},"content":{"rendered":"<p> \n<\/p>\n<div>\n<div class=\"article-gating gated-overlay show-gate\">\n<div class=\"article-gating-wrapper\">\n<p>\u00danase a Fox News para acceder a este contenido<\/p>\n<p>Has alcanzado su n\u00famero m\u00e1ximo de art\u00edculos. Inicie sesi\u00f3n o cree una cuenta de forma gratuita para continuar leyendo.<\/p>\n<div class=\"article-gating-legal tablet-desktop\">Al ingresar su correo electr\u00f3nico y presionar continuar, usted acepta los t\u00e9rminos de uso y la pol\u00edtica de privacidad de Fox News, que incluye nuestro aviso de incentivo financiero.\n    <\/div>\n<p><span>Por favor, introduce una direcci\u00f3n de correo electr\u00f3nico v\u00e1lida.<\/span><\/p>\n<footer class=\"article-gating-footer\">\u00bfTiene problemas? Haga clic aqu\u00ed.<\/footer>\n<\/div>\n<\/div>\n<p class=\"speakable\">El grupo terrorista Hamas ha publicado dos rehenes m\u00e1s, con un tercero, un ciudadano estadounidense-israel\u00ed Keith Siegel, que se espera que se libere m\u00e1s tarde el s\u00e1bado como parte del acuerdo de alto el fuego con Israel. <\/p>\n<p class=\"speakable\">Hamas entreg\u00f3 a Ofer Kalderon y Yarden Bibas a la Cruz Roja, y se esperaba que ambos fueran entregados a los soldados de las FDI. <\/p>\n<p>Siegel, de 65 a\u00f1os, se cri\u00f3 en Carolina del Norte y emigr\u00f3 a Israel cuando era joven, convirti\u00e9ndose en un doble ciudadano estadounidense-israel\u00ed. \u00c9l y su esposa, Aviva, se establecieron en Kibbutz Kfar Aza. Hab\u00eda estado detenido en Gaza desde el 7 de octubre de 2023, cuando ambos fueron secuestrados de su casa durante la masacre de Hamas. <\/p>\n<p>Aviva Siegel, quien fue liberada en el \u00faltimo acuerdo de rehenes en noviembre, anteriormente le cont\u00f3 a Fox News sobre sus temores por su deterioro de la salud, enfatizando que la pelea no ha terminado hasta que todos los rehenes regresen. Junto a Siegel, tambi\u00e9n se liberaron Kalderon y Yarden Bibas franc\u00e9s-israel\u00ed. La esposa de Bibas y dos hijos peque\u00f1os permanecen en cautiverio.<\/p>\n<p><strong>La mujer israel\u00ed describe valientemente el horror como reh\u00e9n de Hamas: \u00abEstaban disfrutando de lastimarme\u00bb<\/strong><\/p>\n<p>Siegel ser\u00eda el primer estadounidense liberado bajo el actual acuerdo de alto el fuego. Hasta ahora, 10 rehenes israel\u00edes y cinco nacionales tailandeses secuestrados el 7 de octubre tambi\u00e9n han sido liberados. Seis estadounidenses permanecen en Gaza. Entre ellos, se espera que Sagui Dekel-Chen, un padre de tres hijos de 36 a\u00f1os, sea liberado pronto. Otro cautivo, Edan Alexander, de 21 a\u00f1os, de Nueva Jersey, estaba sirviendo en las FDI cuando se tomaba. Hamas tambi\u00e9n tiene los cuerpos de los rehenes fallecidos.<\/p>\n<div class=\"image-ct inline\">\n<div class=\"m\"><picture><source media=\"(max-width: 767px)\" srcset=\"https:\/\/a57.foxnews.com\/static.foxnews.com\/foxnews.com\/content\/uploads\/2025\/01\/343\/192\/yarden-keith-ofer.jpg?ve=1&amp;tl=1, https:\/\/a57.foxnews.com\/static.foxnews.com\/foxnews.com\/content\/uploads\/2025\/01\/686\/384\/yarden-keith-ofer.jpg?ve=1&amp;tl=1 2x\" height=\"192\" width=\"343\"><source media=\"(min-width: 768px) and (max-width: 1023px)\" srcset=\"https:\/\/a57.foxnews.com\/static.foxnews.com\/foxnews.com\/content\/uploads\/2025\/01\/672\/378\/yarden-keith-ofer.jpg?ve=1&amp;tl=1, https:\/\/a57.foxnews.com\/static.foxnews.com\/foxnews.com\/content\/uploads\/2025\/01\/1344\/756\/yarden-keith-ofer.jpg?ve=1&amp;tl=1 2x\" height=\"378\" width=\"672\"><source media=\"(min-width: 1024px) and (max-width: 1279px)\" srcset=\"https:\/\/a57.foxnews.com\/static.foxnews.com\/foxnews.com\/content\/uploads\/2025\/01\/931\/523\/yarden-keith-ofer.jpg?ve=1&amp;tl=1, https:\/\/a57.foxnews.com\/static.foxnews.com\/foxnews.com\/content\/uploads\/2025\/01\/1862\/1046\/yarden-keith-ofer.jpg?ve=1&amp;tl=1 2x\" height=\"523\" width=\"931\"><source media=\"(min-width: 1280px)\" srcset=\"https:\/\/a57.foxnews.com\/static.foxnews.com\/foxnews.com\/content\/uploads\/2025\/01\/720\/405\/yarden-keith-ofer.jpg?ve=1&amp;tl=1, https:\/\/a57.foxnews.com\/static.foxnews.com\/foxnews.com\/content\/uploads\/2025\/01\/1440\/810\/yarden-keith-ofer.jpg?ve=1&amp;tl=1 2x\" height=\"405\" width=\"720\"><img loading=\"lazy\" decoding=\"async\" src=\"https:\/\/a57.foxnews.com\/static.foxnews.com\/foxnews.com\/content\/uploads\/2025\/01\/1200\/675\/yarden-keith-ofer.jpg?ve=1&amp;tl=1\" alt=\"De izquierda a derecha: Yarden Bibas, Keith Siegel, Ofer Kalderon\" width=\"1200\" height=\"675\"\/><\/source><\/source><\/source><\/source><\/picture><\/div>\n<div class=\"info\">\n<div class=\"caption\">\n<p><span>Hamas ha nombrado a Yarden Bibas, Keith Siegel y Ofer Kalderon como los pr\u00f3ximos tres rehenes en ser lanzado.<\/span> <span>(Foro de Familias de Hosages y Familias)<\/span><\/p>\n<\/div>\n<\/div>\n<\/div>\n<p>Asegurar la liberaci\u00f3n de ciudadanos estadounidenses y otros rehenes sigue siendo una prioridad para el presidente Donald Trump, quien advirti\u00f3 que Hamas enfrentar\u00eda \u00abtodo el infierno para pagar\u00bb si no cumpl\u00edan. El enviado de la Casa Blanca Steve Witkoff, monitoreando de cerca la situaci\u00f3n, recientemente se convirti\u00f3 en el primer funcionario estadounidense en visitar Gaza en 15 a\u00f1os. \u00abNo queda casi nada de Gaza\u00bb, dijo Witkoff a Axios, estimando que la reconstrucci\u00f3n completa podr\u00eda llevar de 10 a 15 a\u00f1os. Hizo hincapi\u00e9 en que avanzar en el acuerdo de rehenes es clave para estabilizar la regi\u00f3n y los esfuerzos diplom\u00e1ticos m\u00e1s amplios, incluidas las conversaciones de normalizaci\u00f3n saudi-israel\u00edes.<\/p>\n<p>Para las familias de las que todav\u00eda est\u00e1n en cautiverio, la lucha est\u00e1 lejos de terminar. Yechi Yehoud, padre de la reh\u00e9n liberada Arbel Yehoud, quien fue liberada el jueves, emiti\u00f3 una declaraci\u00f3n emotiva a regreso de su hija. <\/p>\n<p>\u00abArbel ha vuelto a nosotros en una salud razonable, considerando el infierno que sufri\u00f3. Sobrevivi\u00f3 heroicamente hasta el final, mostrando coraje inconmensurable. Tambi\u00e9n estamos aqu\u00ed para expresar nuestra gratitud al presidente Trump y su enviado especial de Medio Oriente, el Sr. Steve. Witkoff, que sab\u00eda c\u00f3mo hablar &#8216;lenguaje de triunfo&#8217; en el Medio Oriente y aprovecha la presi\u00f3n diplom\u00e1tica completa para el regreso de los rehenes &#8230; \u00a1no descansaremos hasta que sepamos que est\u00e1n de vuelta con nosotros, vivos! \u00ab<\/p>\n<p><strong>Qu\u00e9 saber sobre los rehenes y el acuerdo de cese de fuego entre Israel y Hamas que comenzar\u00e1 el domingo<\/strong><\/p>\n<div class=\"image-ct inline\">\n<div class=\"m\"><picture><source media=\"(max-width: 767px)\" srcset=\"https:\/\/a57.foxnews.com\/static.foxnews.com\/foxnews.com\/content\/uploads\/2025\/01\/343\/192\/arbel-yehoud-surrounded-by-armed-terrorists-on-her-way-to-be-handed-over-to-red-cross.-tps-il.jpg?ve=1&amp;tl=1, https:\/\/a57.foxnews.com\/static.foxnews.com\/foxnews.com\/content\/uploads\/2025\/01\/686\/384\/arbel-yehoud-surrounded-by-armed-terrorists-on-her-way-to-be-handed-over-to-red-cross.-tps-il.jpg?ve=1&amp;tl=1 2x\" height=\"192\" width=\"343\"><source media=\"(min-width: 768px) and (max-width: 1023px)\" srcset=\"https:\/\/a57.foxnews.com\/static.foxnews.com\/foxnews.com\/content\/uploads\/2025\/01\/672\/378\/arbel-yehoud-surrounded-by-armed-terrorists-on-her-way-to-be-handed-over-to-red-cross.-tps-il.jpg?ve=1&amp;tl=1, https:\/\/a57.foxnews.com\/static.foxnews.com\/foxnews.com\/content\/uploads\/2025\/01\/1344\/756\/arbel-yehoud-surrounded-by-armed-terrorists-on-her-way-to-be-handed-over-to-red-cross.-tps-il.jpg?ve=1&amp;tl=1 2x\" height=\"378\" width=\"672\"><source media=\"(min-width: 1024px) and (max-width: 1279px)\" srcset=\"https:\/\/a57.foxnews.com\/static.foxnews.com\/foxnews.com\/content\/uploads\/2025\/01\/931\/523\/arbel-yehoud-surrounded-by-armed-terrorists-on-her-way-to-be-handed-over-to-red-cross.-tps-il.jpg?ve=1&amp;tl=1, https:\/\/a57.foxnews.com\/static.foxnews.com\/foxnews.com\/content\/uploads\/2025\/01\/1862\/1046\/arbel-yehoud-surrounded-by-armed-terrorists-on-her-way-to-be-handed-over-to-red-cross.-tps-il.jpg?ve=1&amp;tl=1 2x\" height=\"523\" width=\"931\"><source media=\"(min-width: 1280px)\" srcset=\"https:\/\/a57.foxnews.com\/static.foxnews.com\/foxnews.com\/content\/uploads\/2025\/01\/720\/405\/arbel-yehoud-surrounded-by-armed-terrorists-on-her-way-to-be-handed-over-to-red-cross.-tps-il.jpg?ve=1&amp;tl=1, https:\/\/a57.foxnews.com\/static.foxnews.com\/foxnews.com\/content\/uploads\/2025\/01\/1440\/810\/arbel-yehoud-surrounded-by-armed-terrorists-on-her-way-to-be-handed-over-to-red-cross.-tps-il.jpg?ve=1&amp;tl=1 2x\" height=\"405\" width=\"720\"><img loading=\"lazy\" decoding=\"async\" src=\"https:\/\/a57.foxnews.com\/static.foxnews.com\/foxnews.com\/content\/uploads\/2025\/01\/1200\/675\/arbel-yehoud-surrounded-by-armed-terrorists-on-her-way-to-be-handed-over-to-red-cross.-tps-il.jpg?ve=1&amp;tl=1\" alt=\"Las escenas del caos en Khan Younis, cuando los rehenes Gadi Moses y Arbel Yehud se vieron obligados a caminar a pie a trav\u00e9s de una mafia palestina para esperar veh\u00edculos de la Cruz Roja el 30 de enero de 2025.\" width=\"1200\" height=\"675\"\/><\/source><\/source><\/source><\/source><\/picture><\/div>\n<div class=\"info\">\n<div class=\"caption\">\n<p><span>Las escenas del caos en Khan Younis, cuando los rehenes Gadi Moses y Arbel Yehud se vieron obligados a caminar a pie a trav\u00e9s de una mafia palestina para esperar veh\u00edculos de la Cruz Roja el 30 de enero de 2025.<\/span> <span>(Majdi fathi\/tps-il)<\/span><\/p>\n<\/div>\n<\/div>\n<\/div>\n<p>El alto el fuego, que ha detenido temporalmente una brutal guerra de 15 meses, se est\u00e1 desarrollando en fases. Cada etapa involucra la lanzamiento escalonado de rehenes israel\u00edes a cambio de prisioneros palestinos y una mayor ayuda humanitaria en Gaza. Sin embargo, el proceso ha enfrentado contratiempos, incluidas escenas horribles esta semana, cuando Hamas desfilaron a los rehenes antes de una mafia enojada, poniendo en peligro su seguridad. La entrega ca\u00f3tica a la Cruz Roja provoc\u00f3 indignaci\u00f3n en Israel. El primer ministro Benjamin Netanyahu detuvo brevemente la liberaci\u00f3n rec\u00edproca de los prisioneros palestinos, advirtiendo a Hamas contra nuevas interrupciones.<\/p>\n<p>El plan actual incluye lanzamientos adicionales de rehenes en las pr\u00f3ximas semanas, y se espera que 33 cautivos se liberen durante seis semanas. A cambio, Israel liberar\u00e1 a 2.000 prisioneros de seguridad palestinos, incluidos 250-300 condenados por ataques mortales, y permitir\u00e1 una mayor ayuda humanitaria en Gaza. Si Hamas cumplir\u00e1 por completo sigue siendo incierto, poniendo en riesgo la fr\u00e1gil tregua.<\/p>\n<p><strong>Haga clic aqu\u00ed para obtener la aplicaci\u00f3n Fox News<\/strong><\/p>\n<div class=\"image-ct inline\">\n<div class=\"m\"><picture><source media=\"(max-width: 767px)\" srcset=\"https:\/\/a57.foxnews.com\/static.foxnews.com\/foxnews.com\/content\/uploads\/2025\/01\/343\/192\/netanyahu_witkoff-photo-prime-ministers-meadia-adviser.jpg?ve=1&amp;tl=1, https:\/\/a57.foxnews.com\/static.foxnews.com\/foxnews.com\/content\/uploads\/2025\/01\/686\/384\/netanyahu_witkoff-photo-prime-ministers-meadia-adviser.jpg?ve=1&amp;tl=1 2x\" height=\"192\" width=\"343\"><source media=\"(min-width: 768px) and (max-width: 1023px)\" srcset=\"https:\/\/a57.foxnews.com\/static.foxnews.com\/foxnews.com\/content\/uploads\/2025\/01\/672\/378\/netanyahu_witkoff-photo-prime-ministers-meadia-adviser.jpg?ve=1&amp;tl=1, https:\/\/a57.foxnews.com\/static.foxnews.com\/foxnews.com\/content\/uploads\/2025\/01\/1344\/756\/netanyahu_witkoff-photo-prime-ministers-meadia-adviser.jpg?ve=1&amp;tl=1 2x\" height=\"378\" width=\"672\"><source media=\"(min-width: 1024px) and (max-width: 1279px)\" srcset=\"https:\/\/a57.foxnews.com\/static.foxnews.com\/foxnews.com\/content\/uploads\/2025\/01\/931\/523\/netanyahu_witkoff-photo-prime-ministers-meadia-adviser.jpg?ve=1&amp;tl=1, https:\/\/a57.foxnews.com\/static.foxnews.com\/foxnews.com\/content\/uploads\/2025\/01\/1862\/1046\/netanyahu_witkoff-photo-prime-ministers-meadia-adviser.jpg?ve=1&amp;tl=1 2x\" height=\"523\" width=\"931\"><source media=\"(min-width: 1280px)\" srcset=\"https:\/\/a57.foxnews.com\/static.foxnews.com\/foxnews.com\/content\/uploads\/2025\/01\/720\/405\/netanyahu_witkoff-photo-prime-ministers-meadia-adviser.jpg?ve=1&amp;tl=1, https:\/\/a57.foxnews.com\/static.foxnews.com\/foxnews.com\/content\/uploads\/2025\/01\/1440\/810\/netanyahu_witkoff-photo-prime-ministers-meadia-adviser.jpg?ve=1&amp;tl=1 2x\" height=\"405\" width=\"720\"><img loading=\"lazy\" decoding=\"async\" src=\"https:\/\/a57.foxnews.com\/static.foxnews.com\/foxnews.com\/content\/uploads\/2025\/01\/1200\/675\/netanyahu_witkoff-photo-prime-ministers-meadia-adviser.jpg?ve=1&amp;tl=1\" alt=\"Steve Witkoff y Benjamin Netanyahu\" width=\"1200\" height=\"675\"\/><\/source><\/source><\/source><\/source><\/picture><\/div>\n<div class=\"info\">\n<div class=\"caption\">\n<p><span>El primer ministro Netanyahu se re\u00fane con el enviado especial del presidente estadounidense Donald Trump al Medio Oriente, Steve Witkoff.<\/span> <span>(Foto del asesor de medios del primer ministro)<\/span><\/p>\n<\/div>\n<\/div>\n<\/div>\n<p>En medio de las negociaciones de alto el fuego de alto riesgo, Netanyahu ha aceptado una invitaci\u00f3n del presidente Trump para visitar Washington el 4 de febrero, convirti\u00e9ndolo en el primer l\u00edder extranjero en reunirse con Trump en su segundo mandato. La visita se centrar\u00e1 en el acuerdo de rehenes, las discusiones de alto el fuego y las preocupaciones de seguridad m\u00e1s amplias, incluida la reconstrucci\u00f3n de Ir\u00e1n y Gaza.<\/p>\n<\/div>\n\n","protected":false},"excerpt":{"rendered":"<p>\u00danase a Fox News para acceder a este contenido Has alcanzado su n\u00famero m\u00e1ximo de art\u00edculos. Inicie sesi\u00f3n o cree una cuenta de forma gratuita para continuar leyendo. Al ingresar su correo electr\u00f3nico y presionar continuar, usted acepta los t\u00e9rminos de uso y la pol\u00edtica de privacidad de Fox News, que incluye nuestro aviso de &hellip;<\/p>\n","protected":false},"author":1,"featured_media":12789,"comment_status":"open","ping_status":"open","sticky":false,"template":"","format":"standard","meta":{"fifu_image_url":"https:\/\/static.foxnews.com\/foxnews.com\/content\/uploads\/2024\/03\/Screenshot-2024-03-06-at-4.38.33-PM.jpg","fifu_image_alt":"","footnotes":""},"categories":[13],"tags":[],"class_list":["post-12787","post","type-post","status-publish","format-standard","has-post-thumbnail","","category-mundo"],"_links":{"self":[{"href":"https:\/\/noticiasveraces.com\/index.php?rest_route=\/wp\/v2\/posts\/12787","targetHints":{"allow":["GET"]}}],"collection":[{"href":"https:\/\/noticiasveraces.com\/index.php?rest_route=\/wp\/v2\/posts"}],"about":[{"href":"https:\/\/noticiasveraces.com\/index.php?rest_route=\/wp\/v2\/types\/post"}],"author":[{"embeddable":true,"href":"https:\/\/noticiasveraces.com\/index.php?rest_route=\/wp\/v2\/users\/1"}],"replies":[{"embeddable":true,"href":"https:\/\/noticiasveraces.com\/index.php?rest_route=%2Fwp%2Fv2%2Fcomments&post=12787"}],"version-history":[{"count":0,"href":"https:\/\/noticiasveraces.com\/index.php?rest_route=\/wp\/v2\/posts\/12787\/revisions"}],"wp:featuredmedia":[{"embeddable":true,"href":"https:\/\/noticiasveraces.com\/index.php?rest_route=\/wp\/v2\/media\/12789"}],"wp:attachment":[{"href":"https:\/\/noticiasveraces.com\/index.php?rest_route=%2Fwp%2Fv2%2Fmedia&parent=12787"}],"wp:term":[{"taxonomy":"category","embeddable":true,"href":"https:\/\/noticiasveraces.com\/index.php?rest_route=%2Fwp%2Fv2%2Fcategories&post=12787"},{"taxonomy":"post_tag","embeddable":true,"href":"https:\/\/noticiasveraces.com\/index.php?rest_route=%2Fwp%2Fv2%2Ftags&post=12787"}],"curies":[{"name":"wp","href":"https:\/\/api.w.org\/{rel}","templated":true}]}}