{"id":12783,"date":"2025-02-01T02:11:08","date_gmt":"2025-02-01T06:11:08","guid":{"rendered":"https:\/\/noticiasveraces.com\/?p=12783"},"modified":"2025-02-01T02:11:08","modified_gmt":"2025-02-01T06:11:08","slug":"avion-medico-se-estrella-en-ee-uu-con-6-mexicanos-a-bordo-dw-01-02-2025","status":"publish","type":"post","link":"https:\/\/noticiasveraces.com\/?p=12783","title":{"rendered":"Avi\u00f3n M\u00e9dico se Estrella en ee.uu. con 6 mexicanos a bordo &#8211; dw &#8211; 01\/02\/2025"},"content":{"rendered":"<p> \n<\/p>\n<div>\n<p>Las Seis Personas, Entre Ellas un menor, que viajaban en el avi\u00f3n ambulancia que se accident\u00f3 este Viernes (31.01.2025) EN UNA ZONA URBANA DE LA CIADA ESTADOUNDENSE de Filadelfia Son de M\u00e9xico, Inform\u00f3 la Canciller\u00eda mexicana. Seg\u00fan Medios Todos Fallecieron.<\/p>\n<p>\u00abLa Empresa A\u00e9rea (&#8230;) Confirm\u00f3 Al Consulado (De M\u00e9xico) Que Seis Personas de Nacionalidad mexicana Viajaban en la Aeronave\u00bb, Inform\u00f3 la Secretar\u00eda de Relaciones Exteriores en Su Cuenta en X.<br \/>La Alcaldesa de Filadelfia, Estados Unidos, Cherelle Parker, Dijo Este Viernes Que Varias Viviendas y Veh\u00edculos Se Vieron Afectados Afectados Despu\u00e9s de Que Avi\u00f3n Peque\u00f1o Con Seis Personas A Bordo se Estrellara en Una Zona Residencial de la Ciudad.<\/p>\n<p>\u00abSe Pierdieron M\u00e1s Almas Inocentes\u00bb, Dijo El Presidente Donald Trump Tras ser informado Sobre El Acc\u00e9rdico A\u00e9reo.<\/p>\n<p>De acuerdo con cnn, que cita a la administraci\u00f3n federal de avi\u00f3n (faa) y Fuentes Policiales, seis personsas iban a bordo del avi\u00f3n y una de ellas era una menor.<\/p>\n<p>Los Medios locales Tambi\u00e9n Se\u00f1alan que Hay Heridos en Tierra y Varias Casas Incendiadas en la Zona, a la que Han Acudido los Equipos de Emergencia. <\/p>\n<h2>AVION CON MATR\u00cdCULA MEXICANA<\/h2>\n<p>Un Portavoz de la Faa Dijo A Los Medios Que El Avi\u00f3n, Modelo Learjet 55, SE Estrell\u00f3 en Torno A Las 18:30 Hora Local (23:30 GMT) Tras despegar del Aeropuerto del Noresto de Filadelfia con Destino en Springfield (Misuri).<\/p>\n<p>El Avi\u00f3n con Matr\u00edcula mexicana, seg\u00fan Cnn y Flight Radar, SE Estrell\u00f3 Tras 40 segundos en el Aire Cerca de Un Cruce de Avenidas en El Noreste de la Mayor Ciudad de Pensilvania.<\/p>\n<p>Videos de seg\u00fan Compartidos por testigos en lass Redes Sociales y en Los Medios, en el Momento del Siniestro, en una Zona de Casas, Se Produjo una explosi\u00f3n, Tras lo que se observa observa fuego y una masa de humo.<\/p>\n<p>Todav\u00eda se desconocen las causas de lo sucedido, que tuvo Lugar Cerca de Las Avenidas Roosevelt Boulevard y Cottman Avenue, en Las Inmediaciones de Un Centro Comercial Llamado Roosevelt.<\/p>\n<p>El Indee se produce despu\u00e9rados de que el mi\u00e9rcoles un helic\u00f3ptero militares chococara contra un avi\u00f3n a la comercial Cerca del aeropuerto reagan de Washington, Provocando la Muerte de las 67 Personas Que iban a Bordo de Ambos Aparatos.<\/p>\n<p>MG (EFE, CNN)<\/p>\n<div class=\"vjs-wrapper embed big\">\n<h2 aria-label=\"Video integrado \u2014 Deportaciones masivas de migrantes en EE. UU.\" class=\"headline\"><svg xmlns=\"http:\/\/www.w3.org\/2000\/svg\" viewbox=\"0 0 20 20\"><g fill-rule=\"evenodd\"><path d=\"M14.114 7.599H13.5l.002 4.706h.601l4.582 3.25-.005-11.11zM11.084 4.444l-9.007.002-1.336.797.002 9.514 1.334.793 9.007.006 1.509-.799-.004-9.516z\"\/><\/g><\/svg>Deportaciones Masivas de Migrantes en ee. Uu.<\/h2>\n<p><video id=\"video-71404236\" controls=\"\" playsinline=\"\" preload=\"none\" poster=\"data:image\/png;base64,iVBORw0KGgoAAAANSUhEUgAAAAEAAAABCAQAAAC1HAwCAAAAC0lEQVR42mNkYAAAAAYAAjCB0C8AAAAASUVORK5CYII=\" data-id=\"71404236\" data-posterurl=\"https:\/\/static.dw.com\/image\/71369236_605.webp\" data-duration=\"02:26\"><source src=\"https:\/\/hlsvod.dw.com\/i\/dwtv_video\/flv\/js\/js20250124_FEAR_,AVC_480x270,AVC_512x288,AVC_640x360,AVC_960x540,AVC_1280x720,AVC_1920x1080,.mp4.csmil\/master.m3u8\" type=\"application\/x-mpegURL\"><source src=\"https:\/\/tvdownloaddw-a.akamaihd.net\/dwtv_video\/flv\/js\/js20250124_FEAR_AVC_1920x1080.mp4\" type=\"video\/mp4\"><track src=\"https:\/\/www.dw.com\/media\/subtitles\/71465033\" srclang=\"es\" label=\"SPANISH\" default=\"\"><p class=\"vjs-no-js\">Para ver este video, habilite JavaScript y considere actualizar a un navegador web que admite el video HTML5<\/p>\n<\/track><\/source><\/source><\/video><\/div>\n<\/div>\n\n","protected":false},"excerpt":{"rendered":"<p>Las Seis Personas, Entre Ellas un menor, que viajaban en el avi\u00f3n ambulancia que se accident\u00f3 este Viernes (31.01.2025) EN UNA ZONA URBANA DE LA CIADA ESTADOUNDENSE de Filadelfia Son de M\u00e9xico, Inform\u00f3 la Canciller\u00eda mexicana. Seg\u00fan Medios Todos Fallecieron. \u00abLa Empresa A\u00e9rea (&#8230;) Confirm\u00f3 Al Consulado (De M\u00e9xico) Que Seis Personas de Nacionalidad mexicana &hellip;<\/p>\n","protected":false},"author":1,"featured_media":12784,"comment_status":"open","ping_status":"open","sticky":false,"template":"","format":"standard","meta":{"fifu_image_url":"https:\/\/static.dw.com\/image\/71479578_6.jpg","fifu_image_alt":"","footnotes":""},"categories":[13],"tags":[],"class_list":["post-12783","post","type-post","status-publish","format-standard","has-post-thumbnail","","category-mundo"],"_links":{"self":[{"href":"https:\/\/noticiasveraces.com\/index.php?rest_route=\/wp\/v2\/posts\/12783","targetHints":{"allow":["GET"]}}],"collection":[{"href":"https:\/\/noticiasveraces.com\/index.php?rest_route=\/wp\/v2\/posts"}],"about":[{"href":"https:\/\/noticiasveraces.com\/index.php?rest_route=\/wp\/v2\/types\/post"}],"author":[{"embeddable":true,"href":"https:\/\/noticiasveraces.com\/index.php?rest_route=\/wp\/v2\/users\/1"}],"replies":[{"embeddable":true,"href":"https:\/\/noticiasveraces.com\/index.php?rest_route=%2Fwp%2Fv2%2Fcomments&post=12783"}],"version-history":[{"count":0,"href":"https:\/\/noticiasveraces.com\/index.php?rest_route=\/wp\/v2\/posts\/12783\/revisions"}],"wp:featuredmedia":[{"embeddable":true,"href":"https:\/\/noticiasveraces.com\/index.php?rest_route=\/wp\/v2\/media\/12784"}],"wp:attachment":[{"href":"https:\/\/noticiasveraces.com\/index.php?rest_route=%2Fwp%2Fv2%2Fmedia&parent=12783"}],"wp:term":[{"taxonomy":"category","embeddable":true,"href":"https:\/\/noticiasveraces.com\/index.php?rest_route=%2Fwp%2Fv2%2Fcategories&post=12783"},{"taxonomy":"post_tag","embeddable":true,"href":"https:\/\/noticiasveraces.com\/index.php?rest_route=%2Fwp%2Fv2%2Ftags&post=12783"}],"curies":[{"name":"wp","href":"https:\/\/api.w.org\/{rel}","templated":true}]}}