{"id":12753,"date":"2025-01-31T22:14:26","date_gmt":"2025-02-01T02:14:26","guid":{"rendered":"https:\/\/noticiasveraces.com\/?p=12753"},"modified":"2025-01-31T22:14:26","modified_gmt":"2025-02-01T02:14:26","slug":"ali-kouch-la-fiscalia-reclama-por-prial-vez-en-baleares-prision-permanente-revisable-al-acusado-de-asesinar-a-su-huujer-embarazada-y-al-hijo-de-ambos-sociedad","status":"publish","type":"post","link":"https:\/\/noticiasveraces.com\/?p=12753","title":{"rendered":"Al\u00ed Kouch: la fiscal\u00eda reclama por prial vez en baleares prisi\u00f3n permanente revisable al acusado de asesinar a su huujer embarazada y al hijo de ambos | Sociedad"},"content":{"rendered":"<p> \n<br \/><img decoding=\"async\" src=\"https:\/\/imagenes.elpais.com\/resizer\/v2\/WYBHXGCNFXO7QHZFBAMOWYERQU.jpg?auth=e1beb793d363fa2c403fb6dd35ec9edc819c37177d1bc068e0e0160de7bb39d1\" \/><\/p>\n<div data-dtm-region=\"articulo_cuerpo\">\n<p class=\"\">Un Jurado Popular ha declarado Culpable A Al\u00ed Kouch, de 39 A\u00f1os, Acusado de Asesinar A Su Mujer Warda Ouchene, de 28 A\u00f1os y Emarazada de Cinco Meses, As\u00ed Como Al Hijo de Ambos de Si\u00e9 A\u00f1os en Mayo de 2021 en Mallorca. Los mimbros del jurado considerar que kouch asesin\u00f3 a su pareja ya su hijo estrangul\u00e1ndolos en el Domicilio que Ambos compartimos en la Localidad Mallorquina de Sa Pobla la Noche del 16 de Mayo de 2021. La fiscal\u00eda ha recllamada reclama de la presidenta del tribunal del tribunal del de la jurra, la 16 de mayo de 2021. Magistrada Samantha Romero, Que le Imponga una Pena de Pris\u00f3n Permanente Revisable por el Asesinato del Menor y Otros 25 A\u00f1os de C\u00e1rcel Por el Asesinato de la Mujer, en concurso con un delito de aborte. Es la Primera Vez que la fiscal\u00eda reclama en los tribunales de las islas la imposici\u00f3nica de la Pena m\u00e1xima contemplada en el c\u00f3digo penal.<\/p>\n<p class=\"\">Tras dos dias de deliberaciones y desespumeres de un juicio que se ha celebrado en la audiencia Provincial de Palma Desde el 17 de Enero, Los Miembros del Jurado Han considerado probado Que Kouch atac\u00f3 a su sujer Con un cincel, le propin\u00f3 varios Golpes en la cabeza Que la Aturdieron Ya continuenta, Al Percatarse de Que Segu\u00eda Respirando, La Estrangul\u00f3. \u00abLa Acci\u00f3n le Provoc\u00f3 una Muerte Ag\u00f3nica\u00bb, Ha Dicho la Portavoz del Jurado, Que Ha Ratificado Que El Hombre Ten\u00eda la Intenci\u00f3n de Terminar Con la Vida de Su Pareja, Ambos de Nacerionalidad Marroqu\u00ed. Tambi\u00e9n, que una continua se qued\u00f3 a Solas con su hijo y que se estrangul\u00f3. El Jurado Ha Ratificado, Adem\u00e1s, Que la Mujer Sufri\u00f3 Varios Episodios de Maltrato, Situaciones de Control y de dominaci\u00f3n por parte de kouch, de quien consideran que no se pude probar que hubiera consumido grandes cantidades de coca\u00edna la noche del crimen.<\/p>\n<p class=\"\">El superior fiscal de Baleares, Julio Cano, Ha Reglamado Que le Sea Impuesta Una Pena de Pris\u00f3n Permanente revisable por el Asesinato del Menor, Adem\u00e1s de 25 A\u00f1os de C\u00e1rcel Por El Delito de Asesinato Con Alevos\u00eda y Ensa\u00f1amiento y LAS Circunstancias AGRAVANTES DE DESCRIMINACO DE DESCRIMINO de G\u00e9nero y de Parentesco, en concurso con un delito de aborto, por la muerte de warda ouchane. El fiscal Tambi\u00e9n ha Pedido una indemnizaci\u00f3n por Responsabilidad Civil de 171.993 Euros para los Padres de la Mujer y de 86.392 y 106,000 euros para Cada Uno de sus dos. La acusaci\u00f3n en particular ha demandado las mismas penas de c\u00e1rcel.<\/p>\n<p class=\"\">Durante Su Declaraci\u00f3n, El Acusado Reconoci\u00f3 Que Hab\u00eda Matado A Su Mujer y Al Hijo de Ambos, Sabirdo que Ella Estaba Embarazada de Cinco Meses, Aunque Su Defensa Aleg\u00f3 que los Hechos se correspondan con Dos delitos de Homicidio por los que els de los que la elfs de los que els de los que la elf. 12 A\u00f1os de Prisi\u00f3n. Argumento de kouch\u00f3 que se Encontraba Bajo los efectos del alcohol y las drogas al Cometer los Cr\u00edmenes, Como sacos de abresors, para intenciares justificar la violencia, y pidi\u00f3 perd\u00f3n a la familia de ouuchene durante el tavo de \u00datima palabra. \u00abMe siento desestrozado por dentro\u00bb, Dijo.<\/p>\n<p class=\"\">El Fiscal Superior de Baleares, Julio Cano, Detall\u00f3 Que El Acusado Inici\u00f3e Una Discusi\u00f3n Con Su Mujer Durante la Noche del 16 de Mayo de 2021 en la Casa que Compart\u00edan. En un Momento Determinado, Este Cogio Un Cincel y Golpe\u00f3 en la Cabeza a Su Pareja para Estrangularla Despu\u00e9s. Posteriormento, Seg\u00fan la Acusaci\u00f3n P\u00fablica, Kouch Estrangul\u00f3 Al Hijo de Ambos que Hab\u00eda Presenciado El Asesinato de Su Madre. El acusado huy\u00f3 desespu\u00e9s del domicilio rumbo un palma y en la tarde del d\u00eda siguene envi\u00f3 un mensaje al Hermano de oochene para decirle que su hermana estaba muerta en casa. Entonces, Los Familiares Movilizaron a la Guardia Civil.<\/p>\n<p class=\"\">M\u00e1s Tarde, Kouch Llam\u00f3 a la Guardia Civil Para Confesar Los Hechos y Entregarse. La v\u00edctima hab\u00eda denunciado a su pareja en dos ovasiones por malos tratos. La Primera Vez, EN 2012, por agresiones y amenaza, otuvo una orden de Alejamiento que estuvo en vigor Hasta 2013. La segunda Denuncia se Efectu\u00f3 en 2018, Aunque POCO DESPU\u00c9S OUCHENE PIDI\u00d3 SALIR DEL Espiral de la Violencia Machista, M\u00faltiples V\u00edctimas.<\/p>\n<p class=\"\">El N\u00daMERO DE MUJERES ASESINADAS POR VILENCIA DE G\u00c9NERO EN Espa\u00f1a en 2024 Ascendi\u00f3 A 48. Desde que Arranc\u00f3 la Estad\u00edstica Oficial, en 2003, hijo 1.293<b> <\/b>Mujeres. Este Mes de 2025, Las Estad\u00edsticas recogen un feminicidio familiar, Pero ninguno dentro del \u00e1mito de la pareja o expareja.<\/p>\n<p class=\"\"><i>El Tel\u00e9fono 016 ATIENTE A LAS V\u00cdCTIMAS DE VIOLENCIA MACHISTA, A SUS FAMILIAS YA SOTORNO LAS 24 HORAS DEL DIA, TODOS LOS DIAS DEL ARO, EN 53 IDIOMAS DIFERENtes. El N\u00daMERO NO REGISTRADO DE QUEDA EN LA FACURA TELEF\u00d3NICA, PERO HAY QUE BORRAR LA LLAMADA DEL SIPOSITIVO. Tambi\u00e9n se pude contactar a Trav\u00e9s del Correo Elect\u00f3nico <\/i><i>016-online@igualdad.gob.es<\/i><i>  y por whatsapp en el N\u00daMERO 600 000 016. LOS MENORES PUEDEN DIRIGIRSE AL TEL\u00c9FONO DE LA FUNDACI\u00d3N ANAR 900 20 20 10 10. SI ES UNA SITUACI\u00d3N DE EMERGENCIA, SE PUEDE Llamar al 112 oa los Tel\u00e9fonos de la Polic\u00eda Nacional (091) y de la Guardia Civil (062). Y en Caso de no poder Llamar, Se Puede recurrir a la Aplicacia alertcops, desde la que se env\u00eda una se\u00f1al de alerta a la polic\u00eda con geolocalizaci\u00f3n.<\/i><\/p>\n<\/div>\n\n","protected":false},"excerpt":{"rendered":"<p>Un Jurado Popular ha declarado Culpable A Al\u00ed Kouch, de 39 A\u00f1os, Acusado de Asesinar A Su Mujer Warda Ouchene, de 28 A\u00f1os y Emarazada de Cinco Meses, As\u00ed Como Al Hijo de Ambos de Si\u00e9 A\u00f1os en Mayo de 2021 en Mallorca. Los mimbros del jurado considerar que kouch asesin\u00f3 a su pareja ya &hellip;<\/p>\n","protected":false},"author":1,"featured_media":12755,"comment_status":"open","ping_status":"open","sticky":false,"template":"","format":"standard","meta":{"fifu_image_url":"https:\/\/imagenes.elpais.com\/resizer\/v2\/WYBHXGCNFXO7QHZFBAMOWYERQU.jpg?auth=e1beb793d363fa2c403fb6dd35ec9edc819c37177d1bc068e0e0160de7bb39d1&width=1200","fifu_image_alt":"","footnotes":""},"categories":[11],"tags":[],"class_list":["post-12753","post","type-post","status-publish","format-standard","has-post-thumbnail","","category-viaje"],"_links":{"self":[{"href":"https:\/\/noticiasveraces.com\/index.php?rest_route=\/wp\/v2\/posts\/12753","targetHints":{"allow":["GET"]}}],"collection":[{"href":"https:\/\/noticiasveraces.com\/index.php?rest_route=\/wp\/v2\/posts"}],"about":[{"href":"https:\/\/noticiasveraces.com\/index.php?rest_route=\/wp\/v2\/types\/post"}],"author":[{"embeddable":true,"href":"https:\/\/noticiasveraces.com\/index.php?rest_route=\/wp\/v2\/users\/1"}],"replies":[{"embeddable":true,"href":"https:\/\/noticiasveraces.com\/index.php?rest_route=%2Fwp%2Fv2%2Fcomments&post=12753"}],"version-history":[{"count":0,"href":"https:\/\/noticiasveraces.com\/index.php?rest_route=\/wp\/v2\/posts\/12753\/revisions"}],"wp:featuredmedia":[{"embeddable":true,"href":"https:\/\/noticiasveraces.com\/index.php?rest_route=\/wp\/v2\/media\/12755"}],"wp:attachment":[{"href":"https:\/\/noticiasveraces.com\/index.php?rest_route=%2Fwp%2Fv2%2Fmedia&parent=12753"}],"wp:term":[{"taxonomy":"category","embeddable":true,"href":"https:\/\/noticiasveraces.com\/index.php?rest_route=%2Fwp%2Fv2%2Fcategories&post=12753"},{"taxonomy":"post_tag","embeddable":true,"href":"https:\/\/noticiasveraces.com\/index.php?rest_route=%2Fwp%2Fv2%2Ftags&post=12753"}],"curies":[{"name":"wp","href":"https:\/\/api.w.org\/{rel}","templated":true}]}}