{"id":12751,"date":"2025-01-31T21:53:03","date_gmt":"2025-02-01T01:53:03","guid":{"rendered":"https:\/\/noticiasveraces.com\/?p=12751"},"modified":"2025-01-31T21:53:03","modified_gmt":"2025-02-01T01:53:03","slug":"debate-sobre-prohibir-afd-calienta-el-bundestag-dw-31-01-2025","status":"publish","type":"post","link":"https:\/\/noticiasveraces.com\/?p=12751","title":{"rendered":"Debate Sobre Prohibir Afd Calienta El Bundestag &#8211; DW &#8211; 31\/01\/2025"},"content":{"rendered":"<p> \n<\/p>\n<div>\n<p>El Parlamento Alem\u00e1n Tiene 733 Integrantes. 124 de Ellos, de Diversas Bancadas, Est\u00e1n Un favor del abogado Al M\u00e1ximo Tribunal del Pa\u00eds que se proh\u00edba el Partido alternativa para Alemania (AFD). Hen Tres \u00d3rganos Estatales que Podr\u00eda Plantear Semejante Solicitud: El Bundestag (C\u00e1mara Baja del Parlamento), El Bundesrat (La C\u00e1mara Alta, Que Re\u00dane A Los Estados Federados) y El GoBierno Nacional. Pero en ninguno de Ellos se perfila, de Momento, La Mayor\u00eda Necesaria para Poner en Marcha Un Procedimiento de Prohibici\u00f3n.<\/p>\n<p>Lo sab\u00eda tambi\u00e9n los parlamentarios que lo vienen intentando desde hace meses, infructuosament. Sin obst\u00e1culo, Quisieron Dar una Se\u00f1al en la \u00daltima Semana de Sesiones del Bundestag Antes de las Eleciones del 23 de Febero, Mediante una Discusi\u00f3n al Respeto.<\/p>\n<h2>\u00abEnemigos de la Democracia\u00bb<\/h2>\n<p>El Cristianodem\u00f3crata Marco Wanderwitz (CDU) Fue El Impulsor y Abri\u00f3 El Debate. \u00abUstedes hijo Enemigos de la Constituci\u00f3n, Enemigos de Nuestra Democracia\u00bb, Dijo, Dirigiendo la Mirada A los Diputados de Alternativa para Alemania. \u00abLa Afd es un Partido que Evervenena Corazones, Que Siembra Odio y Agitaci\u00f3n\u00bb, Agreg\u00f3 Wanderwitz.<\/p>\n<p>La Socialdem\u00f3crata Carmen Wegge (SPD) Acus\u00f3 a la Afd de V\u00ednculos Con Grupos Terroristas y disputos a USAR la Violencia. Mencion\u00f3 Tambi\u00e9n un Encuentro Con El Austriace de Extreme Derecha Martin Sellner, del Que se Supo A Comienzos de 2024. El Tema Tratado Esa Vez en Potsdam Fue la Deportaci\u00f3n\u00f3n Masiva de Personas de Origen ExtranJero. Varios Pol\u00cdticos de la Afd Tomaron parte, incluyendo un Colaborador del despacho de Alice Weidel, Quien desespu\u00e9s lo despidi\u00f3. Entretanto, Ella se convirti\u00f3 en Jefa del Partido y Candidata un c\u00e1ncillador.<\/p>\n<p><span data-slot-id=\"Article_InContent-1\" class=\"rich-text-ad\"\/><\/p>\n<h2>Argumentos en pro y en contra<\/h2>\n<p>El liberal Konstantin Kuhle (FDP) Dijo que hab\u00eda gente de extrema derecha entre los funcionario y votantes de la afd. Sin obst\u00e1culo, Agreg\u00f3 que la bancada liberal no apoya una prohibici\u00f3n, argumento -ando: \u00abEntre los que Hoy votan por la afd, Hay gente que quema m\u00e1s o el control en la pol\u00edta migratoria. Y hijo preocupativo leg\u00edtimas\u00bb. Adem\u00e1s, Plante\u00f3 que Cada Vez M\u00e1s Personas Se Alejan de las Instituciones de la Democracia Liberal. \u00abProhibir la Afd Reforzar\u00eda Esta Tendencia\u00bb, Opin\u00f3 Kuhle.<\/p>\n<p>La DiPutada de Los Verdes Renate K\u00fcnast acus\u00f3 a la Afd de Ridiculizar las Bases del orden dem\u00f3crata liberal y de Querer destruyir el pa\u00eds con desinformaci\u00f3n. Por Su parte, Su Correligionaria Ricarda Lang Critic\u00f3 A Democristianos (Cdu) y SocialCristianos (CSU) Por Haber ACTADO QUE, EN LA V\u00cdSPERA, SE APROBARA UNA MOCON\u00d3N UN FEVOR DE UNA POL\u00cdTICA MIGRATORIA M\u00c1S ESTRICTA CON LOS VOTOS DE LA AFD. <\/p>\n<h2>Un \u00abRegalo para La Campa\u00f1a Electoral\u00bb<\/h2>\n<p>Desde el Punto de Vista de la Afd, El debate Sobre la Prohibici\u00f3n no es m\u00e1s que una maniobra distractiva. Su Diputado Peter Boehringer Afirm\u00f3 Que, Desde 2018, Los Han puesto en la Mira del Servicio de Inteligencia \u00abCon El \u00fanico Objetivo de Tacharnos de extremistas con argumentos pseudojur\u00eddicos y ahora inclusi\u00f3n Buscando una prohibici\u00e1n\u00bb. PERO ESO fracasar\u00e1, Seg\u00fan Boehringer. El Servicio de Inteligencia HA Nacional Catalogado de Exma Derecha A Partes de la Afd.<\/p>\n<p>La Bancada Cristianodem\u00f3crata (CDU) se Opone Mayoritarriteriamme A Pedir La Prohibici\u00f3n. El DiPutado Philipp Amthor Explic\u00f3 que se Teme un fracaso de la iniciativa en el tribunal constitucional, tras lo cual la afd podr\u00eda arrogarse un sello dem\u00f3crata que no corresponda.<\/p>\n<p>Por su parte, Jessica Tatti, de la Alianza Sahra Wagenknecht (BSW, Un Partido Escindido de la Izquierda), Advirti\u00f3: \u00abNo hay lo que jur\u00eddicamento posible, es tambi\u00e9n pol\u00cdticamete Astuto. Est\u00e9 debate, de pores, de pores Que un Regalo para la Campa\u00f1a Electoral de la Afd \u00ab.<\/p>\n<p>(ERS\/RML)<\/p>\n<\/div>\n\n","protected":false},"excerpt":{"rendered":"<p>El Parlamento Alem\u00e1n Tiene 733 Integrantes. 124 de Ellos, de Diversas Bancadas, Est\u00e1n Un favor del abogado Al M\u00e1ximo Tribunal del Pa\u00eds que se proh\u00edba el Partido alternativa para Alemania (AFD). Hen Tres \u00d3rganos Estatales que Podr\u00eda Plantear Semejante Solicitud: El Bundestag (C\u00e1mara Baja del Parlamento), El Bundesrat (La C\u00e1mara Alta, Que Re\u00dane A Los &hellip;<\/p>\n","protected":false},"author":1,"featured_media":12752,"comment_status":"open","ping_status":"open","sticky":false,"template":"","format":"standard","meta":{"fifu_image_url":"https:\/\/static.dw.com\/image\/68043283_6.jpg","fifu_image_alt":"","footnotes":""},"categories":[13],"tags":[],"class_list":["post-12751","post","type-post","status-publish","format-standard","has-post-thumbnail","","category-mundo"],"_links":{"self":[{"href":"https:\/\/noticiasveraces.com\/index.php?rest_route=\/wp\/v2\/posts\/12751","targetHints":{"allow":["GET"]}}],"collection":[{"href":"https:\/\/noticiasveraces.com\/index.php?rest_route=\/wp\/v2\/posts"}],"about":[{"href":"https:\/\/noticiasveraces.com\/index.php?rest_route=\/wp\/v2\/types\/post"}],"author":[{"embeddable":true,"href":"https:\/\/noticiasveraces.com\/index.php?rest_route=\/wp\/v2\/users\/1"}],"replies":[{"embeddable":true,"href":"https:\/\/noticiasveraces.com\/index.php?rest_route=%2Fwp%2Fv2%2Fcomments&post=12751"}],"version-history":[{"count":0,"href":"https:\/\/noticiasveraces.com\/index.php?rest_route=\/wp\/v2\/posts\/12751\/revisions"}],"wp:featuredmedia":[{"embeddable":true,"href":"https:\/\/noticiasveraces.com\/index.php?rest_route=\/wp\/v2\/media\/12752"}],"wp:attachment":[{"href":"https:\/\/noticiasveraces.com\/index.php?rest_route=%2Fwp%2Fv2%2Fmedia&parent=12751"}],"wp:term":[{"taxonomy":"category","embeddable":true,"href":"https:\/\/noticiasveraces.com\/index.php?rest_route=%2Fwp%2Fv2%2Fcategories&post=12751"},{"taxonomy":"post_tag","embeddable":true,"href":"https:\/\/noticiasveraces.com\/index.php?rest_route=%2Fwp%2Fv2%2Ftags&post=12751"}],"curies":[{"name":"wp","href":"https:\/\/api.w.org\/{rel}","templated":true}]}}