{"id":12749,"date":"2025-01-31T20:50:11","date_gmt":"2025-02-01T00:50:11","guid":{"rendered":"https:\/\/noticiasveraces.com\/?p=12749"},"modified":"2025-01-31T20:50:11","modified_gmt":"2025-02-01T00:50:11","slug":"donald-trump-dice-que-impondra-aranceles-a-la-ue-dw-31-01-2025","status":"publish","type":"post","link":"https:\/\/noticiasveraces.com\/?p=12749","title":{"rendered":"Donald Trump Dice que impondr\u00e1 aranceles a la UE &#8211; DW &#8211; 31\/01\/2025"},"content":{"rendered":"<p> \n<\/p>\n<div>\n<p>El Presidente de Estados Unidos, Donald Trump, Dijo El Viernes (31.01.2025) que impondr\u00e1 aranceles a la Uni\u00f3n Europea, A\u00f1adiendo que la ue no ha tratado bien a Estados Unidos. \u00ab\u00bfVoy un imponente Aranceles a la Uni\u00f3n Europea? \u00bfQuieren la Respuesta Sincera o Les Doy una Respesta Pol\u00cdticamete correcto? \u00abNos Tratan Mal Mal. No Aceptan Nuestros Coches, No Aceptan Nuestros Productos Agr\u00edcolas, Esencialmento No Aceptan Casi Nada, Y Tenemos Uns enorme D\u00e9ficit Con la Uni\u00f3n Europea. As\u00ed Haremos Algo Muy IMPORTANTE CON LA UE, VAMOS A EQUILIBRAR LA BALANZA\u00bb, AS\u00cd ALGOMOS ALGO MUY IMPORTANTE. A\u00f1adi\u00f3 el Gobernante.<\/p>\n<p>Poco Antes, La Portavoz de la Casa Blanca, Karoline Leavitt, Confirm\u00f3 la Aplicacia A Partir de Ma\u00f1ana de Un Arancel General del 25% A M\u00e9xico y Canad\u00e1, del 10%, una China. Trump A\u00f1adi\u00f3 Ahora Que, un Partir del 18 de Febero, Los Aranceles Afectar\u00e1n Tambi\u00e9n al Petr\u00f3leo y Gas de Canad\u00e1 y M\u00e9xico. El Presidente Republicano DiJo que no le preocupaba la reacci\u00f3n Inicial de los mercados financieros a sus planos de imponente aranceles el 1 de febrero. Y admitir que los Costos de los Aranceles a Veces se Trasladan A Los Consumidores v\u00eda aumento de precios, por lo que podr\u00eda causar una perturbaci\u00f3n a una plazo de cortos.<\/p>\n<p>Trump Ya Hab\u00eda Amenazado Previamente Con Aranceles Contra La Ue Tras Asumir El Cargo El 20 de Enero, DiDook que Sus Pa\u00edses Tienen Preocupantes Super\u00e1vits Comerciales con Estados Unidos.<\/p>\n<p><span data-slot-id=\"Article_InContent-1\" class=\"rich-text-ad\"\/><\/p>\n<h2>Alemania Pagar\u00eda un \u00abAlto precio\u00bb, Seg\u00fan Hab\u00eda Dicho Habeck<\/h2>\n<p>Al Presentar El Informe Econ\u00f3mico Anual Del Gobierno Alem\u00e1n para 2025 El Pasado Mi\u00e9rcoles, El Ministro de Finanzas Alem\u00e1n, Robert Habeck, Apel\u00f3 a la Unidad Europea para el Casa en Que Estados Unidos Impusiera Aranceles. Y es que alemania es el pa\u00eds de la u que alcalde super\u00e1vit comercial tiene con estados unidos. \u00abDependeremos Absolutamento de la Solidaridad de los Dem\u00e1s Pa\u00edses Europeos. Si nos Dejan Colgados, Si Europa no Act\u00faa Unida, Entonces La Econom\u00eda Alemana, Entones Alemania Pagar\u00e1 un Alto\u00bb, dijo.<\/p>\n<p>El Ministro Franc\u00e9s de Exteriores, Jean-No\u00ebl Barrot, SE Refiri\u00f3 Tambi\u00e9n Este Martes a la Posibilidad de Que Estados Unidos impusiera aranceles. En una Entrevista a la emisora \u200b\u200bde Radio Sud Radio, Barrot Record\u00f3 que \u00abEstados Unidos Tiene TODO QUE PERDER DE UNA GUERRA Comercial\u00bb Y que si Bien los Europeos Venden Mucho M\u00e1s A ee. Uu. Que a la Inversa, Estados Unidos Invierte m\u00e1s en la Ue que los Europeos en ee. Uu.<\/p>\n<p>LGC (RTR, AFP, EFE)<\/p>\n<\/div>\n\n","protected":false},"excerpt":{"rendered":"<p>El Presidente de Estados Unidos, Donald Trump, Dijo El Viernes (31.01.2025) que impondr\u00e1 aranceles a la Uni\u00f3n Europea, A\u00f1adiendo que la ue no ha tratado bien a Estados Unidos. \u00ab\u00bfVoy un imponente Aranceles a la Uni\u00f3n Europea? \u00bfQuieren la Respuesta Sincera o Les Doy una Respesta Pol\u00cdticamete correcto? \u00abNos Tratan Mal Mal. No Aceptan Nuestros &hellip;<\/p>\n","protected":false},"author":1,"featured_media":12750,"comment_status":"open","ping_status":"open","sticky":false,"template":"","format":"standard","meta":{"fifu_image_url":"https:\/\/static.dw.com\/image\/71478524_6.jpg","fifu_image_alt":"","footnotes":""},"categories":[13],"tags":[],"class_list":["post-12749","post","type-post","status-publish","format-standard","has-post-thumbnail","","category-mundo"],"_links":{"self":[{"href":"https:\/\/noticiasveraces.com\/index.php?rest_route=\/wp\/v2\/posts\/12749","targetHints":{"allow":["GET"]}}],"collection":[{"href":"https:\/\/noticiasveraces.com\/index.php?rest_route=\/wp\/v2\/posts"}],"about":[{"href":"https:\/\/noticiasveraces.com\/index.php?rest_route=\/wp\/v2\/types\/post"}],"author":[{"embeddable":true,"href":"https:\/\/noticiasveraces.com\/index.php?rest_route=\/wp\/v2\/users\/1"}],"replies":[{"embeddable":true,"href":"https:\/\/noticiasveraces.com\/index.php?rest_route=%2Fwp%2Fv2%2Fcomments&post=12749"}],"version-history":[{"count":0,"href":"https:\/\/noticiasveraces.com\/index.php?rest_route=\/wp\/v2\/posts\/12749\/revisions"}],"wp:featuredmedia":[{"embeddable":true,"href":"https:\/\/noticiasveraces.com\/index.php?rest_route=\/wp\/v2\/media\/12750"}],"wp:attachment":[{"href":"https:\/\/noticiasveraces.com\/index.php?rest_route=%2Fwp%2Fv2%2Fmedia&parent=12749"}],"wp:term":[{"taxonomy":"category","embeddable":true,"href":"https:\/\/noticiasveraces.com\/index.php?rest_route=%2Fwp%2Fv2%2Fcategories&post=12749"},{"taxonomy":"post_tag","embeddable":true,"href":"https:\/\/noticiasveraces.com\/index.php?rest_route=%2Fwp%2Fv2%2Ftags&post=12749"}],"curies":[{"name":"wp","href":"https:\/\/api.w.org\/{rel}","templated":true}]}}