{"id":12740,"date":"2025-01-31T19:45:09","date_gmt":"2025-01-31T23:45:09","guid":{"rendered":"https:\/\/noticiasveraces.com\/?p=12740"},"modified":"2025-01-31T19:45:09","modified_gmt":"2025-01-31T23:45:09","slug":"la-policia-holandesa-arresta-a-tres-sospechosos-despues-del-robo-de-un-casco-dorado-invaluable-de-rumania","status":"publish","type":"post","link":"https:\/\/noticiasveraces.com\/?p=12740","title":{"rendered":"La polic\u00eda holandesa arresta a tres sospechosos despu\u00e9s del robo de un casco dorado invaluable de Rumania"},"content":{"rendered":"<p> \n<\/p>\n<div>\n<p class=\"speakable\">Las autoridades holandesas arrestaron el mi\u00e9rcoles a tres sospechosos despu\u00e9s del robo de un antiguo casco dorado invaluable que se considera un \u00edcono cultural de Rumania y se hab\u00eda exhibido en un peque\u00f1o museo de los Pa\u00edses Bajos. No hab\u00eda se\u00f1ales de que el intrincado casco que data de unos 2.500 a\u00f1os hubiera sido recuperado.<\/p>\n<p class=\"speakable\">El robo del casco y tres pulseras doradas tambi\u00e9n en exhibici\u00f3n enviaron ondas de choque a trav\u00e9s del mundo del arte, y las devastadas autoridades rumanas que pensaron que estaban prestando los art\u00edculos a una naci\u00f3n donde la seguridad para los museos era primordial.<\/p>\n<p><strong>El rey holand\u00e9s jura en un nuevo gobierno 7 meses despu\u00e9s de las elecciones<\/strong><\/p>\n<p>La polic\u00eda holandesa dijo en un comunicado que los sospechosos estaban siendo interrogados y que \u00abno se excluyen m\u00e1s arrestos\u00bb. No elaboraron.<\/p>\n<div class=\"image-ct inline\">\n<div class=\"m\"><picture><source media=\"(max-width: 767px)\" srcset=\"https:\/\/a57.foxnews.com\/static.foxnews.com\/foxnews.com\/content\/uploads\/2025\/01\/343\/192\/dutch-helmet.jpg?ve=1&amp;tl=1, https:\/\/a57.foxnews.com\/static.foxnews.com\/foxnews.com\/content\/uploads\/2025\/01\/686\/384\/dutch-helmet.jpg?ve=1&amp;tl=1 2x\" height=\"192\" width=\"343\"><source media=\"(min-width: 768px) and (max-width: 1023px)\" srcset=\"https:\/\/a57.foxnews.com\/static.foxnews.com\/foxnews.com\/content\/uploads\/2025\/01\/672\/378\/dutch-helmet.jpg?ve=1&amp;tl=1, https:\/\/a57.foxnews.com\/static.foxnews.com\/foxnews.com\/content\/uploads\/2025\/01\/1344\/756\/dutch-helmet.jpg?ve=1&amp;tl=1 2x\" height=\"378\" width=\"672\"><source media=\"(min-width: 1024px) and (max-width: 1279px)\" srcset=\"https:\/\/a57.foxnews.com\/static.foxnews.com\/foxnews.com\/content\/uploads\/2025\/01\/931\/523\/dutch-helmet.jpg?ve=1&amp;tl=1, https:\/\/a57.foxnews.com\/static.foxnews.com\/foxnews.com\/content\/uploads\/2025\/01\/1862\/1046\/dutch-helmet.jpg?ve=1&amp;tl=1 2x\" height=\"523\" width=\"931\"><source media=\"(min-width: 1280px)\" srcset=\"https:\/\/a57.foxnews.com\/static.foxnews.com\/foxnews.com\/content\/uploads\/2025\/01\/720\/405\/dutch-helmet.jpg?ve=1&amp;tl=1, https:\/\/a57.foxnews.com\/static.foxnews.com\/foxnews.com\/content\/uploads\/2025\/01\/1440\/810\/dutch-helmet.jpg?ve=1&amp;tl=1 2x\" height=\"405\" width=\"720\"><img loading=\"lazy\" decoding=\"async\" src=\"https:\/\/a57.foxnews.com\/static.foxnews.com\/foxnews.com\/content\/uploads\/2025\/01\/1200\/675\/dutch-helmet.jpg?ve=1&amp;tl=1\" alt=\"Pelo de arte de los Pa\u00edses Bajos\" width=\"1200\" height=\"675\"\/><\/source><\/source><\/source><\/source><\/picture><\/div>\n<div class=\"info\">\n<div class=\"caption\">\n<p><span>Esta imagen sin fecha proporcionada por el Museo Drents muestra el casco dorado de Cotofenesti.<\/span> <span>(Museo de drentos a trav\u00e9s de AP)<\/span><\/p>\n<\/div>\n<\/div>\n<\/div>\n<p>Dio un rayo de esperanza al Museo Drents, que ha sido criticado, especialmente de Rumania, por no aplicar suficiente seguridad.<\/p>\n<p>\u00abEstamos esperando mayores desarrollos con la respiraci\u00f3n contenida. La recuperaci\u00f3n sin da\u00f1os ser\u00eda, para todos, un siguiente paso fant\u00e1stico. No solo para nosotros, sino tambi\u00e9n para la poblaci\u00f3n rumana\u00bb, dijo el museo en un comunicado.<\/p>\n<p>El casco de Cotofenesti es los tesoros nacionales m\u00e1s venerados de Rumania de la civilizaci\u00f3n de Dacia. Estaba en exhibici\u00f3n el \u00faltimo fin de semana de un per\u00edodo de seis meses cuando fue robado.<\/p>\n<p>El presidente rumano, Klaus Iohannis, calific\u00f3 los artefactos de \u00abimportancia cultural e hist\u00f3rica excepcional\u00bb para la herencia e identidad rumana, y que su desaparici\u00f3n tuvo \u00abun fuerte impacto emocional y simb\u00f3lico en la sociedad\u00bb.<\/p>\n<p><strong><u>Haga clic aqu\u00ed para obtener la aplicaci\u00f3n Fox News<\/u><\/strong><\/p>\n<p>Era un atraco que \u00abincluso en nuestros sue\u00f1os m\u00e1s pesimistas, no hubi\u00e9ramos cre\u00eddo posible\u00bb, dijo el director del Museo Nacional de Historia de Rumania, Ernest Oberlander-Tarnoveanu.<\/p>\n<p>La fama del casco y la dram\u00e1tica apariencia con tachuelas significan que nunca podr\u00eda venderse f\u00e1cilmente, lo que aumenta los temores de los ladrones despu\u00e9s del oro. Pero derretirlo reducir\u00eda el valor cultural e hist\u00f3rico del tesoro. El oro se encuentra en aproximadamente 85,000 euros ($ 89,000) por kilo, y se estima que el casco pesa un poco menos que eso.<\/p>\n<p> <!----> <!----><\/div>\n\n","protected":false},"excerpt":{"rendered":"<p>Las autoridades holandesas arrestaron el mi\u00e9rcoles a tres sospechosos despu\u00e9s del robo de un antiguo casco dorado invaluable que se considera un \u00edcono cultural de Rumania y se hab\u00eda exhibido en un peque\u00f1o museo de los Pa\u00edses Bajos. No hab\u00eda se\u00f1ales de que el intrincado casco que data de unos 2.500 a\u00f1os hubiera sido recuperado. &hellip;<\/p>\n","protected":false},"author":1,"featured_media":12742,"comment_status":"open","ping_status":"open","sticky":false,"template":"","format":"standard","meta":{"fifu_image_url":"https:\/\/static.foxnews.com\/foxnews.com\/content\/uploads\/2025\/01\/dutch-helmet.jpg","fifu_image_alt":"","footnotes":""},"categories":[13],"tags":[],"class_list":["post-12740","post","type-post","status-publish","format-standard","has-post-thumbnail","","category-mundo"],"_links":{"self":[{"href":"https:\/\/noticiasveraces.com\/index.php?rest_route=\/wp\/v2\/posts\/12740","targetHints":{"allow":["GET"]}}],"collection":[{"href":"https:\/\/noticiasveraces.com\/index.php?rest_route=\/wp\/v2\/posts"}],"about":[{"href":"https:\/\/noticiasveraces.com\/index.php?rest_route=\/wp\/v2\/types\/post"}],"author":[{"embeddable":true,"href":"https:\/\/noticiasveraces.com\/index.php?rest_route=\/wp\/v2\/users\/1"}],"replies":[{"embeddable":true,"href":"https:\/\/noticiasveraces.com\/index.php?rest_route=%2Fwp%2Fv2%2Fcomments&post=12740"}],"version-history":[{"count":0,"href":"https:\/\/noticiasveraces.com\/index.php?rest_route=\/wp\/v2\/posts\/12740\/revisions"}],"wp:featuredmedia":[{"embeddable":true,"href":"https:\/\/noticiasveraces.com\/index.php?rest_route=\/wp\/v2\/media\/12742"}],"wp:attachment":[{"href":"https:\/\/noticiasveraces.com\/index.php?rest_route=%2Fwp%2Fv2%2Fmedia&parent=12740"}],"wp:term":[{"taxonomy":"category","embeddable":true,"href":"https:\/\/noticiasveraces.com\/index.php?rest_route=%2Fwp%2Fv2%2Fcategories&post=12740"},{"taxonomy":"post_tag","embeddable":true,"href":"https:\/\/noticiasveraces.com\/index.php?rest_route=%2Fwp%2Fv2%2Ftags&post=12740"}],"curies":[{"name":"wp","href":"https:\/\/api.w.org\/{rel}","templated":true}]}}