{"id":12737,"date":"2025-01-31T18:40:09","date_gmt":"2025-01-31T22:40:09","guid":{"rendered":"https:\/\/noticiasveraces.com\/?p=12737"},"modified":"2025-01-31T18:40:09","modified_gmt":"2025-01-31T22:40:09","slug":"serbia-sacudida-por-protestas-anticorrupcion-despues-de-la-tragedia-de-la-construccion","status":"publish","type":"post","link":"https:\/\/noticiasveraces.com\/?p=12737","title":{"rendered":"Serbia sacudida por protestas anticorrupci\u00f3n despu\u00e9s de la tragedia de la construcci\u00f3n"},"content":{"rendered":"<p> \n<\/p>\n<div>\n<div class=\"article-gating gated-overlay\">\n<div class=\"article-gating-wrapper\">\n<p>\u00danase a Fox News para acceder a este contenido<\/p>\n<p>Adem\u00e1s de acceso especial a art\u00edculos seleccionados y otro contenido premium con su cuenta, de forma gratuita.<\/p>\n<div class=\"article-gating-legal tablet-desktop\">Al ingresar su correo electr\u00f3nico y presionar continuar, usted acepta los t\u00e9rminos de uso y la pol\u00edtica de privacidad de Fox News, que incluye nuestro aviso de incentivo financiero.\n    <\/div>\n<p><span>Por favor, introduce una direcci\u00f3n de correo electr\u00f3nico v\u00e1lida.<\/span><\/p>\n<footer class=\"article-gating-footer\">\u00bfTiene problemas? Haga clic aqu\u00ed.<\/footer>\n<\/div>\n<\/div>\n<p class=\"speakable\">Las protestas masivas han sacudido a Serbia durante meses a medida que los manifestantes exigen justicia y responsabilidad despu\u00e9s de la muerte de 15 personas en el colapso de una estaci\u00f3n de ferrocarril.<\/p>\n<p class=\"speakable\">Decenas de miles de estudiantes universitarios han estado marchando durante casi tres meses exigiendo que los responsables de la calamidad sean responsables y procesados \u200b\u200ben consecuencia. El dosel en la estaci\u00f3n de tren se derrumb\u00f3 el 1 de noviembre despu\u00e9s de renovaciones dirigidas por dos compa\u00f1\u00edas chinas. <\/p>\n<p>Se llam\u00f3 a una huelga general la semana pasada, y muchos cancelaron el trabajo mientras las personas bloqueaban las calles principales en Belgrado y ocupaban los campus universitarios en solidaridad con los j\u00f3venes manifestantes. <\/p>\n<p>\u00abHe trabajado en los Balcanes durante 30 a\u00f1os, y nunca he visto algo como esto\u00bb, dijo a Fox News Digital, profesora, profesora del Instituto Harriman de la Universidad de Columbia.<\/p>\n<p><strong>Kosovo acusa a Serbia de &#8216;ataque terrorista&#8217; que se asemeja a las acciones rusas en Ucrania<\/strong><\/p>\n<div class=\"image-ct inline\">\n<div class=\"m\"><picture><source media=\"(max-width: 767px)\" srcset=\"https:\/\/a57.foxnews.com\/static.foxnews.com\/foxnews.com\/content\/uploads\/2025\/01\/343\/192\/ap25030490198751-scaled.jpg?ve=1&amp;tl=1, https:\/\/a57.foxnews.com\/static.foxnews.com\/foxnews.com\/content\/uploads\/2025\/01\/686\/384\/ap25030490198751-scaled.jpg?ve=1&amp;tl=1 2x\" height=\"192\" width=\"343\"><source media=\"(min-width: 768px) and (max-width: 1023px)\" srcset=\"https:\/\/a57.foxnews.com\/static.foxnews.com\/foxnews.com\/content\/uploads\/2025\/01\/672\/378\/ap25030490198751-scaled.jpg?ve=1&amp;tl=1, https:\/\/a57.foxnews.com\/static.foxnews.com\/foxnews.com\/content\/uploads\/2025\/01\/1344\/756\/ap25030490198751-scaled.jpg?ve=1&amp;tl=1 2x\" height=\"378\" width=\"672\"><source media=\"(min-width: 1024px) and (max-width: 1279px)\" srcset=\"https:\/\/a57.foxnews.com\/static.foxnews.com\/foxnews.com\/content\/uploads\/2025\/01\/931\/523\/ap25030490198751-scaled.jpg?ve=1&amp;tl=1, https:\/\/a57.foxnews.com\/static.foxnews.com\/foxnews.com\/content\/uploads\/2025\/01\/1862\/1046\/ap25030490198751-scaled.jpg?ve=1&amp;tl=1 2x\" height=\"523\" width=\"931\"><source media=\"(min-width: 1280px)\" srcset=\"https:\/\/a57.foxnews.com\/static.foxnews.com\/foxnews.com\/content\/uploads\/2025\/01\/720\/405\/ap25030490198751-scaled.jpg?ve=1&amp;tl=1, https:\/\/a57.foxnews.com\/static.foxnews.com\/foxnews.com\/content\/uploads\/2025\/01\/1440\/810\/ap25030490198751-scaled.jpg?ve=1&amp;tl=1 2x\" height=\"405\" width=\"720\"><img loading=\"lazy\" decoding=\"async\" src=\"https:\/\/a57.foxnews.com\/static.foxnews.com\/foxnews.com\/content\/uploads\/2025\/01\/1200\/675\/ap25030490198751-scaled.jpg?ve=1&amp;tl=1\" alt=\"ESTUDIANTES manifestantes en Serbia\" width=\"1200\" height=\"675\"\/><\/source><\/source><\/source><\/source><\/picture><\/div>\n<div class=\"info\">\n<div class=\"caption\">\n<p><span>Los estudiantes caminan hacia la ciudad norte\u00f1a de Novi Sad, cerca del suburbio belgrado de Batajnica, Serbia, el jueves 30 de enero de 2025, donde participar\u00e1n en un bloqueo de 24 horas de tres puentes para protestar por las muertes de 15 personas muertas en el Colapso de noviembre de un dosel de la estaci\u00f3n de tren.<\/span> <span>(AP Photo\/Darko Vojinovic)<\/span><\/p>\n<\/div>\n<\/div>\n<\/div>\n<p>Con protestas que no muestran signos de disipaci\u00f3n, el primer ministro serbio, Milos Vucevic, anunci\u00f3 su renuncia, y el alcalde de Novi Sad, la ciudad donde ocurri\u00f3 la tragedia, tambi\u00e9n renunci\u00f3.<\/p>\n<p>\u00abLas protestas ya derribaron dos cueros cabelludos, y creo que est\u00e1n por venir m\u00e1s\u00bb, dijo Domi.<\/p>\n<p>La renuncia del primer ministro lo convirti\u00f3 en el mejor funcionario del r\u00e9gimen en renunciar, pero no ha sofocado el levantamiento. Las protestas masivas continuaron estallando en Belgrado y en todo el pa\u00eds.<\/p>\n<p>\u00abLa renuncia del primer ministro simplemente no es suficiente\u00bb, dijo Helena Ivanov, miembro principal del Instituto Henry Jackson, a Fox News Digital. <\/p>\n<p>Ivanov dijo que los manifestantes liderados por los estudiantes han definido claramente los objetivos, incluida la plena transparencia sobre el proceso que condujo al colapso y responsabiliza a los responsables por la p\u00e9rdida de vidas.<\/p>\n<p>Hasta ahora, el gobierno no ha sido claro e intent\u00f3 evadir el escrutinio minimizando la culpabilidad del gobierno. Al principio, el gobierno trat\u00f3 de ignorar las protestas, luego comenz\u00f3 a usar la fuerza y \u200b\u200bacus\u00f3 a las protestas de ser infiltradas por agitadores extranjeros. Algunos observadores se quejan de que el incumplimiento del gobierno v\u00facico de actuar y proporcionar respuestas claras al p\u00fablico es end\u00e9mico de la corre de corrupci\u00f3n institucional principal de Serbia.<\/p>\n<p><strong>Zelenskyy advierte que Rusia quiere causar &#8216;explosi\u00f3n&#8217; en los Balcanes<\/strong><\/p>\n<p>\u00abPara los manifestantes, el colapso del dosel de la estaci\u00f3n de tren de Novi Sad no puede tratarse como un incidente y un evento aislado, sino m\u00e1s bien como un s\u00edntoma de negligencia m\u00e1s generalizada y corrupci\u00f3n sist\u00e9mica que precipit\u00f3 a esta tragedia\u00bb, Directora de Sinisa Vukovic del Programa de Pol\u00edticas Globales de Johns en Johns At Johns. Universidad de Hopkins, dijo a Fox News Digital.<\/p>\n<p>La renuncia sin precedentes del primer ministro deja al gobierno en flujo. El pa\u00eds ver\u00e1 a un nuevo primer ministro y un gobierno formados dentro de los 30 d\u00edas o enfrentar\u00e1 las elecciones a las instant\u00e1neas. Sin embargo, el presidente serbio Aleksandar Vucic se dirigi\u00f3 a la naci\u00f3n y dijo que decidir\u00e1 en los pr\u00f3ximos 10 d\u00edas si Serbia enfrenta una elecci\u00f3n r\u00e1pida.<\/p>\n<div class=\"image-ct inline\">\n<div class=\"m\"><picture><source media=\"(max-width: 767px)\" srcset=\"https:\/\/a57.foxnews.com\/static.foxnews.com\/foxnews.com\/content\/uploads\/2023\/07\/343\/192\/Presidents.jpg?ve=1&amp;tl=1, https:\/\/a57.foxnews.com\/static.foxnews.com\/foxnews.com\/content\/uploads\/2023\/07\/686\/384\/Presidents.jpg?ve=1&amp;tl=1 2x\" height=\"192\" width=\"343\"><source media=\"(min-width: 768px) and (max-width: 1023px)\" srcset=\"https:\/\/a57.foxnews.com\/static.foxnews.com\/foxnews.com\/content\/uploads\/2023\/07\/672\/378\/Presidents.jpg?ve=1&amp;tl=1, https:\/\/a57.foxnews.com\/static.foxnews.com\/foxnews.com\/content\/uploads\/2023\/07\/1344\/756\/Presidents.jpg?ve=1&amp;tl=1 2x\" height=\"378\" width=\"672\"><source media=\"(min-width: 1024px) and (max-width: 1279px)\" srcset=\"https:\/\/a57.foxnews.com\/static.foxnews.com\/foxnews.com\/content\/uploads\/2023\/07\/931\/523\/Presidents.jpg?ve=1&amp;tl=1, https:\/\/a57.foxnews.com\/static.foxnews.com\/foxnews.com\/content\/uploads\/2023\/07\/1862\/1046\/Presidents.jpg?ve=1&amp;tl=1 2x\" height=\"523\" width=\"931\"><source media=\"(min-width: 1280px)\" srcset=\"https:\/\/a57.foxnews.com\/static.foxnews.com\/foxnews.com\/content\/uploads\/2023\/07\/720\/405\/Presidents.jpg?ve=1&amp;tl=1, https:\/\/a57.foxnews.com\/static.foxnews.com\/foxnews.com\/content\/uploads\/2023\/07\/1440\/810\/Presidents.jpg?ve=1&amp;tl=1 2x\" height=\"405\" width=\"720\"><img loading=\"lazy\" decoding=\"async\" src=\"https:\/\/a57.foxnews.com\/static.foxnews.com\/foxnews.com\/content\/uploads\/2023\/07\/1200\/675\/Presidents.jpg?ve=1&amp;tl=1\" alt=\"El presidente de Montenegro, Jakov Milatovic\" width=\"1200\" height=\"675\"\/><\/source><\/source><\/source><\/source><\/picture><\/div>\n<div class=\"info\">\n<div class=\"caption\">\n<p><span>El presidente de Montenegro, Jakov Milatovic, a la izquierda, se da la mano con su hom\u00f3logo serbio Aleksandar Vucic en el Palacio de Serbia en Belgrado, Serbia, 10 de julio de 2023.<\/span> <span>(AP Photo\/Darko Vojinovic)<\/span><\/p>\n<\/div>\n<\/div>\n<\/div>\n<p>\u00abEste es un desaf\u00edo leg\u00edtimo para el gobierno de Vucic y el mayor desaf\u00edo que el presidente y su partido han enfrentado en los 13 a\u00f1os de su gobierno\u00bb, agreg\u00f3 Ivanov. <\/p>\n<p>El ministro de Relaciones Exteriores de Serbia, Marko Djuric, dijo el compromiso de Fox News Digital Serbia con la estabilidad, la reforma y el crecimiento continuo permanecen sin cambios. El ministro de Relaciones Exteriores dijo: \u00abEstamos escuchando, estamos aprendiendo y estamos decididos a garantizar que Serbia avance en su camino de desarrollo econ\u00f3mico y democr\u00e1tico\u00bb.<\/p>\n<p>Las protestas son las m\u00e1s dif\u00edciles de manejar desde la perspectiva del gobierno y el presidente, se\u00f1al\u00f3 Ivanov. Los estudiantes se han distanciado del partido de la oposici\u00f3n, que no tiene un amplio apoyo del p\u00fablico y generalmente se considera d\u00e9bil e ineficaz. <\/p>\n<p><strong>Serbia, atrapada entre Europa y Rusia, podr\u00eda acercarse un paso a la normalizaci\u00f3n de las relaciones con Kosovo<\/strong><\/p>\n<p>Los estudiantes de todo el pa\u00eds dicen que esta es su lucha, no la oposici\u00f3n pol\u00edtica impopular, lo que lleva a una mayor demostraci\u00f3n de fuerza entre la poblaci\u00f3n. <\/p>\n<p>\u00abDespu\u00e9s de 13 a\u00f1os de una persona que domina la pol\u00edtica serbia y 13 a\u00f1os de instituciones gubernamentales muy importantes que no hacen su trabajo, el mensaje clave de estas protestas es que esperamos que estas instituciones hagan bien su trabajo\u00bb, dijo Ivanov.<\/p>\n<p>Las fuerzas de seguridad comenzaron a suprimir las protestas, lo que exacerb\u00f3 a\u00fan m\u00e1s las tensiones y motiv\u00f3 a m\u00e1s personas a unirse a las protestas.<\/p>\n<div class=\"image-ct inline\">\n<div class=\"m\"><picture><source media=\"(max-width: 767px)\" srcset=\"https:\/\/a57.foxnews.com\/static.foxnews.com\/foxnews.com\/content\/uploads\/2024\/05\/343\/192\/Serbia-Government.jpg?ve=1&amp;tl=1, https:\/\/a57.foxnews.com\/static.foxnews.com\/foxnews.com\/content\/uploads\/2024\/05\/686\/384\/Serbia-Government.jpg?ve=1&amp;tl=1 2x\" height=\"192\" width=\"343\"><source media=\"(min-width: 768px) and (max-width: 1023px)\" srcset=\"https:\/\/a57.foxnews.com\/static.foxnews.com\/foxnews.com\/content\/uploads\/2024\/05\/672\/378\/Serbia-Government.jpg?ve=1&amp;tl=1, https:\/\/a57.foxnews.com\/static.foxnews.com\/foxnews.com\/content\/uploads\/2024\/05\/1344\/756\/Serbia-Government.jpg?ve=1&amp;tl=1 2x\" height=\"378\" width=\"672\"><source media=\"(min-width: 1024px) and (max-width: 1279px)\" srcset=\"https:\/\/a57.foxnews.com\/static.foxnews.com\/foxnews.com\/content\/uploads\/2024\/05\/931\/523\/Serbia-Government.jpg?ve=1&amp;tl=1, https:\/\/a57.foxnews.com\/static.foxnews.com\/foxnews.com\/content\/uploads\/2024\/05\/1862\/1046\/Serbia-Government.jpg?ve=1&amp;tl=1 2x\" height=\"523\" width=\"931\"><source media=\"(min-width: 1280px)\" srcset=\"https:\/\/a57.foxnews.com\/static.foxnews.com\/foxnews.com\/content\/uploads\/2024\/05\/720\/405\/Serbia-Government.jpg?ve=1&amp;tl=1, https:\/\/a57.foxnews.com\/static.foxnews.com\/foxnews.com\/content\/uploads\/2024\/05\/1440\/810\/Serbia-Government.jpg?ve=1&amp;tl=1 2x\" height=\"405\" width=\"720\"><img loading=\"lazy\" decoding=\"async\" src=\"https:\/\/a57.foxnews.com\/static.foxnews.com\/foxnews.com\/content\/uploads\/2024\/05\/1200\/675\/Serbia-Government.jpg?ve=1&amp;tl=1\" alt=\"Gubernamental serbia\" width=\"1200\" height=\"675\"\/><\/source><\/source><\/source><\/source><\/picture><\/div>\n<div class=\"info\">\n<div class=\"caption\">\n<p><span>El primer ministro serbio, Milos Vucevic, renunci\u00f3 el martes en medio de crecientes protestas que barrieron a la naci\u00f3n por el colapso de un dosel de tren que mat\u00f3 a 15 personas.  <\/span> <span>(AP Photo\/Darko Vojinovic)<\/span><\/p>\n<\/div>\n<\/div>\n<\/div>\n<p><strong>Haga clic aqu\u00ed para obtener la aplicaci\u00f3n Fox News<\/strong><\/p>\n<p>Ivana Stradner, becaria de investigaci\u00f3n de la Fundaci\u00f3n para la Defensa de las Democracias, dijo a Fox News Digital que la administraci\u00f3n Trump no deber\u00eda enamorar los trucos habituales del presidente serbio Vucic de tratar de equilibrarse entre los Estados Unidos y sus adversarios. <\/p>\n<p>\u00abVucic ha permitido que las armas y las inversiones de China prosperen en Serbia. Los v\u00ednculos cercanos de Serbia con Ir\u00e1n y Rusia tambi\u00e9n est\u00e1n socavando los intereses de Estados Unidos. Su propaganda nacional retrata a los Estados Unidos como enemigos. Con amigos como Vucic, Washington no necesita enemigos\u00bb, advirti\u00f3 Stradner \u00ab, advirti\u00f3 Stradner\u00bb, advierte Stradner \u00ab. .<\/p>\n<\/div>\n\n","protected":false},"excerpt":{"rendered":"<p>\u00danase a Fox News para acceder a este contenido Adem\u00e1s de acceso especial a art\u00edculos seleccionados y otro contenido premium con su cuenta, de forma gratuita. Al ingresar su correo electr\u00f3nico y presionar continuar, usted acepta los t\u00e9rminos de uso y la pol\u00edtica de privacidad de Fox News, que incluye nuestro aviso de incentivo financiero. &hellip;<\/p>\n","protected":false},"author":1,"featured_media":12739,"comment_status":"open","ping_status":"open","sticky":false,"template":"","format":"standard","meta":{"fifu_image_url":"https:\/\/static.foxnews.com\/foxnews.com\/content\/uploads\/2025\/01\/ap25030490198751-scaled.jpg","fifu_image_alt":"","footnotes":""},"categories":[13],"tags":[],"class_list":["post-12737","post","type-post","status-publish","format-standard","has-post-thumbnail","","category-mundo"],"_links":{"self":[{"href":"https:\/\/noticiasveraces.com\/index.php?rest_route=\/wp\/v2\/posts\/12737","targetHints":{"allow":["GET"]}}],"collection":[{"href":"https:\/\/noticiasveraces.com\/index.php?rest_route=\/wp\/v2\/posts"}],"about":[{"href":"https:\/\/noticiasveraces.com\/index.php?rest_route=\/wp\/v2\/types\/post"}],"author":[{"embeddable":true,"href":"https:\/\/noticiasveraces.com\/index.php?rest_route=\/wp\/v2\/users\/1"}],"replies":[{"embeddable":true,"href":"https:\/\/noticiasveraces.com\/index.php?rest_route=%2Fwp%2Fv2%2Fcomments&post=12737"}],"version-history":[{"count":0,"href":"https:\/\/noticiasveraces.com\/index.php?rest_route=\/wp\/v2\/posts\/12737\/revisions"}],"wp:featuredmedia":[{"embeddable":true,"href":"https:\/\/noticiasveraces.com\/index.php?rest_route=\/wp\/v2\/media\/12739"}],"wp:attachment":[{"href":"https:\/\/noticiasveraces.com\/index.php?rest_route=%2Fwp%2Fv2%2Fmedia&parent=12737"}],"wp:term":[{"taxonomy":"category","embeddable":true,"href":"https:\/\/noticiasveraces.com\/index.php?rest_route=%2Fwp%2Fv2%2Fcategories&post=12737"},{"taxonomy":"post_tag","embeddable":true,"href":"https:\/\/noticiasveraces.com\/index.php?rest_route=%2Fwp%2Fv2%2Ftags&post=12737"}],"curies":[{"name":"wp","href":"https:\/\/api.w.org\/{rel}","templated":true}]}}