{"id":12734,"date":"2025-01-31T18:20:14","date_gmt":"2025-01-31T22:20:14","guid":{"rendered":"https:\/\/noticiasveraces.com\/?p=12734"},"modified":"2025-01-31T18:20:14","modified_gmt":"2025-01-31T22:20:14","slug":"los-democratas-estan-listos-para-tomar-su-primera-gran-decision-postelectoral-desde-el-escritorio-de-la-politica","status":"publish","type":"post","link":"https:\/\/noticiasveraces.com\/?p=12734","title":{"rendered":"Los dem\u00f3cratas est\u00e1n listos para tomar su primera gran decisi\u00f3n postelectoral: desde el escritorio de la pol\u00edtica"},"content":{"rendered":"<p> \n<br \/><img decoding=\"async\" src=\"https:\/\/media-cldnry.s-nbcnews.com\/image\/upload\/t_fit_1500w\/rockcms\/2024-12\/241211-ben-wikler-ken-martin-ew-354p-b6db2c.jpg\" \/><\/p>\n<div>\n<p class=\"body-graf\"><em>Bienvenido a la versi\u00f3n en l\u00ednea de <\/em><em>Del escritorio de la pol\u00edtica<\/em><em>un bolet\u00edn nocturno que le brinda el \u00faltimo informe y an\u00e1lisis del equipo de NBC News Politics de la Casa Blanca, Capitol Hill y la campa\u00f1a.<\/em><\/p>\n<p class=\"body-graf\"><em>La segunda semana del presidente Donald Trump en el cargo trajo otra avalancha de noticias que a veces se sinti\u00f3 muy similar a su ronda original en la Casa Blanca, como escribe Kristen Welker. Pero primero, cambiamos de marcha a lo que sigue para los dem\u00f3cratas, con Ben Kamisar previamente previa la carrera de este fin de semana para presidir el Partido Nacional.<\/em><\/p>\n<p class=\"body-graf\"><em>Reg\u00edstrese para recibir este bolet\u00edn en su bandeja de entrada todos los d\u00edas de la semana aqu\u00ed.<\/em><\/p>\n<p class=\"body-graf\"><em>&#8211; Adam Wollner<\/em><\/p>\n<p class=\"body-graf\"><em>Reg\u00edstrese para recibir este bolet\u00edn en su bandeja de entrada todos los d\u00edas de la semana aqu\u00ed.<\/em><\/p>\n<p class=\"body-graf\">\ud83d\udc40 <strong>Perspectiva de fin de semana:<\/strong> La Casa Blanca dijo que Trump impondr\u00eda un arancel del 25% a los bienes que llegan a los Estados Unidos desde Canad\u00e1 y M\u00e9xico y un arancel del 10% a los de China el s\u00e1bado, un movimiento que podr\u00eda aumentar los precios de los productos que llegan a los Estados Unidos desde esos pa\u00edses. . Leer m\u00e1s \u2192<\/p>\n<hr class=\"body-hori-rule\"\/>\n<h2 class=\"body-heading\"><strong>Los dem\u00f3cratas est\u00e1n listos para tomar su primera gran decisi\u00f3n postelectoral<\/strong><\/h2>\n<h3 class=\"body-heading\">Por Ben Kamisar<\/h3>\n<p class=\"body-graf\">Los dem\u00f3cratas todav\u00eda est\u00e1n sin l\u00edder despu\u00e9s de una muerte de las elecciones de 2024. Pero este fin de semana dar\u00e1n su primer paso tangible para arrastrarse hacia adelante eligiendo al pr\u00f3ximo presidente del comit\u00e9 nacional del partido. <\/p>\n<p class=\"body-graf\">Los miembros del Comit\u00e9 Nacional Dem\u00f3crata se reunir\u00e1n el s\u00e1bado en el puerto nacional, Maryland, para votar sobre un reemplazo del presidente saliente Jaime Harrison, a quien Joe Biden aprovech\u00f3 el partido durante su tiempo en el cargo.<\/p>\n<p class=\"body-graf\">El presidente de DNC entrante tomar\u00e1 las riendas de los planes de recaudaci\u00f3n de fondos, gastos y personal para una organizaci\u00f3n que gast\u00f3 apenas $ 1 mil millones en los \u00faltimos cuatro a\u00f1os. Si bien el comit\u00e9 ayuda a establecer el mensaje de los dem\u00f3cratas y puede servir como base de operaciones para un partido fuera de la Casa Blanca, quien gane el voto del s\u00e1bado estar\u00e1 m\u00e1s a cargo de establecer fundamentos para un renacimiento democr\u00e1tico que llevar al partido al poder mismo. <\/p>\n<p class=\"body-graf\">Es por eso que la carrera de DNC se ha convertido en una batalla menos por el alma del partido y m\u00e1s un debate matizado entre los principales que est\u00e1n de acuerdo mucho, y entienden que la pr\u00f3xima silla necesitar\u00e1 vadear en la parte de la fiesta. edificio en lugar de agarrar los titulares.<\/p>\n<p class=\"body-graf\"><strong>Los principales:<\/strong> Dos presidentes del Partido Estatal Democr\u00e1tico del Medio Oeste est\u00e1n promocionando el mayor apoyo de los miembros de DNC: Minnesota&#8217;s <strong>Ken Martin<\/strong> y Wisconsin&#8217;s <strong>Ben Wikler<\/strong>. <\/p>\n<p class=\"body-graf\">Martin regularmente promociona c\u00f3mo su construcci\u00f3n de partidos en Minnesota ha coincidido con una racha ininterrumpida de victorias estatales para los dem\u00f3cratas desde que se hizo cargo, en medio de las victorias republicanas en otros estados de \u00abpared azul\u00bb del medio oeste. Wikler ha acumulado infraestructura de campa\u00f1a permanente en Battleground Wisconsin y la ha promovido como modelo para el partido en todo el pa\u00eds. <\/p>\n<p class=\"body-graf\"><strong>Los otros contendientes:<\/strong> Ex gobernador de Maryland <strong>Martin O&#8217;Malley<\/strong>que se postul\u00f3 para presidente en 2016, es el \u00fanico otro candidato que promociona un apoyo significativo de los miembros de DNC. Es el \u00fanico candidato importante que ha sido elegido para un cargo p\u00fablico. Y <strong>Faiz Shakir<\/strong>un asesor desde hace mucho tiempo de Bernie Sanders, salt\u00f3 a la carrera solo unas semanas antes de las elecciones. <\/p>\n<p class=\"body-graf\"><strong>El proceso:<\/strong> Los votos de los miembros del DNC no se hacen p\u00fablicos hasta despu\u00e9s de las elecciones, dando un amplio espacio para que los miembros cambien de opini\u00f3n con anticipaci\u00f3n. Y si ning\u00fan candidato entra en la primera votaci\u00f3n con la mayor\u00eda, una multitud de din\u00e1micas podr\u00eda determinar el eventual ganador a medida que la carrera va a varias rondas de votaci\u00f3n.<\/p>\n<p class=\"body-graf\">Leer m\u00e1s de Ben \u2192<\/p>\n<p class=\"body-graf\"><strong>\ud83d\udd35 Resistencia 2.0: <\/strong>Mientras tanto, el gobernador de Illinois, JB Pritzker, est\u00e1 ofreciendo algunos de los rechazos democr\u00e1ticos m\u00e1s directos hasta el comienzo del t\u00e9rmino de Trump. Natasha Korecki presenta que est\u00e1 bloqueando a los que participaron en el ataque del 6 de enero de 2021 al capitolio de los Estados Unidos de trabajar en trabajos estatales, rechazando el intento de Trump de ofrecerles una pizarra limpia la semana pasada en una ola de indultos.<\/p>\n<hr class=\"body-hori-rule\"\/>\n<h2 class=\"body-heading\">C\u00f3mo la segunda semana de Trump recuerda a su primer mandato<\/h2>\n<h3 class=\"body-heading\">Por Kristen Welker<\/h3>\n<p class=\"body-graf\">El presidente Donald Trump enfrent\u00f3 la primera tragedia nacional de su segundo mandato y caus\u00f3 una confusi\u00f3n generalizada con un movimiento pol\u00edtico importante esta semana. Ambas instancias recuerdaban su primer mandato en el cargo.<\/p>\n<p class=\"body-graf\">El jueves, con la investigaci\u00f3n sobre la colisi\u00f3n mortal entre un avi\u00f3n de pasajeros y un helic\u00f3ptero del Ej\u00e9rcito que todav\u00eda se encuentra en sus primeras etapas, Trump recurri\u00f3 a la sala de informaci\u00f3n de la Casa Blanca para culpar al accidente de los esfuerzos de diversidad, equidad e inclusi\u00f3n. Cuando se le pregunt\u00f3 si ten\u00eda pruebas para apoyar sus afirmaciones, Trump dijo: \u00abSimplemente podr\u00eda haber sido\u00bb. M\u00e1s tarde tambi\u00e9n dijo que lleg\u00f3 a esa conclusi\u00f3n \u00abporque tengo sentido com\u00fan\u00bb.<\/p>\n<p class=\"body-graf\">La respuesta se volvi\u00f3 a escuchar a la primera temporada de Trump en la Oficina Oval, mientras respond\u00eda a la covid pandemia. Trump frecuentemente se dirigi\u00f3 al pa\u00eds desde la sala de informaci\u00f3n sobre la respuesta de su administraci\u00f3n al virus, a veces contradiciendo a los funcionarios de salud p\u00fablica. A fines de marzo de 2020, por ejemplo, Trump inicialmente dijo que no estaba de acuerdo con el Dr. Anthony Fauci sobre la efectividad de un medicamento que podr\u00eda tratar el virus. Cuando mi colega Peter Alexander lo presion\u00f3 en esos comentarios, Trump dijo que su evaluaci\u00f3n era \u00absolo un sentimiento\u00bb.<\/p>\n<p class=\"body-graf\">Esta semana tambi\u00e9n vio confusi\u00f3n en torno al intento de la administraci\u00f3n Trump de congelar la mayor\u00eda de las subvenciones y pr\u00e9stamos federales. La medida provoc\u00f3 preguntas de agencias y funcionarios, retroceso de legisladores y desaf\u00edos legales. La administraci\u00f3n finalmente rescindi\u00f3 la orden. <\/p>\n<p class=\"body-graf\">El episodio trajo a la mente otra orden de la administraci\u00f3n de Trump que se emiti\u00f3 casi exactamente ocho a\u00f1os antes: la llamada prohibici\u00f3n de viajes, la orden ejecutiva de Trump que bloquea a los ciudadanos de siete pa\u00edses de mayor\u00eda musulmana. Esa orden tambi\u00e9n provoc\u00f3 confusi\u00f3n generalizada y retroceso. Se produjo una batalla legal, y la administraci\u00f3n Trump revis\u00f3 la orden. La lucha legal finalmente lleg\u00f3 a la Corte Suprema, que confirm\u00f3 la restricci\u00f3n de viajes.<\/p>\n<p class=\"body-graf\">Vamos a profundizar m\u00e1s en la respuesta de Trump al tr\u00e1gico accidente y al intento de congelar en \u00abMeet the Press\u00bb del domingo, donde hablar\u00e9 con la secretaria de Seguridad Nacional Kristi Noem y los Sens. Eric Schmitt, R-Mo., Y Mark Kelly , D-Ariz.<\/p>\n<hr class=\"body-hori-rule\"\/><br class=\"\"\/><\/p>\n<div class=\"summary-box\" data-testid=\"summary-box\">\n<div class=\"summary-box__content\">\n<h2 class=\"summary-box__headline\">\ud83d\uddde\ufe0f Las principales historias de hoy<\/h2>\n<ul class=\"summary-box__items\">\n<li><strong>\ud83d\uddd3\ufe0f dei off:<\/strong> La Agencia de Inteligencia de Defensa orden\u00f3 una pausa de todas las actividades y eventos relacionados con el D\u00eda de Martin Luther King Jr., el Mes de la Historia Negra, el D\u00eda del Recuerdo del Holocausto y otras \u00abobservancias especiales\u00bb de conformidad con la orden ejecutiva de Trump. Leer m\u00e1s \u2192 <\/li>\n<li><strong>\ud83d\udda5\ufe0f dei off, cont.:<\/strong> Los Centros para el Control y la Prevenci\u00f3n de Enfermedades est\u00e1n limpiando una franja de contenido relacionado con el VIH del sitio web de la agencia como parte del esfuerzo m\u00e1s amplio para eliminar las iniciativas DEI. Leer m\u00e1s \u2192 <\/li>\n<li><strong>\u2b05\ufe0f la purga:<\/strong> David Sundberg, el subdirector a cargo de la oficina de campo de Washington del FBI, fue obligado a salir de su trabajo. La medida se produce cuando varios ejecutivos principales del FBI promovidos por el ex director Christopher Wray se les dijo que renunciaran o se retirara o ser\u00edan despedidos. Leer m\u00e1s \u2192 <\/li>\n<li><strong>\u23ea En reversa:<\/strong> El Pent\u00e1gono ha rescindido una pol\u00edtica de administraci\u00f3n de Biden que reembols\u00f3 a los miembros y dependientes del servicio para viajar a estados donde los abortos y otros procedimientos de salud reproductiva son legales. Leer m\u00e1s \u2192 <\/li>\n<li><strong>\ud83d\uded1 retroceso:<\/strong> Una orden de lado de casi 60 l\u00edderes profesionales de alto nivel en la Agencia de los Estados Unidos para el Desarrollo Internacional fue rescindida temporalmente por uno de los pocos funcionarios p\u00fablicos de su carrera restantes con la autoridad para hacerlo. Horas despu\u00e9s, el mismo empleado tambi\u00e9n fue puesto en licencia administrativa. Leer m\u00e1s \u2192 <\/li>\n<li><strong><em>Siga la cobertura de pol\u00edtica de noticias en vivo de NBC \u2192<\/em><\/strong> <\/li>\n<\/ul>\n<\/div>\n<\/div>\n<hr class=\"body-hori-rule\"\/>\n<p class=\"body-graf\"><em>Eso es todo del escritorio de la pol\u00edtica por ahora. El bolet\u00edn de hoy fue compilado por Adam Wollner, Bridget Bowman Faith Wardwell.<\/em><\/p>\n<p class=\"body-graf\"><em>Si tiene comentarios, me gusta o no me gusta, env\u00edenos un correo electr\u00f3nico a <\/em><strong><em>PoliticsNewsletter@nbcuni.com<\/em><\/strong><\/p>\n<p class=\"endmark body-graf\"><em>Y si eres fan\u00e1tico, comparte con todos y con cualquiera. Pueden registrarse <\/em><strong><em>aqu\u00ed<\/em><\/strong><em>. <\/em><\/p>\n<hr class=\"body-hori-rule\"\/><br class=\"\"\/><\/div>\n\n","protected":false},"excerpt":{"rendered":"<p>Bienvenido a la versi\u00f3n en l\u00ednea de Del escritorio de la pol\u00edticaun bolet\u00edn nocturno que le brinda el \u00faltimo informe y an\u00e1lisis del equipo de NBC News Politics de la Casa Blanca, Capitol Hill y la campa\u00f1a. La segunda semana del presidente Donald Trump en el cargo trajo otra avalancha de noticias que a veces &hellip;<\/p>\n","protected":false},"author":1,"featured_media":12736,"comment_status":"open","ping_status":"open","sticky":false,"template":"","format":"standard","meta":{"fifu_image_url":"https:\/\/media-cldnry.s-nbcnews.com\/image\/upload\/t_nbcnews-fp-1200-630,f_auto,q_auto:best\/rockcms\/2024-12\/241211-ben-wikler-ken-martin-ew-354p-b6db2c.jpg","fifu_image_alt":"","footnotes":""},"categories":[4],"tags":[],"class_list":["post-12734","post","type-post","status-publish","format-standard","has-post-thumbnail","","category-historias-destacadas"],"_links":{"self":[{"href":"https:\/\/noticiasveraces.com\/index.php?rest_route=\/wp\/v2\/posts\/12734","targetHints":{"allow":["GET"]}}],"collection":[{"href":"https:\/\/noticiasveraces.com\/index.php?rest_route=\/wp\/v2\/posts"}],"about":[{"href":"https:\/\/noticiasveraces.com\/index.php?rest_route=\/wp\/v2\/types\/post"}],"author":[{"embeddable":true,"href":"https:\/\/noticiasveraces.com\/index.php?rest_route=\/wp\/v2\/users\/1"}],"replies":[{"embeddable":true,"href":"https:\/\/noticiasveraces.com\/index.php?rest_route=%2Fwp%2Fv2%2Fcomments&post=12734"}],"version-history":[{"count":0,"href":"https:\/\/noticiasveraces.com\/index.php?rest_route=\/wp\/v2\/posts\/12734\/revisions"}],"wp:featuredmedia":[{"embeddable":true,"href":"https:\/\/noticiasveraces.com\/index.php?rest_route=\/wp\/v2\/media\/12736"}],"wp:attachment":[{"href":"https:\/\/noticiasveraces.com\/index.php?rest_route=%2Fwp%2Fv2%2Fmedia&parent=12734"}],"wp:term":[{"taxonomy":"category","embeddable":true,"href":"https:\/\/noticiasveraces.com\/index.php?rest_route=%2Fwp%2Fv2%2Fcategories&post=12734"},{"taxonomy":"post_tag","embeddable":true,"href":"https:\/\/noticiasveraces.com\/index.php?rest_route=%2Fwp%2Fv2%2Ftags&post=12734"}],"curies":[{"name":"wp","href":"https:\/\/api.w.org\/{rel}","templated":true}]}}