{"id":12709,"date":"2025-01-31T14:30:19","date_gmt":"2025-01-31T18:30:19","guid":{"rendered":"https:\/\/noticiasveraces.com\/?p=12709"},"modified":"2025-01-31T14:30:19","modified_gmt":"2025-01-31T18:30:19","slug":"alemania-con-el-animo-politico-por-los-sueelos-dw-31-01-2025","status":"publish","type":"post","link":"https:\/\/noticiasveraces.com\/?p=12709","title":{"rendered":"Alemania, Con El \u00c1nimo Pol\u00edtico por Los Sueelos &#8211; DW &#8211; 31\/01\/2025"},"content":{"rendered":"<p> \n<\/p>\n<div>\n<p>EL 29 de Enero de 2025 Ser\u00e1 Recordado Durante Mucho Tiempo. La Opositora Uni\u00f3n Cristianodem\u00f3crata y su ala B\u00e1vara (Cdu y CSU), a veces un votante un \u00abPlan de Cinco Puntos\u00bb para endurece la Pol\u00edtica de Asilo. Los Socialdem\u00f3cratas (SPD) y Los Verdes Votaron en contra, algual que el Partido la Izquierda.<\/p>\n<p>La Propuesta OBNUVO Mayor\u00eda, Con Los Votos de la Iniciativa para Alemania (AFD), Calificada Parcialmente de Exame Derecha. El L\u00edder de la Cdu y Candidato A Canciller Friedrich Merz Dijo Que Lo Director es \u00abHacer lo Correcto\u00bb, Aunque Tenga la Aprobaci\u00f3 del Banda Equivocato.<\/p>\n<p>La Reacci\u00f3 de la Opini\u00f3n P\u00fablica A Los Plateamientos de Merz no Alcanza un reflejo en la \u00daltima Encuesta de la Cadena Ard. Sin embargo, Sobre a Tras el Ataque Con Cuchillo en Aschaffenburg, Los Alemanes Est\u00e1n un favor de Cambios Radicales en La Pol\u00edtica migratoria. EL 68 Por Ciento Cree Que El Pa\u00eds Deber\u00eda Acoger Menos Refugiados.<\/p>\n<p>EL 22 Por Ciento de los Encuestros Opina que la Acogida Debe Mantenerse en el Nivel real. El 3 por ciento podr\u00eda imaginarse acoger a m\u00e1s refugiados. El Instituto DeMosc\u00f3pico Infratest-Dimap Encuest\u00f3 A UNA MUESTRA Representaci\u00f3n de 1.336 Alemanes Con Derecho A Voto Entre El 27 Y El 29 de Enero.<\/p>\n<h2>Control de fronteras<\/h2>\n<p>Entre Otras Cosas, El Plan de la Cdu\/Csu Demanda \u00abControla los fronterizos permanentes\u00bb con los pa\u00edses vecinos y el \u00abrechazo de Todos los intentos de entrada ilegal sen excepcion\u00bb. ESTEBER\u00cdA APLICARSE TAMBI\u00c9N A LOS SOLICITOS DE ASILO. La moci\u00f3n que se aprob\u00f3 en el bundestag no es Jur\u00eddicamento vinculante y se trata de una mera declaran pol\u00edtica de intenciones. Sin embargo, una Mayor\u00eda de Alemanes estar\u00eda un favor de las exigencias de la Cdu\/Csu, Seg\u00fan la Encuesta.<\/p>\n<p>EL 67 Por Ciento de los Consultados Se Mostr\u00f3 Partidario de Controles Fronterizos Permanentes. El 57 por ciento est\u00e1 un favor de denegar la entrada en alemania a las personsas sen documos de entrada v\u00e1lidos, Aunque Quieran Solicitar Asilo.<\/p>\n<p><span data-slot-id=\"Article_InContent-1\" class=\"rich-text-ad\"\/><\/p>\n<h2>Lasas de Las Normas<\/h2>\n<p>No est\u00e1 Claro Si Tales Medidas Ser\u00edan Compatibles con la legislacia europea o la infringir\u00eda. El Principio de Fronteras Abitas se Aplica Dentro del Llamado Espacio Schengen y Solo se contemplan restriccionas temporales.<\/p>\n<p>Luxemburgo anunci\u00f3 que Presentar\u00eda una objeci\u00f3n ante la comisi\u00f3n europea si alemania solicitaba una ampliosa de los controles los existentes. Espa\u00f1a Tambi\u00e9n Afirm\u00f3 que las Fronteras del Espacio Schengen Deben Permanecer Abitas por Principio.<\/p>\n<p>En Todo Caso, El 61 Por Ciento de los Encuestros en Alemania Est\u00e1 Un favor de los soluciones europeas conjuntas a la crisis de los refugiados. Solo entre los Simpatizantes de la Formaci\u00f3n de Ultradecha Afd la Mayor\u00eda Est\u00e1 Un favor de unilateral Nacional Unilateral.<\/p>\n<p>As\u00ed, un d\u00eda despr\u00e9s de aprobada una moci\u00f3n no vinculante en este sentido y en una ajustada votaci\u00f3n, el bundestag se decant\u00f3 contra un pol\u00e9mico proyecto de ley, que tambi\u00e9n fue presentado por la uni\u00f3n\u00f3crata dem\u00f3crata y recibi\u00f3 de la apoyo de la afina de la afina de la p\u00e9dete de la afina de la que la uni\u00f3cristiana y recibio Pol\u00edtica migratoria en el Pa\u00eds.<\/p>\n<h2>\u00c1nimo negativo<\/h2>\n<p>A Tres Semanas de Las Eleciones Generales en Alemania, El Estado de \u00c1nimo Entre Los Ciudadanos es Claramete Negatuivo. Para el 83 por ciento, la situaci\u00f3 real en el pa\u00eds es motivo de preocupacia, Mientras que 13 por cazonas por cazones para el optimismo. Adem\u00e1s de la INMIGRACI\u00d3N, LOS VOTANTES EST\u00c1N ESPECIALMENTO Preocupados por la Situaci\u00f3n Econ\u00f3mica. M\u00e1s de Una Cuarta parte de los Encuestados Mencionan Ambos Temas. AL 20 Por Ciento le Preocupan los conflictos Armados en el Mundo. Al 18 Por Ciento le Inquieta el Giro a la Derecha de la Sociedad.<\/p>\n<p>Si Se Eligiera un Nuevo Bundestag el Pr\u00f3ximo Domingo, Seg\u00fan los Pron\u00f3s, Los Conservadores de la Cdu\/CSU OBENDR\u00cdAN EL 30 POR CENTO (-1). Los Socialdem\u00f3cratas del Spd, UN 15 Por Ciento. Los Verdes Tambi\u00e9n Alcanzar\u00eda Esta Cifra, Con un Ligero Aumento (+1). La Afd Alcanzar\u00eda el 20 por Ciento de apoyo y el Partido de Izquierda el 5 Por Ciento. Los Liberes del FDP y la Alianza Sahra Wagenknecht no Superar\u00eda El Umbral del 5 por ciento.<\/p>\n<p>Sin embargo, Casi la Mitad de Las Personas Con Derecho a Voto no Han decidido a\u00fan a qui\u00e9n se lo entregar\u00e1n el 23 de febrero.<\/p>\n<p>(ERS\/RML)<\/p>\n<\/div>\n\n","protected":false},"excerpt":{"rendered":"<p>EL 29 de Enero de 2025 Ser\u00e1 Recordado Durante Mucho Tiempo. La Opositora Uni\u00f3n Cristianodem\u00f3crata y su ala B\u00e1vara (Cdu y CSU), a veces un votante un \u00abPlan de Cinco Puntos\u00bb para endurece la Pol\u00edtica de Asilo. Los Socialdem\u00f3cratas (SPD) y Los Verdes Votaron en contra, algual que el Partido la Izquierda. La Propuesta OBNUVO &hellip;<\/p>\n","protected":false},"author":1,"featured_media":12710,"comment_status":"open","ping_status":"open","sticky":false,"template":"","format":"standard","meta":{"fifu_image_url":"https:\/\/static.dw.com\/image\/67481270_6.jpg","fifu_image_alt":"","footnotes":""},"categories":[13],"tags":[],"class_list":["post-12709","post","type-post","status-publish","format-standard","has-post-thumbnail","","category-mundo"],"_links":{"self":[{"href":"https:\/\/noticiasveraces.com\/index.php?rest_route=\/wp\/v2\/posts\/12709","targetHints":{"allow":["GET"]}}],"collection":[{"href":"https:\/\/noticiasveraces.com\/index.php?rest_route=\/wp\/v2\/posts"}],"about":[{"href":"https:\/\/noticiasveraces.com\/index.php?rest_route=\/wp\/v2\/types\/post"}],"author":[{"embeddable":true,"href":"https:\/\/noticiasveraces.com\/index.php?rest_route=\/wp\/v2\/users\/1"}],"replies":[{"embeddable":true,"href":"https:\/\/noticiasveraces.com\/index.php?rest_route=%2Fwp%2Fv2%2Fcomments&post=12709"}],"version-history":[{"count":0,"href":"https:\/\/noticiasveraces.com\/index.php?rest_route=\/wp\/v2\/posts\/12709\/revisions"}],"wp:featuredmedia":[{"embeddable":true,"href":"https:\/\/noticiasveraces.com\/index.php?rest_route=\/wp\/v2\/media\/12710"}],"wp:attachment":[{"href":"https:\/\/noticiasveraces.com\/index.php?rest_route=%2Fwp%2Fv2%2Fmedia&parent=12709"}],"wp:term":[{"taxonomy":"category","embeddable":true,"href":"https:\/\/noticiasveraces.com\/index.php?rest_route=%2Fwp%2Fv2%2Fcategories&post=12709"},{"taxonomy":"post_tag","embeddable":true,"href":"https:\/\/noticiasveraces.com\/index.php?rest_route=%2Fwp%2Fv2%2Ftags&post=12709"}],"curies":[{"name":"wp","href":"https:\/\/api.w.org\/{rel}","templated":true}]}}