{"id":12689,"date":"2025-01-31T10:11:30","date_gmt":"2025-01-31T14:11:30","guid":{"rendered":"https:\/\/noticiasveraces.com\/?p=12689"},"modified":"2025-01-31T10:11:30","modified_gmt":"2025-01-31T14:11:30","slug":"donana-registo-la-cifra-mas-baja-de-aves-acuticas-de-la-historia-en-enero-de-2024-clima-y-medio-ambiente","status":"publish","type":"post","link":"https:\/\/noticiasveraces.com\/?p=12689","title":{"rendered":"Dona\u00f1a Regist\u00f3 la Cifra M\u00e1s Baja de Aves Acuticas de la Historia en Enero de 2024 | Clima y medio ambiente"},"content":{"rendered":"<p> \n<br \/><img decoding=\"async\" src=\"https:\/\/imagenes.elpais.com\/resizer\/v2\/VGOCK5HRPJCY7LEE7VOZOODVGU.jpg?auth=7b097296a7f77f497d4f8fc384ba8860669f573fa95eaa3cbbf22ac2da528f6d\" \/><\/p>\n<div data-dtm-region=\"articulo_cuerpo\">\n<p class=\"\">Las Aves Acuticas son un s\u00edmbolo del Parque Nacional de Do\u00f1ana, Su Presencia en el Humedal Fue una de las Principales Razones por las que el la que Unesco Design\u00f3 A Este Espacio Natural Como Patrimonio de la humanidad. Sin embargo, la Sequ\u00eda y el Cambio Clim\u00e1tico Han Provedado Que enero de 2024 SE Registrae Su Cifra M\u00e1s Baja Desde Que Embaran A Censarse En 1973. Esta es una de Las Principales Conclusiones del Indefe Sobre El Estado de la Biodiversidad de Do\u00f1ana Relativo Al Al Pasado A\u00f1o, Que Vuelve A Llamar la Atenci\u00f3nica Sobre las Escasas precipitaciones, la subida de las temperaturas y las consecias de este c\u00d3ctel para el estado ya ag\u00f3nnico de las marismas y las ootras especies emblem\u00e1ticas, tambi\u00e9n amenazadas.<\/p>\n<p class=\"\">Pese A Eros Datos Preocupantes, Eloy Revilla, Director de La Estaci\u00f3n Biol\u00f3gica de Do\u00f1ana-CSIC Responsable Del Informe, Se Ha Mostrado \u00abOptimista\u00bb Sobre El Futuro del Humedal, Gracias al Acuerdo Firma de El Espacio Natural. \u201cSOY OPTIMISTA EN COMACIONA A COMO EST\u00c1BAMOS HACE TRES AROS. Los Sistemas Acu\u00edcos Son Resilientes y Con la Modificaci\u00f3n del Plan Forestal y El Cambio de Uso del Agua Subterr\u00e1nea por Agua en la superficie, Mejorar\u00e1 la Situaci\u00f3n \u00ab, Ha Se\u00f1alado el Cient\u00edfico, Durante la Compensation Ante la la el elecci\u00f3n de la comunicaci\u00f3n, el se\u00f1al. Que Esos Cambios Llevar\u00e1n Su Tiempo Debido A LOS Procedimientos Administrativos y Las Obras Hidr\u00e1ulicas que implican.<\/p>\n<p class=\"\">\u00abDo\u00f1ana Ha DeJado de Ser Agradable [para las aves] por la situaci\u00f3n H\u00eddrica y el Cambio Climarto \u201d, Ha Se\u00f1alado Javier Bustamante, Videdirector de la Infraestructura cient\u00edfica y T\u00e9cnica singular-reserva Biol\u00f3gica de Do\u00f1ana, Durante Su Intervenci\u00f3n para hablar de la Situaci\u00f3n de LAS AVES en el parque natalal. El Ornit\u00f3logo ha informado de que enero de 2024 Solo se Censaron 43.989 Aves, La Cifra M\u00e1s Baja para Toda la Serie Hist\u00f3rica en eso mes, habitual, es en el de la registro la cifra m\u00e1xima de Aves acu\u00e1tica de la temporada.<\/p>\n<p class=\"\">La Raz\u00f3n, Las Bajas precipitaciones que Cayeron Durante el Pasado Invierno. LOS 176 Mil\u00edmetros Acumulados Hasta Enero de 2024 Provocaron que la Marisma Estuviera Proncticamento Seca, Obligando A Las Aves A Refugiarse en Las Balsas de la Vecina Finca Veta La Palma, Aunque All\u00ed SOLO Se concentran el 30% de los Individuos. Las Lluvias de la Primavera, Coincidio -Con la \u00c9poca de Reproducci\u00f3n, Dieron un Respiro, Pero el \u00e9xito reproductor Fue Bajo porque la marisma Volvi\u00f3 A Secarse Por Las altas temperaturas.<\/p>\n<p class=\"\">Y es que 2024, con una medios de 18,79 Grados ha sido el segundo m\u00e1s caluroso de la serie hist\u00f3rica, solo superado por 2023. la sec\u00eda ha contribuyido a agravar la situaci\u00f3n de las marismas. La Escasez de Precipitaciones, Concentras en la Primavera, Cuando Suben M\u00e1s las temperaturas, Provoc\u00f3 que el nivel medio de inundacio se situara el a\u00f1o pasado en 35,82 dias, un dato ligeramete Superior al del 23, pero muy por detr\u00e1s deld\u00f3dio HISTRICO SITUADO SITUADO DE SITUADO EN 62,75 D\u00edas. Sobre el Terreno ESTO SE Tradujo en una Nueva Sequ\u00eda de la Laguna de Santa Olalla por Tercer A\u00f1o Consecutivo, Una Pauta Que Permitieron Afirmar A Los Cient\u00edficos que Lasgunas Permanentes Han Desaparecido de Do\u00f1ana.<\/p>\n<p class=\"\">Pese a Esta tendencia negativa, no Cabe Suponer que en el Medio o Largo Plazo, Do\u00f1ana deje de ser un repositorio de Aves. \u00abSi Conseguimos Mantener el Sistema de Do\u00f1ana, Que es Grande y Complejo, Conf\u00edo en que Las Aves Acuticas No lo Abandonar\u00e1n, Porque Las Aves Acu\u00e1ticas Tienen la Capacido de localizar Los Mejores sitios para anidar\u00bb, Ha Se\u00f1alado Revilla, Siempre Presente Presente Presente Que Que Que Que Que Que Que la el Plan para el parque se eJecute. El Cient\u00edfico Tambi\u00e9n ha Llamado la atencia Sobre la relevancia del enclave en un contexto generalizado de regresi\u00f3n de Todos los humedales \u00abdonde do\u00f1ana incrementa su valor\u00bb.<\/p>\n<p class=\"\">La escasa inundacia en marismas y lagunas no solo afecta a las aves acuticas. Las Poblaciones de Gal\u00e1pago Europa y Leproso de Do\u00f1ana Preocupan A Los Conservadores. De la Primera no se detect\u00f3 ning\u00fan Ejemplar en 2024 y de la segunda solo se localizaron dos, la cifra m\u00e1s baja de la serie hist\u00f3rica. La Poblaci\u00f3n de Jabal\u00ed Tambi\u00e9n Lleg\u00f3 A Su M\u00ednimo Hist\u00f3rico el A\u00f1o Pasado, El Mismo declive que segunda A -Una especial para la dieta de Casi Todos LOS PREDADORES DEL PARQUE, EL CONEJO, ENMINUCI\u00d3N DESDE 2013.<\/p>\n<p class=\"\">La Investigaci\u00f3n del Csic Roc\u00edo Fern\u00e1ndez Tambi\u00e9n ha Llamado la Atenci\u00f3n Sobre las consecias de la Sequ\u00eda y El Cambio Climarto en la Flora, Centr\u00e1nDosa en la Chicoria Hueca. SE trata de una especie en peligro de extinci\u00f3n que solo crece en do\u00f1ana y de la que no se ha detectado ning\u00fan eJemplar en seis de las 23 localidadas hist\u00f3ricas donde h\u00e1bita. A la Escasez de Agua, Otra de Las Principales Amenaza para Supervivencia es la \u00abPredaci\u00f3na de Grandes Herb\u00edvoros que Tiene un Efecto Demoledor\u00bb.<\/p>\n<\/div>\n\n","protected":false},"excerpt":{"rendered":"<p>Las Aves Acuticas son un s\u00edmbolo del Parque Nacional de Do\u00f1ana, Su Presencia en el Humedal Fue una de las Principales Razones por las que el la que Unesco Design\u00f3 A Este Espacio Natural Como Patrimonio de la humanidad. Sin embargo, la Sequ\u00eda y el Cambio Clim\u00e1tico Han Provedado Que enero de 2024 SE Registrae &hellip;<\/p>\n","protected":false},"author":1,"featured_media":12691,"comment_status":"open","ping_status":"open","sticky":false,"template":"","format":"standard","meta":{"fifu_image_url":"https:\/\/imagenes.elpais.com\/resizer\/v2\/VGOCK5HRPJCY7LEE7VOZOODVGU.jpg?auth=7b097296a7f77f497d4f8fc384ba8860669f573fa95eaa3cbbf22ac2da528f6d&width=1200","fifu_image_alt":"","footnotes":""},"categories":[11],"tags":[],"class_list":["post-12689","post","type-post","status-publish","format-standard","has-post-thumbnail","","category-viaje"],"_links":{"self":[{"href":"https:\/\/noticiasveraces.com\/index.php?rest_route=\/wp\/v2\/posts\/12689","targetHints":{"allow":["GET"]}}],"collection":[{"href":"https:\/\/noticiasveraces.com\/index.php?rest_route=\/wp\/v2\/posts"}],"about":[{"href":"https:\/\/noticiasveraces.com\/index.php?rest_route=\/wp\/v2\/types\/post"}],"author":[{"embeddable":true,"href":"https:\/\/noticiasveraces.com\/index.php?rest_route=\/wp\/v2\/users\/1"}],"replies":[{"embeddable":true,"href":"https:\/\/noticiasveraces.com\/index.php?rest_route=%2Fwp%2Fv2%2Fcomments&post=12689"}],"version-history":[{"count":0,"href":"https:\/\/noticiasveraces.com\/index.php?rest_route=\/wp\/v2\/posts\/12689\/revisions"}],"wp:featuredmedia":[{"embeddable":true,"href":"https:\/\/noticiasveraces.com\/index.php?rest_route=\/wp\/v2\/media\/12691"}],"wp:attachment":[{"href":"https:\/\/noticiasveraces.com\/index.php?rest_route=%2Fwp%2Fv2%2Fmedia&parent=12689"}],"wp:term":[{"taxonomy":"category","embeddable":true,"href":"https:\/\/noticiasveraces.com\/index.php?rest_route=%2Fwp%2Fv2%2Fcategories&post=12689"},{"taxonomy":"post_tag","embeddable":true,"href":"https:\/\/noticiasveraces.com\/index.php?rest_route=%2Fwp%2Fv2%2Ftags&post=12689"}],"curies":[{"name":"wp","href":"https:\/\/api.w.org\/{rel}","templated":true}]}}