{"id":12598,"date":"2025-01-30T18:25:17","date_gmt":"2025-01-30T22:25:17","guid":{"rendered":"https:\/\/noticiasveraces.com\/?p=12598"},"modified":"2025-01-30T18:25:17","modified_gmt":"2025-01-30T22:25:17","slug":"un-hombre-iraqui-que-llevo-a-cabo-quemaduras-del-coran-en-suecia-es-asesinado-en-un-tiroteo","status":"publish","type":"post","link":"https:\/\/noticiasveraces.com\/?p=12598","title":{"rendered":"Un hombre iraqu\u00ed que llev\u00f3 a cabo quemaduras del Cor\u00e1n en Suecia es asesinado en un tiroteo"},"content":{"rendered":"<p> \n<\/p>\n<div>\n<p class=\"speakable\">Un hombre iraqu\u00ed que llev\u00f3 a cabo varias quemaduras del Cor\u00e1n en Suecia fue asesinado en un tiroteo cerca de Estocolmo, dijeron el jueves las autoridades.<\/p>\n<p class=\"speakable\">Salwan Momika, de 38 a\u00f1os, organiz\u00f3 varias quemaduras y profanaciones del libro sagrado del Islam en Suecia en 2023. Los videos de las quemaduras del Cor\u00e1n obtuvieron publicidad mundial y generaron ira y cr\u00edticas en varias naciones musulmanas, lo que provoc\u00f3 disturbios e inquietud en muchos lugares.<\/p>\n<p><strong>Miles de manifestantes se unen a trav\u00e9s de Irak por un segundo d\u00eda para condenar la quema de un Cor\u00e1n en Suecia<\/strong><\/p>\n<p>El Tribunal de Distrito de Estocolmo dijo que un veredicto programado el jueves en un juicio en el que Momika era un acusado fue pospuesto porque uno de los acusados \u200b\u200bhab\u00eda muerto. Un juez de la corte, G\u00f6ran Lundahl, confirm\u00f3 que el fallecido era Momika. Dijo que no ten\u00eda ninguna informaci\u00f3n sobre cu\u00e1ndo o c\u00f3mo muri\u00f3 Momika.<\/p>\n<div class=\"image-ct inline\">\n<div class=\"m\"><picture><source media=\"(max-width: 767px)\" srcset=\"https:\/\/a57.foxnews.com\/static.foxnews.com\/foxnews.com\/content\/uploads\/2025\/01\/343\/192\/sweden-quran-burnings.jpg?ve=1&amp;tl=1, https:\/\/a57.foxnews.com\/static.foxnews.com\/foxnews.com\/content\/uploads\/2025\/01\/686\/384\/sweden-quran-burnings.jpg?ve=1&amp;tl=1 2x\" height=\"192\" width=\"343\"><source media=\"(min-width: 768px) and (max-width: 1023px)\" srcset=\"https:\/\/a57.foxnews.com\/static.foxnews.com\/foxnews.com\/content\/uploads\/2025\/01\/672\/378\/sweden-quran-burnings.jpg?ve=1&amp;tl=1, https:\/\/a57.foxnews.com\/static.foxnews.com\/foxnews.com\/content\/uploads\/2025\/01\/1344\/756\/sweden-quran-burnings.jpg?ve=1&amp;tl=1 2x\" height=\"378\" width=\"672\"><source media=\"(min-width: 1024px) and (max-width: 1279px)\" srcset=\"https:\/\/a57.foxnews.com\/static.foxnews.com\/foxnews.com\/content\/uploads\/2025\/01\/931\/523\/sweden-quran-burnings.jpg?ve=1&amp;tl=1, https:\/\/a57.foxnews.com\/static.foxnews.com\/foxnews.com\/content\/uploads\/2025\/01\/1862\/1046\/sweden-quran-burnings.jpg?ve=1&amp;tl=1 2x\" height=\"523\" width=\"931\"><source media=\"(min-width: 1280px)\" srcset=\"https:\/\/a57.foxnews.com\/static.foxnews.com\/foxnews.com\/content\/uploads\/2025\/01\/720\/405\/sweden-quran-burnings.jpg?ve=1&amp;tl=1, https:\/\/a57.foxnews.com\/static.foxnews.com\/foxnews.com\/content\/uploads\/2025\/01\/1440\/810\/sweden-quran-burnings.jpg?ve=1&amp;tl=1 2x\" height=\"405\" width=\"720\"><img loading=\"lazy\" decoding=\"async\" src=\"https:\/\/a57.foxnews.com\/static.foxnews.com\/foxnews.com\/content\/uploads\/2025\/01\/1200\/675\/sweden-quran-burnings.jpg?ve=1&amp;tl=1\" alt=\"Quemaduras del Cor\u00e1n de Suecia\" width=\"1200\" height=\"675\"\/><\/source><\/source><\/source><\/source><\/picture><\/div>\n<div class=\"info\">\n<div class=\"caption\">\n<p><span>Salwan Momika habla en Malm\u00f6, Suecia, 30 de septiembre de 2023. <\/span> <span>(Agencia de noticias Johan Nilsson\/TT a trav\u00e9s de AP)<\/span><\/p>\n<\/div>\n<\/div>\n<\/div>\n<p>La polic\u00eda dijo que fueron alertados de un tiroteo el mi\u00e9rcoles por la noche en un edificio de apartamentos en Sodertalje, cerca de Estocolmo, y encontr\u00f3 a un hombre con heridas de bala que luego murieron.<\/p>\n<p>La emisora \u200b\u200bSVT inform\u00f3 que la v\u00edctima era Momika.<\/p>\n<p>Los fiscales dijeron que cinco personas fueron arrestadas durante la noche bajo sospecha de asesinato. Dijeron que todos eran adultos pero que no dieron m\u00e1s detalles.<\/p>\n<p>El fiscal Rasmus \u00d6man dijo que la investigaci\u00f3n todav\u00eda est\u00e1 en sus primeras etapas y que los sospechosos y otros a\u00fan tienen que ser cuestionados.<\/p>\n<p>Momika lleg\u00f3 a Suecia desde Irak en 2018 y se le otorg\u00f3 un permiso de residencia de tres a\u00f1os en 2021, seg\u00fan SVT.<\/p>\n<p>El primer ministro Ulf Kristersson dijo que el servicio de seguridad de Suecia estuvo involucrado porque \u00abobviamente existe el riesgo de que haya una conexi\u00f3n con una potencia extranjera\u00bb, inform\u00f3 la agencia de noticias sueco TT.<\/p>\n<p>Momika argument\u00f3 que sus protestas atacaban la religi\u00f3n del Islam, no en los musulmanes. Dijo que quer\u00eda proteger a la poblaci\u00f3n de Suecia de los mensajes del Cor\u00e1n. La polic\u00eda sueca permiti\u00f3 sus manifestaciones, citando la libertad de expresi\u00f3n, mientras presentaba cargos en su contra.<\/p>\n<p><strong><u>Haga clic aqu\u00ed para obtener la aplicaci\u00f3n Fox News<\/u><\/strong><strong> <\/strong><\/p>\n<p>En marzo pasado, fue arrestado en la vecina Noruega despu\u00e9s de afirmar que buscar\u00eda asilo all\u00ed, y fue enviado de regreso a Suecia, inform\u00f3 TT.<\/p>\n<p>Momika y un coacusado fueron acusados \u200b\u200ben agosto de incitaci\u00f3n al odio debido a las declaraciones que hicieron en relaci\u00f3n con las quemaduras del Cor\u00e1n. Se supon\u00eda que un veredicto deb\u00eda ser entregado el jueves por la ma\u00f1ana.<\/p>\n<p> <!----> <!----><\/div>\n\n","protected":false},"excerpt":{"rendered":"<p>Un hombre iraqu\u00ed que llev\u00f3 a cabo varias quemaduras del Cor\u00e1n en Suecia fue asesinado en un tiroteo cerca de Estocolmo, dijeron el jueves las autoridades. Salwan Momika, de 38 a\u00f1os, organiz\u00f3 varias quemaduras y profanaciones del libro sagrado del Islam en Suecia en 2023. Los videos de las quemaduras del Cor\u00e1n obtuvieron publicidad mundial &hellip;<\/p>\n","protected":false},"author":1,"featured_media":12600,"comment_status":"open","ping_status":"open","sticky":false,"template":"","format":"standard","meta":{"fifu_image_url":"https:\/\/static.foxnews.com\/foxnews.com\/content\/uploads\/2025\/01\/sweden-quran-burnings.jpg","fifu_image_alt":"","footnotes":""},"categories":[13],"tags":[],"class_list":["post-12598","post","type-post","status-publish","format-standard","has-post-thumbnail","","category-mundo"],"_links":{"self":[{"href":"https:\/\/noticiasveraces.com\/index.php?rest_route=\/wp\/v2\/posts\/12598","targetHints":{"allow":["GET"]}}],"collection":[{"href":"https:\/\/noticiasveraces.com\/index.php?rest_route=\/wp\/v2\/posts"}],"about":[{"href":"https:\/\/noticiasveraces.com\/index.php?rest_route=\/wp\/v2\/types\/post"}],"author":[{"embeddable":true,"href":"https:\/\/noticiasveraces.com\/index.php?rest_route=\/wp\/v2\/users\/1"}],"replies":[{"embeddable":true,"href":"https:\/\/noticiasveraces.com\/index.php?rest_route=%2Fwp%2Fv2%2Fcomments&post=12598"}],"version-history":[{"count":0,"href":"https:\/\/noticiasveraces.com\/index.php?rest_route=\/wp\/v2\/posts\/12598\/revisions"}],"wp:featuredmedia":[{"embeddable":true,"href":"https:\/\/noticiasveraces.com\/index.php?rest_route=\/wp\/v2\/media\/12600"}],"wp:attachment":[{"href":"https:\/\/noticiasveraces.com\/index.php?rest_route=%2Fwp%2Fv2%2Fmedia&parent=12598"}],"wp:term":[{"taxonomy":"category","embeddable":true,"href":"https:\/\/noticiasveraces.com\/index.php?rest_route=%2Fwp%2Fv2%2Fcategories&post=12598"},{"taxonomy":"post_tag","embeddable":true,"href":"https:\/\/noticiasveraces.com\/index.php?rest_route=%2Fwp%2Fv2%2Ftags&post=12598"}],"curies":[{"name":"wp","href":"https:\/\/api.w.org\/{rel}","templated":true}]}}