{"id":12548,"date":"2025-01-30T10:08:14","date_gmt":"2025-01-30T14:08:14","guid":{"rendered":"https:\/\/noticiasveraces.com\/?p=12548"},"modified":"2025-01-30T10:08:14","modified_gmt":"2025-01-30T14:08:14","slug":"ruben-pacheco-a-los-colegios-arrasados-por-la-dana-les-han-subido-la-ratio-educacion","status":"publish","type":"post","link":"https:\/\/noticiasveraces.com\/?p=12548","title":{"rendered":"Rub\u00e9n Pacheco: \u00abA Los Colegios Arrasados \u200b\u200bpor la Dana Les Han Subido La Ratio\u00bb | Educaci\u00f3n"},"content":{"rendered":"<p> \n<\/p>\n<div data-dtm-region=\"articulo_cuerpo\">\n<p class=\"\">Rub\u00e9n Pacheco (48 A\u00f1os, Valencia) es el Presidente de la Confederaci\u00f3n de Familias de Alumnado de la Comunidad Valenciana Gonzalo Anaya, La Entidad Mayoritaria en La Escuela P\u00fablica. Desde que hace Casi Tres Meses la Dana Arrasase Los Pueblos del Sur de Valencia, Pacheco Ha Estado Volcado en Tratar de Ayuda A Los Centros Educativos de la Zona que no Han Recibido, afirma, ni el apoyo ni la la empat\u00eda necesitaban por parte del gobido Valenciano. Experto en Historia del Arte, La Entrevista Tiene Lugar en su desespacho de Investigador de la Universidad de Valencia.<\/p>\n<p class=\"\"><b>Pregunta.<\/b> Entre 10.000 y 20,000 Estudiantes, la Generalitat no Dio la Cifra, de Centros Arrasados \u200b\u200bpor la Dana Pasaron m\u00e1s de un mes sen clase. \u00bfEst\u00e1 Compensando la Consejer\u00eda de Educaci\u00f3n Dicha P\u00e9rdida?<\/p>\n<p class=\"\"><b>Respuesta.<\/b> No, en absoluto. No solo no se les han destinado m\u00e1s recursos ni reciben m\u00e1s apoyo, sino que les han subido las ratios m\u00e1ximas de alumnos por clase un 10%. Clases de heno, en Colegios que Han Aceptado A Estudiantes de Centros Destruidos, con 50 \u00f3 60 Alumnos. Aunque Haya m\u00e1s de un Doccente, en esas clases la docencia no es posible. SE Trata, Adem\u00e1s, De Espacios Inadecuados, Que se Han Tenido Que Improvisar, Como Bibliotecas y Laboratorios, Que no Tienen Pizarras ni El Mobiliario Necesario. ESOS CASOS CUMPLEN UNA FUNCI\u00d3N B\u00c1SICAME DE GUARDER\u00cdA.<\/p>\n<p class=\"\"><b>PAG.<\/b> \u00bfQu\u00e9 consecias tiene que algunos centros cenan quedado divididos en varias sedes?<\/p>\n<p class=\"\"><b>R.<\/b> Hay una escuela que ha sido dividida en cinco sedes distintas, y otras en cuatro, en tres o en dos. Para muchas Familias Supone Un problema de conciliatura, porque tienen hijos en distintos niveles y las sedes pueden estar a 15 minutos, Pero tambi\u00e9n a 40. la socializaci\u00f3n de Muchos niensos y ninas tambi\u00e9n se Ha visto fragmento. Y Est\u00e1 Perjudicando la Coordinacia Entre el Profesorado y del propio \u00fagas directivo, que se ve, un hacer continuos desplazamientos.<\/p>\n<p class=\"\"><b>PAG.<\/b> \u00bfC\u00d3MO EST\u00c1N LAS ESCUELAS DE HAN ACOGIDO AL ALUMNADO Y PROFESORADO DE LAS ESCUELAS DESTRUIDAS?<\/p>\n<p class=\"\"><b>R.<\/b> Los equipos docentes y las directivas est\u00e1n haciendo, con un Esfuerzo Brutal, todo lo que pueden para darles las mejores condiciones posibles. Pero los Centros de Acogida Han Perdido Bibliotecas, Laboratorios, Aulas de Materias Especias, Gimnasio, Patio &#8230; Sus Programas Pedag\u00f3gicos, Que Est\u00e1n Plantados con Esos Espacios, Se Han Visto Muy Afectados.<\/p>\n<p class=\"\"><b>PAG.<\/b> \u00bfY el Servicio de Comedor?<\/p>\n<p class=\"\"><b>R.<\/b> El problema es muy tumba. Ya Estaban atendiendo a muchas estudiantes, y teniendo que gestionarar varios tornos en una franja corta, y la poblacia de los colegios ha aumentado Hasta, en algunos casos, dupplicarse. Heno escuelas pidiendo a Las Familias que se lo PUEDAN PERMITIR QE NO LLEVEN UN SUS HIJAS E HIJOS AL COMEDOR. Pero las Familias lo necesado, Sobre y Las Afectadas por la Dana. Muchos centros se est\u00e1n viendo obligaciones un dar de esquina en espacios que no est\u00e1n preparado para ello, como las aulas. O tienen que recurrir al <i>abastecimiento<\/i>Porque Su Cocina Fue Destruida y Todav\u00eda no se ha reparado, o porque no pueden cocinar para tal cantidad de alumnado.<\/p>\n<figure class=\"a_m a_m-h \"><span class=\"_db a_m_w _pr lb_btn\"><img alt=\"Rub\u00e9n Pacheco, Presidente de la Confederaci\u00f3n de Familias de Alumnado Valenciana Gonzalo Anaya.\" decoding=\"auto\" class=\"_re lazyload a_m-h\" height=\"277\" srcset=\"https:\/\/imagenes.elpais.com\/resizer\/v2\/UL46DGJG25DLDH7BRESXLNHGUA.JPG?auth=9ddf4355bd471e1174caf7b8213e71b4f7c319e87a3638c26e21d218b798034d&amp;width=414 414w,https:\/\/imagenes.elpais.com\/resizer\/v2\/UL46DGJG25DLDH7BRESXLNHGUA.JPG?auth=9ddf4355bd471e1174caf7b8213e71b4f7c319e87a3638c26e21d218b798034d&amp;width=828 640w,https:\/\/imagenes.elpais.com\/resizer\/v2\/UL46DGJG25DLDH7BRESXLNHGUA.JPG?auth=9ddf4355bd471e1174caf7b8213e71b4f7c319e87a3638c26e21d218b798034d&amp;width=980 1000w,https:\/\/imagenes.elpais.com\/resizer\/v2\/UL46DGJG25DLDH7BRESXLNHGUA.JPG?auth=9ddf4355bd471e1174caf7b8213e71b4f7c319e87a3638c26e21d218b798034d&amp;width=1960 1960w\" width=\"414\" sizes=\"auto, (min-width:1199px) 1155px,(min-width:1001px) calc(100vw - 44px),(min-width:768px) 767px, 100vw\" src=\"https:\/\/imagenes.elpais.com\/resizer\/v2\/UL46DGJG25DLDH7BRESXLNHGUA.JPG?auth=9ddf4355bd471e1174caf7b8213e71b4f7c319e87a3638c26e21d218b798034d&amp;width=414\" loading=\"lazy\"\/><svg class=\"icon_multimedia_ampliar | _pa a_m_i a_m_i-a _dn\" viewbox=\"0 0 40 40\"><use xlink:href=\"#svg-ampliar\"\/><\/svg><\/span><figcaption class=\"a_m_p\"><span>Rub\u00e9n Pacheco, Presidente de la Confederaci\u00f3n de Familias de Alumnado Valenciana Gonzalo Anaya.<\/span><span class=\"a_m_m\">M\u00f2nica Torres<\/span><\/figcaption><\/figure>\n<p class=\"\"><b>PAG.<\/b> Una Veintena de Centros se Han Quedado, Seg\u00fan Denuncia Usted, inspector de pecado Educativo. \u00bfPor qu\u00e9? Lo considera Grave?<\/p>\n<p class=\"\"><b>R.<\/b> Los Inspectores, en Esta Crisis, Son Fundamentalos, Porque Cumplen el Papel de Poner en ContactO al Centro Educativo Con la Administraci\u00f3n y Con Las Empresas que Est\u00e1n Actuando parapararlo. Lo ideal Hubiera sido que A CADA CENTRO AFECTADO SE le Asignara un \u00danico Inspector, para tener la Mejor Atenci\u00f3n posible. ESTO NO SE HIZO. Los inspectores Siguieron Funcionando Como Siempre, Con Varios Centros A Su Cargo, Como si no Hubiera pasado Nada. Y, un Partir del 1 de Enero, por un problema administrativo, al menos una veintena de centros se ha han quedado sin ninguna referencia de inspecci\u00f3n, porque sus inspectores Han Cesado. La Generalitat Podr\u00eda Haber PRORROGADO su PERMANENCIA HASTA RESOLVER EL PROBLEMA BUROCR\u00c1TICO, PERO NO LO HACO, DEJANDO EN UNA SOLATA SOLEDAD A LOS EQUIPOS Directivos, Que Ya Estaban DesBordados. Ahora, Cuando Tienen un problema de Cualquier Tipo, en la coordinaci\u00f3n de las Obras de Reparaci\u00f3n por Ejemplo, Lo \u00fanico que PUeden Hacer es Mandarle Un Correo Al Jefe de la Inspecci\u00f3n, y Esperar a Ver Si Alguien Lo Atiende.<\/p>\n<p class=\"\"><b>PAG.<\/b> \u00bfCu\u00e1l es la situaci\u00f3 del alumnado con necesidades especial?<\/p>\n<p class=\"\"><b>R.<\/b> No Est\u00e1n RecibiDo una atenn\u00f3n adecuada, porque se est\u00e1 escatimando a la hora de poner los recursos humanos y materiales necesarios. Este alumno r\u00e9quido una alcalde presencia de docente y de especialistas en el aula, y no solo no se ha han incrementado, sino que las bajas no se est\u00e1n cubrido.<\/p>\n<p class=\"\"><b>PAG.<\/b> \u00bfHan Recibido los Alumnos Atenn\u00f3n Psicol\u00f3gica?<\/p>\n<p class=\"\"><b>R.<\/b> EL PROFESORADO EST\u00c1 HACIENTO TRIMENDOS ESFUERZOS PARA INTENTAR OFRECER AL ALUMNADO UNA ATENCI\u00d3N EMOCONAL. Pero el personal Docente, Aunque Haya Recibido Cursos, No ES Especialista en La Materia. El Colegio Oficial de Psic\u00f3logos y Psic\u00f3logas de Valencia Ha ofrecido Profesionales Voluntarios, Pero este no se soluciona as\u00ed. La Administraci\u00f3n de LA Apertado, Con Presupesto, El personal Necesario para Los Menores, MUYOS DE LOS CUALES LO NECESITAN. Seg\u00fan nos expl\u00edc\u00f3 Save the Children, El Alumnado Ha Pasado por una situaci\u00f3n de <i>choque<\/i> equivalente a una guerra, una de la conmoci\u00f3n que, aunque en Muchos Casos Sea Latente, Puede evidenciarse en Cualquier Momento. Todos Deber\u00edan Pasar por Un Proceso de Observaci\u00f3n y An\u00e1lisis que Eval\u00fae Su Estado Epocional y Psicol\u00f3gico, y Si lo Necesitan, Recibir Atenci\u00f3n Espec\u00cdica.<\/p>\n<p class=\"\"><b>PAG.<\/b> \u00bfC\u00d3MO Est\u00e1 Sido la Comunicaci\u00f3n y la Transparencia de la Consejer\u00eda Con Las Familias?<\/p>\n<p class=\"\"><b>R.<\/b> No existe. Nos Ha Reunido dos Veces, Junto al Conjunto de la Comunidad Educata. Tenemos que intentar, que no se conseguir, informaci\u00f3n obtenora una base de registros de entrada y noticias de prensa. No responde cuando se les solicita o lo hacen con evasivas. En ocasas nos haado dato datos que hemos constatado que no eran ciertos o que, m\u00e1s tarde, ellos mismos haan contradicho. Las Propias Directivas de los Centros Educativos SE Enteran de Decisiones Que les Afectan A Trav\u00e9s de la Prensa. \u00bfQ\u00e9 Tipo de Comunicacia es Esta?<\/p>\n<p class=\"\"><b>PAG.<\/b> \u00bfQ\u00e9 Cree que se Deberera Hacer?<\/p>\n<p class=\"\"><b>R.<\/b> Lo primero, y ya dijimos a los POCOS D\u00edas de la Dana, Cear Un Comit\u00e9 de Crisis y Preparar Un Plan de Acci\u00f3n Que incluye a Todas Las Administraciones, en el Que Intervenga Toda la Comunidad Educativa de la Educaci\u00f3n de Recior Como se Hizo en la Pandemia, Cuando Se Cre\u00f3 un Organismo, El Foro Educativo, Que Funcion\u00f3. Nos Reun\u00edamos Todas Las Semanas, A Veces Dos Veces, Daba Igual Que Fuera S\u00e1bado O Domingo. Era una situaci\u00f3n de emergencia, como ahora, y nos reun\u00edamos todo lo que fuera necesario. Adem\u00e1s, Se le Debe Dar Prioridad al Sistema Educativo Con Un Presupesto Extraordinario. Y tiene que haber un tratamiento administrativo excepcional para afrontar la situaci\u00f3n, priorizando los proyectos de reparaci\u00f3n y reconstruyendo o construye escolares. Despu\u00e9s de lo que Han Pasado, Los 24 Centros Educatros Destruidos por la Dana no Pueden Estar As\u00ed 10 o Hasta 20 A\u00f1os, Como pasa habitual<\/p>\n<p class=\"\"><b>PAG.<\/b> \u00bfHace Falta m\u00e1s empat\u00eda?<\/p>\n<p class=\"\"><b>R.<\/b> DESDE LUEGO, HACE FALTA M\u00c1S EMPATIA. Pero si no se Re\u00fan con Nieie, no Pueden Tenerla.<\/p>\n<p class=\"\"><b>PAG.<\/b> \u00bfHan Visitado el Presidente de la Generalitat, Carlos Maz\u00f3n, O El Conseja de Educaci\u00f3n, Jos\u00e9 Antonio Rovira, Alguno de los Centros?<\/p>\n<p class=\"\"><b>R.<\/b> No.<\/p>\n<\/div>\n\n","protected":false},"excerpt":{"rendered":"<p>Rub\u00e9n Pacheco (48 A\u00f1os, Valencia) es el Presidente de la Confederaci\u00f3n de Familias de Alumnado de la Comunidad Valenciana Gonzalo Anaya, La Entidad Mayoritaria en La Escuela P\u00fablica. Desde que hace Casi Tres Meses la Dana Arrasase Los Pueblos del Sur de Valencia, Pacheco Ha Estado Volcado en Tratar de Ayuda A Los Centros Educativos &hellip;<\/p>\n","protected":false},"author":1,"featured_media":12549,"comment_status":"open","ping_status":"open","sticky":false,"template":"","format":"standard","meta":{"fifu_image_url":"https:\/\/imagenes.elpais.com\/resizer\/v2\/SARZTSOFHZFDJDLJA65H5GEQIE.JPG?auth=4369edab1460b3f836007486662fd53ca51074c45ff28ebd5123d80b46c3c138&width=1200","fifu_image_alt":"","footnotes":""},"categories":[11],"tags":[],"class_list":["post-12548","post","type-post","status-publish","format-standard","has-post-thumbnail","","category-viaje"],"_links":{"self":[{"href":"https:\/\/noticiasveraces.com\/index.php?rest_route=\/wp\/v2\/posts\/12548","targetHints":{"allow":["GET"]}}],"collection":[{"href":"https:\/\/noticiasveraces.com\/index.php?rest_route=\/wp\/v2\/posts"}],"about":[{"href":"https:\/\/noticiasveraces.com\/index.php?rest_route=\/wp\/v2\/types\/post"}],"author":[{"embeddable":true,"href":"https:\/\/noticiasveraces.com\/index.php?rest_route=\/wp\/v2\/users\/1"}],"replies":[{"embeddable":true,"href":"https:\/\/noticiasveraces.com\/index.php?rest_route=%2Fwp%2Fv2%2Fcomments&post=12548"}],"version-history":[{"count":0,"href":"https:\/\/noticiasveraces.com\/index.php?rest_route=\/wp\/v2\/posts\/12548\/revisions"}],"wp:featuredmedia":[{"embeddable":true,"href":"https:\/\/noticiasveraces.com\/index.php?rest_route=\/wp\/v2\/media\/12549"}],"wp:attachment":[{"href":"https:\/\/noticiasveraces.com\/index.php?rest_route=%2Fwp%2Fv2%2Fmedia&parent=12548"}],"wp:term":[{"taxonomy":"category","embeddable":true,"href":"https:\/\/noticiasveraces.com\/index.php?rest_route=%2Fwp%2Fv2%2Fcategories&post=12548"},{"taxonomy":"post_tag","embeddable":true,"href":"https:\/\/noticiasveraces.com\/index.php?rest_route=%2Fwp%2Fv2%2Ftags&post=12548"}],"curies":[{"name":"wp","href":"https:\/\/api.w.org\/{rel}","templated":true}]}}