{"id":12535,"date":"2025-01-30T08:02:26","date_gmt":"2025-01-30T12:02:26","guid":{"rendered":"https:\/\/noticiasveraces.com\/?p=12535"},"modified":"2025-01-30T08:02:26","modified_gmt":"2025-01-30T12:02:26","slug":"asesinan-a-tiros-en-suecia-a-un-harbre-quemo-el-coran-dw-30-01-2025","status":"publish","type":"post","link":"https:\/\/noticiasveraces.com\/?p=12535","title":{"rendered":"ASESINAN A TIROS EN SUECIA A UN HARBRE QUEM\u00d3 EL COR\u00c1N &#8211; DW &#8211; 30\/01\/2025"},"content":{"rendered":"<p> \n<\/p>\n<div>\n<p>Salwan Momika, Un Cristiano Iraqu\u00ed Instalado en Suecia Que Quem\u00f3 Varias Veces El Cor\u00e1n en 2023 Y Suscit\u00f3 Protestas en Pa\u00edses Musulmanes, Muri\u00f3 a Tiros en Estocolmo, Indicaron Medios Locales Este Jueves (30.01.2025).<\/p>\n<p>La Polic\u00eda Indic\u00f3 Poco Despu\u00e9s que Cinco Sospechosos Fueron detenidos.<\/p>\n<p>Un tribunal de estocolmo Deb\u00eda determinar este jueves si Momika era culpable de incitacia al odio racial. La Corte Pospuso el Veredicto al 3 de Febero \u00abTras la Confirmaci\u00f3n de la Muerte del Se\u00f1or Momika\u00bb.<\/p>\n<p>Seg\u00fan Varios Medios de Comunicacia, Momika Estaba Haciendo un video en Direto en Redes Sociales y es posible que su asesinato Haya sido Filmado. En agosto, Fue Acusado, Junto Con Salwan Najem, de \u00abAgitacia Contra Un Grupo \u00c9tnico\u00bb en curocasiones en el Verano de 2023.<\/p>\n<figure class=\"placeholder-image master_landscape big\"><img data-format=\"MASTER_LANDSCAPE\" data-id=\"66292498\" data-url=\"https:\/\/static.dw.com\/image\/66292498_${formatId}.jpg\" data-aspect-ratio=\"16\/9\" alt=\"Manifestantes Se Enfrentan a la Polic\u00eda en Bagdad, Irak, Mientras Se Re\u00fan Cerca de la Embajada Sueca, Despu\u00e9s de Que el Recinto Fuera Asaltado e Incendiado Antes de Una Quema del Cor\u00e1n Cor\u00e1n en Estocolmo (20.07.2023)\" style=\"padding-bottom: 56.25%; height: 0; max-height: 0;\"\/><figcaption class=\"img-caption\">Manifestantes Se Enfrentan a la Polic\u00eda en Bagdad, Irak, Mientras Se Re\u00fan Cerca de la Embajada Sueca, Despu\u00e9s de Que el Recinto Fuera Asaltado e Incendiado Antes de Una Quema del Cor\u00e1n Cor\u00e1n en Estocolmo (20.07.2023)<small class=\"copyright\">Imagen: Ahmed Saad\/Reuters<\/small><\/figcaption><\/figure>\n<p>Seg\u00fan El Escrito de Acusaci\u00f3n, El D\u00fao Profan\u00f3 El Cor\u00e1n, E incluso lo Quem\u00f3, Mientras Hac\u00eda Comentarios Despectivos Sobre Los Musulmanes.<\/p>\n<p>LAS Relaciones Entre Suecia y Varios Pa\u00edses de Medio Oriente Se Vieron Afectadas por Las Protestas de Ambos Hombres.<\/p>\n<p>Manifieles iraqu\u00edes asallaron la embajada sueca en bagdad dos veces en julio de 2023 y provocaron un incendio dentro del recinto.<\/p>\n<p>En agosto dee A\u00f1o, El Servicio de Inteligencia Sueco Sapo Elev\u00f3 el Nivel de Amenaza A Cuatro en una Escala de Cinco, Al Afirmar Que Las Quemas del Cor\u00e1n Convirtieron Al Pa\u00eds en Un \u00abObjetivo Prioratorio\u00bb.<\/p>\n<p>RR (AFP\/Reuters)<\/p>\n<\/div>\n\n","protected":false},"excerpt":{"rendered":"<p>Salwan Momika, Un Cristiano Iraqu\u00ed Instalado en Suecia Que Quem\u00f3 Varias Veces El Cor\u00e1n en 2023 Y Suscit\u00f3 Protestas en Pa\u00edses Musulmanes, Muri\u00f3 a Tiros en Estocolmo, Indicaron Medios Locales Este Jueves (30.01.2025). La Polic\u00eda Indic\u00f3 Poco Despu\u00e9s que Cinco Sospechosos Fueron detenidos. Un tribunal de estocolmo Deb\u00eda determinar este jueves si Momika era culpable &hellip;<\/p>\n","protected":false},"author":1,"featured_media":12536,"comment_status":"open","ping_status":"open","sticky":false,"template":"","format":"standard","meta":{"fifu_image_url":"https:\/\/static.dw.com\/image\/67627555_6.jpg","fifu_image_alt":"","footnotes":""},"categories":[13],"tags":[],"class_list":["post-12535","post","type-post","status-publish","format-standard","has-post-thumbnail","","category-mundo"],"_links":{"self":[{"href":"https:\/\/noticiasveraces.com\/index.php?rest_route=\/wp\/v2\/posts\/12535","targetHints":{"allow":["GET"]}}],"collection":[{"href":"https:\/\/noticiasveraces.com\/index.php?rest_route=\/wp\/v2\/posts"}],"about":[{"href":"https:\/\/noticiasveraces.com\/index.php?rest_route=\/wp\/v2\/types\/post"}],"author":[{"embeddable":true,"href":"https:\/\/noticiasveraces.com\/index.php?rest_route=\/wp\/v2\/users\/1"}],"replies":[{"embeddable":true,"href":"https:\/\/noticiasveraces.com\/index.php?rest_route=%2Fwp%2Fv2%2Fcomments&post=12535"}],"version-history":[{"count":0,"href":"https:\/\/noticiasveraces.com\/index.php?rest_route=\/wp\/v2\/posts\/12535\/revisions"}],"wp:featuredmedia":[{"embeddable":true,"href":"https:\/\/noticiasveraces.com\/index.php?rest_route=\/wp\/v2\/media\/12536"}],"wp:attachment":[{"href":"https:\/\/noticiasveraces.com\/index.php?rest_route=%2Fwp%2Fv2%2Fmedia&parent=12535"}],"wp:term":[{"taxonomy":"category","embeddable":true,"href":"https:\/\/noticiasveraces.com\/index.php?rest_route=%2Fwp%2Fv2%2Fcategories&post=12535"},{"taxonomy":"post_tag","embeddable":true,"href":"https:\/\/noticiasveraces.com\/index.php?rest_route=%2Fwp%2Fv2%2Ftags&post=12535"}],"curies":[{"name":"wp","href":"https:\/\/api.w.org\/{rel}","templated":true}]}}