{"id":12523,"date":"2025-01-30T06:58:57","date_gmt":"2025-01-30T10:58:57","guid":{"rendered":"https:\/\/noticiasveraces.com\/?p=12523"},"modified":"2025-01-30T06:58:57","modified_gmt":"2025-01-30T10:58:57","slug":"parlamento-aleman-aprueba-mocion-para-cerrar-las-fronteras-dw-29-01-2025","status":"publish","type":"post","link":"https:\/\/noticiasveraces.com\/?p=12523","title":{"rendered":"Parlamento Alem\u00e1n Aprueba Moci\u00f3n para Cerrar Las Fronteras &#8211; DW &#8211; 29\/01\/2025"},"content":{"rendered":"<p> \n<\/p>\n<div>\n<p>La c\u00e1mara baja del parlamento alem\u00e1n aprob\u00f3 este mi\u00e9rcoles (29.01.2025) Una resoluci\u00f3n no vinculante propuesta pors conservadores encaminada a cerrar las fronteras a los demandantes de asilo, unxte que salio sali\u00f3 condelante de votos de votos de votos de votos de los votos de los votos de los votos de los fontadores, los que se demandan, los sociamas, eles de los votos de los votos de los votos de los votos de los votos de los votos de los votos de los votos de los votos de los votos de los votos de los votos de los votos de los votos de los votos de Del Canciller Olaf Scholz Condenaron Como la \u00abRuptura de un tab\u00fa\u00bb.<\/p>\n<p>Un total de 348 DiPutados Votaron Un favor de la soluci\u00f3n presenta por la uni\u00f3n de dem\u00f3crata y socialcristianos b\u00e1varos (cdu-csu) un ra\u00edz de un ataque con cuchillo con dos muertos la semana pasada, mientras que 345 se pronunciaron en contaz y di dieez abstuvieron .<\/p>\n<p>La moci\u00f3n llama un introducci\u00f3n de forma permanente controles fronterizos ya rechazar sin excepciones a los extranjeros indocumentados, a\u00fan cuando expresen su intenci\u00f3n de solicitar asilo -en infringi\u00f3n del derecho europe- asi coo a un detener de indefinida a l\u00e1s de referencia OTRAS MEDIDAS, Que se Presentaron en Plena Campa\u00f1a Electoral.<\/p>\n<p>En el bronco debate parlamentario previo, hab\u00eda anunciando su intenci\u00f3n de apoyar la propuesta los liberales -antiguos socios de coalici\u00f3n de scholz-, la ultraderechista alternativa alternativa Socialdem\u00f3cratas, Los Verdes y la Izquierda Votaron en contra.<\/p>\n<p><strong>\u00abPunto de Inflexi\u00f3n\u00bb<\/strong><\/p>\n<p>Una segunda Moci\u00f3n de una Veintena de Puntos para incrementarias las competencias de las autorr\u00eddicas con el objetivo de reforzar la seguridad interior, que tambi\u00e9n hab\u00eda sido introductucida por cdu-csu, fue rechazada con 509 votos en contra.<\/p>\n<p>Inmediatamente despu\u00e9s de la votaci\u00f3n, el jefe del grupo parlamentario socialdem\u00f3crata, Rolf M\u00fctzenich, habl\u00f3 de un \u00abpunto de inflexi\u00f3n\u00bb en la pol\u00edtica alemana y afirm\u00f3 que al aceptar los votos de la ultraderecha por primera vez para obtener una mayor\u00eda parlamentaria, los conservadores hab\u00edan Abandonado El \u00abCentro Dem\u00f3crata\u00bb.<\/p>\n<p>El L\u00edder y Candidato Democristiano, Friedrich Merz, Indic\u00f3 por su parte de \u00abLamentaba\u00bb Que El D\u00eda de Hoy se Hubiera Logrado UNA Mayor\u00eda Con Los Votos de Afd, Pero Asegur\u00f3 Que El DeBer del Resto de Partidos Dem\u00f3cratas no \u00abEvadir Su Responsabilidad\u00bb y Hacer posible un compromiso sin el concurso de la ultraderecha.<\/p>\n<p>Hace tan solo unas semanas Merz hab\u00eda rechazado taxativamente cualquier tipo de cooperaci\u00f3n con AfD, pero a ra\u00edz del ataque de la semana pasada en Aschaffenburg, perpetrado por un afgano solicitante de asilo que apu\u00f1al\u00f3 a un ni\u00f1o de dos a\u00f1os y un hombre de 41 en un Parque, anunci\u00f3 un endurecimento de la pol\u00edtica migratoria que impondr\u00eda sin compromisos como jefe de gobierno, aun con los votos de la ultraderecha.<\/p>\n<p>CT (EFE, NTV)<\/p>\n<\/div>\n\n","protected":false},"excerpt":{"rendered":"<p>La c\u00e1mara baja del parlamento alem\u00e1n aprob\u00f3 este mi\u00e9rcoles (29.01.2025) Una resoluci\u00f3n no vinculante propuesta pors conservadores encaminada a cerrar las fronteras a los demandantes de asilo, unxte que salio sali\u00f3 condelante de votos de votos de votos de votos de los votos de los votos de los votos de los fontadores, los que se &hellip;<\/p>\n","protected":false},"author":1,"featured_media":12524,"comment_status":"open","ping_status":"open","sticky":false,"template":"","format":"standard","meta":{"fifu_image_url":"https:\/\/static.dw.com\/image\/71447998_6.jpg","fifu_image_alt":"","footnotes":""},"categories":[13],"tags":[],"class_list":["post-12523","post","type-post","status-publish","format-standard","has-post-thumbnail","","category-mundo"],"_links":{"self":[{"href":"https:\/\/noticiasveraces.com\/index.php?rest_route=\/wp\/v2\/posts\/12523","targetHints":{"allow":["GET"]}}],"collection":[{"href":"https:\/\/noticiasveraces.com\/index.php?rest_route=\/wp\/v2\/posts"}],"about":[{"href":"https:\/\/noticiasveraces.com\/index.php?rest_route=\/wp\/v2\/types\/post"}],"author":[{"embeddable":true,"href":"https:\/\/noticiasveraces.com\/index.php?rest_route=\/wp\/v2\/users\/1"}],"replies":[{"embeddable":true,"href":"https:\/\/noticiasveraces.com\/index.php?rest_route=%2Fwp%2Fv2%2Fcomments&post=12523"}],"version-history":[{"count":0,"href":"https:\/\/noticiasveraces.com\/index.php?rest_route=\/wp\/v2\/posts\/12523\/revisions"}],"wp:featuredmedia":[{"embeddable":true,"href":"https:\/\/noticiasveraces.com\/index.php?rest_route=\/wp\/v2\/media\/12524"}],"wp:attachment":[{"href":"https:\/\/noticiasveraces.com\/index.php?rest_route=%2Fwp%2Fv2%2Fmedia&parent=12523"}],"wp:term":[{"taxonomy":"category","embeddable":true,"href":"https:\/\/noticiasveraces.com\/index.php?rest_route=%2Fwp%2Fv2%2Fcategories&post=12523"},{"taxonomy":"post_tag","embeddable":true,"href":"https:\/\/noticiasveraces.com\/index.php?rest_route=%2Fwp%2Fv2%2Ftags&post=12523"}],"curies":[{"name":"wp","href":"https:\/\/api.w.org\/{rel}","templated":true}]}}