{"id":12504,"date":"2025-01-30T01:53:22","date_gmt":"2025-01-30T05:53:22","guid":{"rendered":"https:\/\/noticiasveraces.com\/?p=12504"},"modified":"2025-01-30T01:53:22","modified_gmt":"2025-01-30T05:53:22","slug":"israel-anuncia-que-hamas-liberara-esta-semana-a-11-rehenes-dw-29-01-2025","status":"publish","type":"post","link":"https:\/\/noticiasveraces.com\/?p=12504","title":{"rendered":"Israel Anuncia que Ham\u00e1s Liberar\u00e1 ESTA SEMANA A 11 Rehenes &#8211; DW &#8211; 29\/01\/2025"},"content":{"rendered":"<p> \n<\/p>\n<div>\n<p>Israel anunci\u00f3 Este Mi\u00e9rcoles (29.01.2025) Que ocho Rehenes en Gaza en Gaza Ser\u00e1n Liberados el Jueves y Tres el S\u00e1bado, en el Marco de Un Fr\u00e1gil Atto El Fuego DeBe Poner a 15 Meses de Guerra Conse -MovimiSTA Palestino.<\/p>\n<p>La Oficina del Primer Ministro Israel\u00ed, Benjamin Netanyahu, Indic\u00f3 que Ham\u00e1s le Entreg\u00f3 la Lista de Ocho Rehenes, Tres Israel\u00edes y Cinco Tailandeses, Que Ser\u00e1n Liberados El Jueves. OTROS TRES HOMBRES, TODOS VIVOS, LO SER\u00c1N EL S\u00c1BADO.<\/p>\n<p>Poco Antes del Anuncio, Dos Dirigentes de Ham\u00e1s Acusaron A Israel de Retrasar La Entrega de Ayuda Humanitaria A Gaza, Como Estipula el Acuerdo, Y Advirtieron de Que este Est Pod\u00ed Afectar La Liberaci\u00f3n de Rehenes. Las Autoridadas de Las Israel\u00edes Desmintieron Esta Informaci\u00f3n.<\/p>\n<p>El Acuerdo de Tregua Entre Israel y Ham\u00e1s Entr\u00f3 en vigor el 19 de enero y prev\u00e9, en su Primera Fase de Seis Semanas, Canjear a 33 Rehenes Retenidos en Gaza por Un unos 1.900 Palestinos Detenidos en C\u00e1rcelos israel\u00edas.<\/p>\n<p>Ya Han Sido Liberados Siete Rehenes israel\u00edes A Cambio de 290 Prisioneros Palestinos. Los Tres israel\u00edes que Ser\u00e1n Liberadas el Jueves hijo dos Mujeres, la Soldado Agam Berger, de 20 A\u00f1os, y la civil Arbel Yehud, de 29 A\u00f1os, As\u00ed Und Germano-Israel\u00ed de 80 A\u00f1os, Gadi Moses, Seg\u00fan la Oficina de Netanyahu.<\/p>\n<p>El Grupo yihad Isl\u00e1mica, Aliado de Ham\u00e1s en Gaza, Difundi\u00f3 El Lunes Un video de Arbel Yehud, en el Que se la ve Muy Afectada.<\/p>\n<p>En las im \u00e1genes, Luce un su\u00e9ter con capucha azul marino y pide tanto a netanyahu como presidente estadounidense, Donald Trump, que hagan todo lo posible para liberar a los rehenes que siguen retenidos.<\/p>\n<p>CT (AFP, Efe)<\/p>\n<\/div>\n\n","protected":false},"excerpt":{"rendered":"<p>Israel anunci\u00f3 Este Mi\u00e9rcoles (29.01.2025) Que ocho Rehenes en Gaza en Gaza Ser\u00e1n Liberados el Jueves y Tres el S\u00e1bado, en el Marco de Un Fr\u00e1gil Atto El Fuego DeBe Poner a 15 Meses de Guerra Conse -MovimiSTA Palestino. La Oficina del Primer Ministro Israel\u00ed, Benjamin Netanyahu, Indic\u00f3 que Ham\u00e1s le Entreg\u00f3 la Lista de &hellip;<\/p>\n","protected":false},"author":1,"featured_media":12505,"comment_status":"open","ping_status":"open","sticky":false,"template":"","format":"standard","meta":{"fifu_image_url":"https:\/\/static.dw.com\/image\/71442647_6.jpg","fifu_image_alt":"","footnotes":""},"categories":[13],"tags":[],"class_list":["post-12504","post","type-post","status-publish","format-standard","has-post-thumbnail","","category-mundo"],"_links":{"self":[{"href":"https:\/\/noticiasveraces.com\/index.php?rest_route=\/wp\/v2\/posts\/12504","targetHints":{"allow":["GET"]}}],"collection":[{"href":"https:\/\/noticiasveraces.com\/index.php?rest_route=\/wp\/v2\/posts"}],"about":[{"href":"https:\/\/noticiasveraces.com\/index.php?rest_route=\/wp\/v2\/types\/post"}],"author":[{"embeddable":true,"href":"https:\/\/noticiasveraces.com\/index.php?rest_route=\/wp\/v2\/users\/1"}],"replies":[{"embeddable":true,"href":"https:\/\/noticiasveraces.com\/index.php?rest_route=%2Fwp%2Fv2%2Fcomments&post=12504"}],"version-history":[{"count":0,"href":"https:\/\/noticiasveraces.com\/index.php?rest_route=\/wp\/v2\/posts\/12504\/revisions"}],"wp:featuredmedia":[{"embeddable":true,"href":"https:\/\/noticiasveraces.com\/index.php?rest_route=\/wp\/v2\/media\/12505"}],"wp:attachment":[{"href":"https:\/\/noticiasveraces.com\/index.php?rest_route=%2Fwp%2Fv2%2Fmedia&parent=12504"}],"wp:term":[{"taxonomy":"category","embeddable":true,"href":"https:\/\/noticiasveraces.com\/index.php?rest_route=%2Fwp%2Fv2%2Fcategories&post=12504"},{"taxonomy":"post_tag","embeddable":true,"href":"https:\/\/noticiasveraces.com\/index.php?rest_route=%2Fwp%2Fv2%2Ftags&post=12504"}],"curies":[{"name":"wp","href":"https:\/\/api.w.org\/{rel}","templated":true}]}}