{"id":12490,"date":"2025-01-30T00:08:04","date_gmt":"2025-01-30T04:08:04","guid":{"rendered":"https:\/\/noticiasveraces.com\/?p=12490"},"modified":"2025-01-30T00:08:04","modified_gmt":"2025-01-30T04:08:04","slug":"el-video-de-earthcam-muestra-explosion-sobre-el-rio-potomac","status":"publish","type":"post","link":"https:\/\/noticiasveraces.com\/?p=12490","title":{"rendered":"El video de Earthcam muestra explosi\u00f3n sobre el r\u00edo Potomac"},"content":{"rendered":"<p> \n<\/p>\n<div id=\"content\">\n<p>IE 11 no es compatible. Para una experiencia \u00f3ptima, visite nuestro sitio en otro navegador.<button type=\"button\" aria-label=\"close\" class=\"alert-banner__close-button icon icon-close\"\/><\/p>\n<div>\n<div class=\"video-page\" data-testid=\"video-page\">\n<div class=\"video-page__video\">\n<div class=\"video-page__main\">\n<div class=\"video-page__player\" data-testid=\"video-page__player\">\n<div class=\"styles_gridStackWrapper__2ot47 styles_videoContainer__AkgW6 video-container paused\" data-testid=\"gamma-video-player-autoplay\">\n<div class=\"styles_gridStackWrapper__2ot47 videoSlate styles_videoSlate__ISm2f\"><picture class=\"\" data-testid=\"picture\"><source media=\"(min-width: 1240px)\" srcset=\"https:\/\/media-cldnry.s-nbcnews.com\/image\/upload\/t_focal-860x484,f_auto,q_auto:best\/mpx\/2704722219\/2025_01\/tm-earthcam-crash-744l5d.jpg\"\/><source media=\"(min-width: 758px)\" srcset=\"https:\/\/media-cldnry.s-nbcnews.com\/image\/upload\/t_focal-1000x563,f_auto,q_auto:best\/mpx\/2704722219\/2025_01\/tm-earthcam-crash-744l5d.jpg\"\/><source media=\"(min-width: 320px)\" srcset=\"https:\/\/media-cldnry.s-nbcnews.com\/image\/upload\/t_focal-760x428,f_auto,q_auto:best\/mpx\/2704722219\/2025_01\/tm-earthcam-crash-744l5d.jpg\"\/><img decoding=\"async\" src=\"https:\/\/media-cldnry.s-nbcnews.com\/image\/upload\/t_focal-760x428,f_auto,q_auto:best\/mpx\/2704722219\/2025_01\/tm-earthcam-crash-744l5d.jpg\" alt=\"\"\/><\/picture><\/div>\n<\/div>\n<\/div>\n<div class=\"video-page__drawer\"><button class=\"styles_prevButton__Fx_g5 styles_disabled__HbxXI\" type=\"button\" data-testid=\"prev-button\"><span class=\"icon icon-back\"\/><\/button><\/p>\n<div class=\"styles_playlistDrawer__cldGd\" data-testid=\"playlist-drawer\">\n<section class=\"styles_playlist__9021X\">\n<ul class=\"styles_videos__nQb5X\">\n<li class=\"styles_video__RJe5I\">\n<div class=\"playlist-drawer__video\" data-testid=\"playlist-drawer-video\">\n<div class=\"playlist-drawer__thumbnail\">\n<p>Ahora jugando<\/p>\n<picture class=\"playlist-drawer__thumbnail\" data-testid=\"picture\"><source media=\"(min-width: 1000px)\" srcset=\"https:\/\/media-cldnry.s-nbcnews.com\/image\/upload\/t_focal-280x140,f_auto,q_auto:best\/mpx\/2704722219\/2025_01\/tm-earthcam-crash-744l5d.jpg\"\/><source media=\"(min-width: 758px)\" srcset=\"https:\/\/media-cldnry.s-nbcnews.com\/image\/upload\/t_focal-760x380,f_auto,q_auto:best\/mpx\/2704722219\/2025_01\/tm-earthcam-crash-744l5d.jpg\"\/><source media=\"(min-width: 320px)\" srcset=\"https:\/\/media-cldnry.s-nbcnews.com\/image\/upload\/t_focal-520x260,f_auto,q_auto:best\/mpx\/2704722219\/2025_01\/tm-earthcam-crash-744l5d.jpg\"\/><img decoding=\"async\" loading=\"lazy\" src=\"https:\/\/media-cldnry.s-nbcnews.com\/image\/upload\/t_focal-520x260,f_auto,q_auto:best\/mpx\/2704722219\/2025_01\/tm-earthcam-crash-744l5d.jpg\" alt=\"\"\/><\/picture><\/div>\n<p><h2 class=\"playlist-drawer__title\" data-testid=\"playlist-title\">MIRAR: El video de Earthcam muestra explosi\u00f3n sobre el r\u00edo Potomac<\/h2>\n<p><span class=\"playlist-drawer__duration founders-mono\" data-testid=\"playlist-duration\">00:23<\/span><\/p>\n<\/div>\n<\/li>\n<li class=\"styles_video__RJe5I\">\n<div class=\"playlist-drawer__video\" data-testid=\"playlist-drawer-video\">\n<p>A continuaci\u00f3n<\/p>\n<div class=\"playlist-drawer__thumbnail\"><picture class=\"playlist-drawer__thumbnail\" data-testid=\"picture\"><source media=\"(min-width: 1000px)\" srcset=\"https:\/\/media-cldnry.s-nbcnews.com\/image\/upload\/t_focal-280x140,f_auto,q_auto:best\/mpx\/2704722219\/2025_01\/1738207793323_now_brk_jet_helicopter_collision_250129_1920x1080-o1rpbj.jpg\"\/><source media=\"(min-width: 758px)\" srcset=\"https:\/\/media-cldnry.s-nbcnews.com\/image\/upload\/t_focal-760x380,f_auto,q_auto:best\/mpx\/2704722219\/2025_01\/1738207793323_now_brk_jet_helicopter_collision_250129_1920x1080-o1rpbj.jpg\"\/><source media=\"(min-width: 320px)\" srcset=\"https:\/\/media-cldnry.s-nbcnews.com\/image\/upload\/t_focal-520x260,f_auto,q_auto:best\/mpx\/2704722219\/2025_01\/1738207793323_now_brk_jet_helicopter_collision_250129_1920x1080-o1rpbj.jpg\"\/><img decoding=\"async\" loading=\"lazy\" src=\"https:\/\/media-cldnry.s-nbcnews.com\/image\/upload\/t_focal-520x260,f_auto,q_auto:best\/mpx\/2704722219\/2025_01\/1738207793323_now_brk_jet_helicopter_collision_250129_1920x1080-o1rpbj.jpg\" alt=\"\"\/><\/picture><\/div>\n<p><h2 class=\"playlist-drawer__title\" data-testid=\"playlist-title\">El vuelo de American Airlines choca con helic\u00f3ptero en Washington, DC<\/h2>\n<p><span class=\"playlist-drawer__duration founders-mono\" data-testid=\"playlist-duration\">02:05<\/span><\/p>\n<\/div>\n<\/li>\n<li class=\"styles_video__RJe5I\">\n<div class=\"playlist-drawer__video\" data-testid=\"playlist-drawer-video\">\n<div class=\"playlist-drawer__thumbnail\"><picture class=\"playlist-drawer__thumbnail\" data-testid=\"picture\"><source media=\"(min-width: 1000px)\" srcset=\"https:\/\/media-cldnry.s-nbcnews.com\/image\/upload\/t_focal-280x140,f_auto,q_auto:best\/mpx\/2704722219\/2025_01\/1738180821022_now_daily_b_trump_freeze_defend_250129_1920x1080-uhkie3.jpg\"\/><source media=\"(min-width: 758px)\" srcset=\"https:\/\/media-cldnry.s-nbcnews.com\/image\/upload\/t_focal-760x380,f_auto,q_auto:best\/mpx\/2704722219\/2025_01\/1738180821022_now_daily_b_trump_freeze_defend_250129_1920x1080-uhkie3.jpg\"\/><source media=\"(min-width: 320px)\" srcset=\"https:\/\/media-cldnry.s-nbcnews.com\/image\/upload\/t_focal-520x260,f_auto,q_auto:best\/mpx\/2704722219\/2025_01\/1738180821022_now_daily_b_trump_freeze_defend_250129_1920x1080-uhkie3.jpg\"\/><img decoding=\"async\" loading=\"lazy\" src=\"https:\/\/media-cldnry.s-nbcnews.com\/image\/upload\/t_focal-520x260,f_auto,q_auto:best\/mpx\/2704722219\/2025_01\/1738180821022_now_daily_b_trump_freeze_defend_250129_1920x1080-uhkie3.jpg\" alt=\"\"\/><\/picture><\/div>\n<p><h2 class=\"playlist-drawer__title\" data-testid=\"playlist-title\">Trump defiende la ayuda de fondos federales de ayuda despu\u00e9s de que la Casa Blanca dice que rescinde la orden<\/h2>\n<p><span class=\"playlist-drawer__duration founders-mono\" data-testid=\"playlist-duration\">00:42<\/span><\/p>\n<\/div>\n<\/li>\n<li class=\"styles_video__RJe5I\">\n<div class=\"playlist-drawer__video\" data-testid=\"playlist-drawer-video\">\n<div class=\"playlist-drawer__thumbnail\"><picture class=\"playlist-drawer__thumbnail\" data-testid=\"picture\"><source media=\"(min-width: 1000px)\" srcset=\"https:\/\/media-cldnry.s-nbcnews.com\/image\/upload\/t_focal-280x140,f_auto,q_auto:best\/mpx\/2704722219\/2025_01\/1738178912863_now_daily_b_fed_res_steady_250129_1920x1080-vgeri0.jpg\"\/><source media=\"(min-width: 758px)\" srcset=\"https:\/\/media-cldnry.s-nbcnews.com\/image\/upload\/t_focal-760x380,f_auto,q_auto:best\/mpx\/2704722219\/2025_01\/1738178912863_now_daily_b_fed_res_steady_250129_1920x1080-vgeri0.jpg\"\/><source media=\"(min-width: 320px)\" srcset=\"https:\/\/media-cldnry.s-nbcnews.com\/image\/upload\/t_focal-520x260,f_auto,q_auto:best\/mpx\/2704722219\/2025_01\/1738178912863_now_daily_b_fed_res_steady_250129_1920x1080-vgeri0.jpg\"\/><img decoding=\"async\" loading=\"lazy\" src=\"https:\/\/media-cldnry.s-nbcnews.com\/image\/upload\/t_focal-520x260,f_auto,q_auto:best\/mpx\/2704722219\/2025_01\/1738178912863_now_daily_b_fed_res_steady_250129_1920x1080-vgeri0.jpg\" alt=\"\"\/><\/picture><\/div>\n<p><h2 class=\"playlist-drawer__title\" data-testid=\"playlist-title\">La Reserva Federal mantiene las tasas de inter\u00e9s sin cambios<\/h2>\n<p><span class=\"playlist-drawer__duration founders-mono\" data-testid=\"playlist-duration\">00:59<\/span><\/p>\n<\/div>\n<\/li>\n<li class=\"styles_video__RJe5I\">\n<div class=\"playlist-drawer__video\" data-testid=\"playlist-drawer-video\">\n<div class=\"playlist-drawer__thumbnail\"><picture class=\"playlist-drawer__thumbnail\" data-testid=\"picture\"><source media=\"(min-width: 1000px)\" srcset=\"https:\/\/media-cldnry.s-nbcnews.com\/image\/upload\/t_focal-280x140,f_auto,q_auto:best\/mpx\/2704722219\/2025_01\/1738171650742_now_spec_rfk_abortions_senate_hearing_250129_1920x1080-gihjoy.jpg\"\/><source media=\"(min-width: 758px)\" srcset=\"https:\/\/media-cldnry.s-nbcnews.com\/image\/upload\/t_focal-760x380,f_auto,q_auto:best\/mpx\/2704722219\/2025_01\/1738171650742_now_spec_rfk_abortions_senate_hearing_250129_1920x1080-gihjoy.jpg\"\/><source media=\"(min-width: 320px)\" srcset=\"https:\/\/media-cldnry.s-nbcnews.com\/image\/upload\/t_focal-520x260,f_auto,q_auto:best\/mpx\/2704722219\/2025_01\/1738171650742_now_spec_rfk_abortions_senate_hearing_250129_1920x1080-gihjoy.jpg\"\/><img decoding=\"async\" loading=\"lazy\" src=\"https:\/\/media-cldnry.s-nbcnews.com\/image\/upload\/t_focal-520x260,f_auto,q_auto:best\/mpx\/2704722219\/2025_01\/1738171650742_now_spec_rfk_abortions_senate_hearing_250129_1920x1080-gihjoy.jpg\" alt=\"\"\/><\/picture><\/div>\n<p><h2 class=\"playlist-drawer__title\" data-testid=\"playlist-title\">RFK Jr. dice que respaldar\u00e1 las posiciones de aborto de Trump<\/h2>\n<p><span class=\"playlist-drawer__duration founders-mono\" data-testid=\"playlist-duration\">04:41<\/span><\/p>\n<\/div>\n<\/li>\n<li class=\"styles_video__RJe5I\">\n<div class=\"playlist-drawer__video\" data-testid=\"playlist-drawer-video\">\n<div class=\"playlist-drawer__thumbnail\"><picture class=\"playlist-drawer__thumbnail\" data-testid=\"picture\"><source media=\"(min-width: 1000px)\" srcset=\"https:\/\/media-cldnry.s-nbcnews.com\/image\/upload\/t_focal-280x140,f_auto,q_auto:best\/mpx\/2704722219\/2025_01\/protest_rfk-98l373.jpg\"\/><source media=\"(min-width: 758px)\" srcset=\"https:\/\/media-cldnry.s-nbcnews.com\/image\/upload\/t_focal-760x380,f_auto,q_auto:best\/mpx\/2704722219\/2025_01\/protest_rfk-98l373.jpg\"\/><source media=\"(min-width: 320px)\" srcset=\"https:\/\/media-cldnry.s-nbcnews.com\/image\/upload\/t_focal-520x260,f_auto,q_auto:best\/mpx\/2704722219\/2025_01\/protest_rfk-98l373.jpg\"\/><img decoding=\"async\" loading=\"lazy\" src=\"https:\/\/media-cldnry.s-nbcnews.com\/image\/upload\/t_focal-520x260,f_auto,q_auto:best\/mpx\/2704722219\/2025_01\/protest_rfk-98l373.jpg\" alt=\"\"\/><\/picture><\/div>\n<p><h2 class=\"playlist-drawer__title\" data-testid=\"playlist-title\">El manifestante interrumpe la declaraci\u00f3n de apertura de RFK Jr. en la audiencia de confirmaci\u00f3n del Senado<\/h2>\n<p><span class=\"playlist-drawer__duration founders-mono\" data-testid=\"playlist-duration\">00:24<\/span><\/p>\n<\/div>\n<\/li>\n<li class=\"styles_video__RJe5I\">\n<div class=\"playlist-drawer__video\" data-testid=\"playlist-drawer-video\">\n<div class=\"playlist-drawer__thumbnail\"><picture class=\"playlist-drawer__thumbnail\" data-testid=\"picture\"><source media=\"(min-width: 1000px)\" srcset=\"https:\/\/media-cldnry.s-nbcnews.com\/image\/upload\/t_focal-280x140,f_auto,q_auto:best\/mpx\/2704722219\/2025_01\/nc_pkg_wdiv_lyft_weight_lawsuit_250129-8nvx92.jpg\"\/><source media=\"(min-width: 758px)\" srcset=\"https:\/\/media-cldnry.s-nbcnews.com\/image\/upload\/t_focal-760x380,f_auto,q_auto:best\/mpx\/2704722219\/2025_01\/nc_pkg_wdiv_lyft_weight_lawsuit_250129-8nvx92.jpg\"\/><source media=\"(min-width: 320px)\" srcset=\"https:\/\/media-cldnry.s-nbcnews.com\/image\/upload\/t_focal-520x260,f_auto,q_auto:best\/mpx\/2704722219\/2025_01\/nc_pkg_wdiv_lyft_weight_lawsuit_250129-8nvx92.jpg\"\/><img decoding=\"async\" loading=\"lazy\" src=\"https:\/\/media-cldnry.s-nbcnews.com\/image\/upload\/t_focal-520x260,f_auto,q_auto:best\/mpx\/2704722219\/2025_01\/nc_pkg_wdiv_lyft_weight_lawsuit_250129-8nvx92.jpg\" alt=\"\"\/><\/picture><\/div>\n<p><h2 class=\"playlist-drawer__title\" data-testid=\"playlist-title\">La mujer de Detroit demanda a Lyft despu\u00e9s de que se le niegue un paseo debido a su peso<\/h2>\n<p><span class=\"playlist-drawer__duration founders-mono\" data-testid=\"playlist-duration\">01:44<\/span><\/p>\n<\/div>\n<\/li>\n<li class=\"styles_video__RJe5I\">\n<div class=\"playlist-drawer__video\" data-testid=\"playlist-drawer-video\">\n<div class=\"playlist-drawer__thumbnail\"><picture class=\"playlist-drawer__thumbnail\" data-testid=\"picture\"><source media=\"(min-width: 1000px)\" srcset=\"https:\/\/media-cldnry.s-nbcnews.com\/image\/upload\/t_focal-280x140,f_auto,q_auto:best\/mpx\/2704722219\/2025_01\/wip_dolph-0u0kle.jpg\"\/><source media=\"(min-width: 758px)\" srcset=\"https:\/\/media-cldnry.s-nbcnews.com\/image\/upload\/t_focal-760x380,f_auto,q_auto:best\/mpx\/2704722219\/2025_01\/wip_dolph-0u0kle.jpg\"\/><source media=\"(min-width: 320px)\" srcset=\"https:\/\/media-cldnry.s-nbcnews.com\/image\/upload\/t_focal-520x260,f_auto,q_auto:best\/mpx\/2704722219\/2025_01\/wip_dolph-0u0kle.jpg\"\/><img decoding=\"async\" loading=\"lazy\" src=\"https:\/\/media-cldnry.s-nbcnews.com\/image\/upload\/t_focal-520x260,f_auto,q_auto:best\/mpx\/2704722219\/2025_01\/wip_dolph-0u0kle.jpg\" alt=\"\"\/><\/picture><\/div>\n<p><h2 class=\"playlist-drawer__title\" data-testid=\"playlist-title\">&#8216;Super Pod&#8217; de Dolphins de Miles Long, atrapados en la c\u00e1mara en la costa de California<\/h2>\n<p><span class=\"playlist-drawer__duration founders-mono\" data-testid=\"playlist-duration\">00:31<\/span><\/p>\n<\/div>\n<\/li>\n<li class=\"styles_video__RJe5I\">\n<div class=\"playlist-drawer__video\" data-testid=\"playlist-drawer-video\">\n<div class=\"playlist-drawer__thumbnail\"><picture class=\"playlist-drawer__thumbnail\" data-testid=\"picture\"><source media=\"(min-width: 1000px)\" srcset=\"https:\/\/media-cldnry.s-nbcnews.com\/image\/upload\/t_focal-280x140,f_auto,q_auto:best\/mpx\/2704722219\/2025_01\/1738118338456_now_topstory_nigerian_man_extortion_250128_1920x1080-4wjfft.jpg\"\/><source media=\"(min-width: 758px)\" srcset=\"https:\/\/media-cldnry.s-nbcnews.com\/image\/upload\/t_focal-760x380,f_auto,q_auto:best\/mpx\/2704722219\/2025_01\/1738118338456_now_topstory_nigerian_man_extortion_250128_1920x1080-4wjfft.jpg\"\/><source media=\"(min-width: 320px)\" srcset=\"https:\/\/media-cldnry.s-nbcnews.com\/image\/upload\/t_focal-520x260,f_auto,q_auto:best\/mpx\/2704722219\/2025_01\/1738118338456_now_topstory_nigerian_man_extortion_250128_1920x1080-4wjfft.jpg\"\/><img decoding=\"async\" loading=\"lazy\" src=\"https:\/\/media-cldnry.s-nbcnews.com\/image\/upload\/t_focal-520x260,f_auto,q_auto:best\/mpx\/2704722219\/2025_01\/1738118338456_now_topstory_nigerian_man_extortion_250128_1920x1080-4wjfft.jpg\" alt=\"\"\/><\/picture><\/div>\n<p><h2 class=\"playlist-drawer__title\" data-testid=\"playlist-title\">Hombre nigeriano acusado de extorsionar a la adolescente de Carolina del Sur que muri\u00f3<\/h2>\n<p><span class=\"playlist-drawer__duration founders-mono\" data-testid=\"playlist-duration\">03:49<\/span><\/p>\n<\/div>\n<\/li>\n<li class=\"styles_video__RJe5I\">\n<div class=\"playlist-drawer__video\" data-testid=\"playlist-drawer-video\">\n<div class=\"playlist-drawer__thumbnail\"><picture class=\"playlist-drawer__thumbnail\" data-testid=\"picture\"><source media=\"(min-width: 1000px)\" srcset=\"https:\/\/media-cldnry.s-nbcnews.com\/image\/upload\/t_focal-280x140,f_auto,q_auto:best\/mpx\/2704722219\/2025_01\/1738118316737_now_topstory_holocaust_survivor_aushwitz_250128_1920x1080-j6b0bj.jpg\"\/><source media=\"(min-width: 758px)\" srcset=\"https:\/\/media-cldnry.s-nbcnews.com\/image\/upload\/t_focal-760x380,f_auto,q_auto:best\/mpx\/2704722219\/2025_01\/1738118316737_now_topstory_holocaust_survivor_aushwitz_250128_1920x1080-j6b0bj.jpg\"\/><source media=\"(min-width: 320px)\" srcset=\"https:\/\/media-cldnry.s-nbcnews.com\/image\/upload\/t_focal-520x260,f_auto,q_auto:best\/mpx\/2704722219\/2025_01\/1738118316737_now_topstory_holocaust_survivor_aushwitz_250128_1920x1080-j6b0bj.jpg\"\/><img decoding=\"async\" loading=\"lazy\" src=\"https:\/\/media-cldnry.s-nbcnews.com\/image\/upload\/t_focal-520x260,f_auto,q_auto:best\/mpx\/2704722219\/2025_01\/1738118316737_now_topstory_holocaust_survivor_aushwitz_250128_1920x1080-j6b0bj.jpg\" alt=\"\"\/><\/picture><\/div>\n<p><h2 class=\"playlist-drawer__title\" data-testid=\"playlist-title\">El sobreviviente del Holocausto regresa a Aushwitz por primera vez en d\u00e9cadas<\/h2>\n<p><span class=\"playlist-drawer__duration founders-mono\" data-testid=\"playlist-duration\">03:35<\/span><\/p>\n<\/div>\n<\/li>\n<li class=\"styles_video__RJe5I\">\n<div class=\"playlist-drawer__video\" data-testid=\"playlist-drawer-video\">\n<div class=\"playlist-drawer__thumbnail\"><picture class=\"playlist-drawer__thumbnail\" data-testid=\"picture\"><source media=\"(min-width: 1000px)\" srcset=\"https:\/\/media-cldnry.s-nbcnews.com\/image\/upload\/t_focal-280x140,f_auto,q_auto:best\/mpx\/2704722219\/2025_01\/1738109931027_nn_ath_kansas_tuberculosis_outbreak_250128_1920x1080-ljww8u.jpg\"\/><source media=\"(min-width: 758px)\" srcset=\"https:\/\/media-cldnry.s-nbcnews.com\/image\/upload\/t_focal-760x380,f_auto,q_auto:best\/mpx\/2704722219\/2025_01\/1738109931027_nn_ath_kansas_tuberculosis_outbreak_250128_1920x1080-ljww8u.jpg\"\/><source media=\"(min-width: 320px)\" srcset=\"https:\/\/media-cldnry.s-nbcnews.com\/image\/upload\/t_focal-520x260,f_auto,q_auto:best\/mpx\/2704722219\/2025_01\/1738109931027_nn_ath_kansas_tuberculosis_outbreak_250128_1920x1080-ljww8u.jpg\"\/><img decoding=\"async\" loading=\"lazy\" src=\"https:\/\/media-cldnry.s-nbcnews.com\/image\/upload\/t_focal-520x260,f_auto,q_auto:best\/mpx\/2704722219\/2025_01\/1738109931027_nn_ath_kansas_tuberculosis_outbreak_250128_1920x1080-ljww8u.jpg\" alt=\"\"\/><\/picture><\/div>\n<p><h2 class=\"playlist-drawer__title\" data-testid=\"playlist-title\">Brote de tuberculosis reportado en Kansas<\/h2>\n<p><span class=\"playlist-drawer__duration founders-mono\" data-testid=\"playlist-duration\">01:46<\/span><\/p>\n<\/div>\n<\/li>\n<li class=\"styles_video__RJe5I\">\n<div class=\"playlist-drawer__video\" data-testid=\"playlist-drawer-video\">\n<div class=\"playlist-drawer__thumbnail\"><picture class=\"playlist-drawer__thumbnail\" data-testid=\"picture\"><source media=\"(min-width: 1000px)\" srcset=\"https:\/\/media-cldnry.s-nbcnews.com\/image\/upload\/t_focal-280x140,f_auto,q_auto:best\/mpx\/2704722219\/2025_01\/1738107829591_nn_ggu_icenyc_250128_1920x1080-fkus7m.jpg\"\/><source media=\"(min-width: 758px)\" srcset=\"https:\/\/media-cldnry.s-nbcnews.com\/image\/upload\/t_focal-760x380,f_auto,q_auto:best\/mpx\/2704722219\/2025_01\/1738107829591_nn_ggu_icenyc_250128_1920x1080-fkus7m.jpg\"\/><source media=\"(min-width: 320px)\" srcset=\"https:\/\/media-cldnry.s-nbcnews.com\/image\/upload\/t_focal-520x260,f_auto,q_auto:best\/mpx\/2704722219\/2025_01\/1738107829591_nn_ggu_icenyc_250128_1920x1080-fkus7m.jpg\"\/><img decoding=\"async\" loading=\"lazy\" src=\"https:\/\/media-cldnry.s-nbcnews.com\/image\/upload\/t_focal-520x260,f_auto,q_auto:best\/mpx\/2704722219\/2025_01\/1738107829591_nn_ggu_icenyc_250128_1920x1080-fkus7m.jpg\" alt=\"\"\/><\/picture><\/div>\n<p><h2 class=\"playlist-drawer__title\" data-testid=\"playlist-title\">Los migrantes indocumentados en Nueva York arrestados en la represi\u00f3n de Trump contra la inmigraci\u00f3n ilegal<\/h2>\n<p><span class=\"playlist-drawer__duration founders-mono\" data-testid=\"playlist-duration\">02:03<\/span><\/p>\n<\/div>\n<\/li>\n<li class=\"styles_video__RJe5I\">\n<div class=\"playlist-drawer__video\" data-testid=\"playlist-drawer-video\">\n<div class=\"playlist-drawer__thumbnail\"><picture class=\"playlist-drawer__thumbnail\" data-testid=\"picture\"><source media=\"(min-width: 1000px)\" srcset=\"https:\/\/media-cldnry.s-nbcnews.com\/image\/upload\/t_focal-280x140,f_auto,q_auto:best\/mpx\/2704722219\/2025_01\/migrants_thumb_-rqruk7.jpg\"\/><source media=\"(min-width: 758px)\" srcset=\"https:\/\/media-cldnry.s-nbcnews.com\/image\/upload\/t_focal-760x380,f_auto,q_auto:best\/mpx\/2704722219\/2025_01\/migrants_thumb_-rqruk7.jpg\"\/><source media=\"(min-width: 320px)\" srcset=\"https:\/\/media-cldnry.s-nbcnews.com\/image\/upload\/t_focal-520x260,f_auto,q_auto:best\/mpx\/2704722219\/2025_01\/migrants_thumb_-rqruk7.jpg\"\/><img decoding=\"async\" loading=\"lazy\" src=\"https:\/\/media-cldnry.s-nbcnews.com\/image\/upload\/t_focal-520x260,f_auto,q_auto:best\/mpx\/2704722219\/2025_01\/migrants_thumb_-rqruk7.jpg\" alt=\"\"\/><\/picture><\/div>\n<p><h2 class=\"playlist-drawer__title\" data-testid=\"playlist-title\">El video muestra a los oficiales que interceptan camionetas que transportan migrantes en Florida<\/h2>\n<p><span class=\"playlist-drawer__duration founders-mono\" data-testid=\"playlist-duration\">00:41<\/span><\/p>\n<\/div>\n<\/li>\n<li class=\"styles_video__RJe5I\">\n<div class=\"playlist-drawer__video\" data-testid=\"playlist-drawer-video\">\n<div class=\"playlist-drawer__thumbnail\"><picture class=\"playlist-drawer__thumbnail\" data-testid=\"picture\"><source media=\"(min-width: 1000px)\" srcset=\"https:\/\/media-cldnry.s-nbcnews.com\/image\/upload\/t_focal-280x140,f_auto,q_auto:best\/mpx\/2704722219\/2025_01\/1738092417497_nbc_spec_kennedy_rfk_reject_250128_1920x1080-yxe6s6.jpg\"\/><source media=\"(min-width: 758px)\" srcset=\"https:\/\/media-cldnry.s-nbcnews.com\/image\/upload\/t_focal-760x380,f_auto,q_auto:best\/mpx\/2704722219\/2025_01\/1738092417497_nbc_spec_kennedy_rfk_reject_250128_1920x1080-yxe6s6.jpg\"\/><source media=\"(min-width: 320px)\" srcset=\"https:\/\/media-cldnry.s-nbcnews.com\/image\/upload\/t_focal-520x260,f_auto,q_auto:best\/mpx\/2704722219\/2025_01\/1738092417497_nbc_spec_kennedy_rfk_reject_250128_1920x1080-yxe6s6.jpg\"\/><img decoding=\"async\" loading=\"lazy\" src=\"https:\/\/media-cldnry.s-nbcnews.com\/image\/upload\/t_focal-520x260,f_auto,q_auto:best\/mpx\/2704722219\/2025_01\/1738092417497_nbc_spec_kennedy_rfk_reject_250128_1920x1080-yxe6s6.jpg\" alt=\"\"\/><\/picture><\/div>\n<p><h2 class=\"playlist-drawer__title\" data-testid=\"playlist-title\">Caroline Kennedy insta al Senado a rechazar la nominaci\u00f3n de RFK Jr. en la publicaci\u00f3n de las redes sociales<\/h2>\n<p><span class=\"playlist-drawer__duration founders-mono\" data-testid=\"playlist-duration\">02:02<\/span><\/p>\n<\/div>\n<\/li>\n<li class=\"styles_video__RJe5I\">\n<div class=\"playlist-drawer__video\" data-testid=\"playlist-drawer-video\">\n<div class=\"playlist-drawer__thumbnail\"><picture class=\"playlist-drawer__thumbnail\" data-testid=\"picture\"><source media=\"(min-width: 1000px)\" srcset=\"https:\/\/media-cldnry.s-nbcnews.com\/image\/upload\/t_focal-280x140,f_auto,q_auto:best\/mpx\/2704722219\/2025_01\/1738092194574_now_daily_b_kansas_tuberculosis_outbreak_250128_1920x1080-4a1108.jpg\"\/><source media=\"(min-width: 758px)\" srcset=\"https:\/\/media-cldnry.s-nbcnews.com\/image\/upload\/t_focal-760x380,f_auto,q_auto:best\/mpx\/2704722219\/2025_01\/1738092194574_now_daily_b_kansas_tuberculosis_outbreak_250128_1920x1080-4a1108.jpg\"\/><source media=\"(min-width: 320px)\" srcset=\"https:\/\/media-cldnry.s-nbcnews.com\/image\/upload\/t_focal-520x260,f_auto,q_auto:best\/mpx\/2704722219\/2025_01\/1738092194574_now_daily_b_kansas_tuberculosis_outbreak_250128_1920x1080-4a1108.jpg\"\/><img decoding=\"async\" loading=\"lazy\" src=\"https:\/\/media-cldnry.s-nbcnews.com\/image\/upload\/t_focal-520x260,f_auto,q_auto:best\/mpx\/2704722219\/2025_01\/1738092194574_now_daily_b_kansas_tuberculosis_outbreak_250128_1920x1080-4a1108.jpg\" alt=\"\"\/><\/picture><\/div>\n<p><h2 class=\"playlist-drawer__title\" data-testid=\"playlist-title\">Docenas de casos de tuberculosis confirmados en Kansas Brote<\/h2>\n<p><span class=\"playlist-drawer__duration founders-mono\" data-testid=\"playlist-duration\">02:51<\/span><\/p>\n<\/div>\n<\/li>\n<li class=\"styles_video__RJe5I\">\n<div class=\"playlist-drawer__video\" data-testid=\"playlist-drawer-video\">\n<div class=\"playlist-drawer__thumbnail\"><picture class=\"playlist-drawer__thumbnail\" data-testid=\"picture\"><source media=\"(min-width: 1000px)\" srcset=\"https:\/\/media-cldnry.s-nbcnews.com\/image\/upload\/t_focal-280x140,f_auto,q_auto:best\/mpx\/2704722219\/2025_01\/1738091295846_nbc_spec_truth_leavitt_250128_1920x1080-1qpxbe.jpg\"\/><source media=\"(min-width: 758px)\" srcset=\"https:\/\/media-cldnry.s-nbcnews.com\/image\/upload\/t_focal-760x380,f_auto,q_auto:best\/mpx\/2704722219\/2025_01\/1738091295846_nbc_spec_truth_leavitt_250128_1920x1080-1qpxbe.jpg\"\/><source media=\"(min-width: 320px)\" srcset=\"https:\/\/media-cldnry.s-nbcnews.com\/image\/upload\/t_focal-520x260,f_auto,q_auto:best\/mpx\/2704722219\/2025_01\/1738091295846_nbc_spec_truth_leavitt_250128_1920x1080-1qpxbe.jpg\"\/><img decoding=\"async\" loading=\"lazy\" src=\"https:\/\/media-cldnry.s-nbcnews.com\/image\/upload\/t_focal-520x260,f_auto,q_auto:best\/mpx\/2704722219\/2025_01\/1738091295846_nbc_spec_truth_leavitt_250128_1920x1080-1qpxbe.jpg\" alt=\"\"\/><\/picture><\/div>\n<p><h2 class=\"playlist-drawer__title\" data-testid=\"playlist-title\">Secretario de prensa promueve la transparencia, desaf\u00eda la precisi\u00f3n de los medios<\/h2>\n<p><span class=\"playlist-drawer__duration founders-mono\" data-testid=\"playlist-duration\">32:40<\/span><\/p>\n<\/div>\n<\/li>\n<li class=\"styles_video__RJe5I\">\n<div class=\"playlist-drawer__video\" data-testid=\"playlist-drawer-video\">\n<div class=\"playlist-drawer__thumbnail\"><picture class=\"playlist-drawer__thumbnail\" data-testid=\"picture\"><source media=\"(min-width: 1000px)\" srcset=\"https:\/\/media-cldnry.s-nbcnews.com\/image\/upload\/t_focal-280x140,f_auto,q_auto:best\/mpx\/2704722219\/2025_01\/1738088524208_nbc_spec_drones_wh_250128_1920x1080-xbdekw.jpg\"\/><source media=\"(min-width: 758px)\" srcset=\"https:\/\/media-cldnry.s-nbcnews.com\/image\/upload\/t_focal-760x380,f_auto,q_auto:best\/mpx\/2704722219\/2025_01\/1738088524208_nbc_spec_drones_wh_250128_1920x1080-xbdekw.jpg\"\/><source media=\"(min-width: 320px)\" srcset=\"https:\/\/media-cldnry.s-nbcnews.com\/image\/upload\/t_focal-520x260,f_auto,q_auto:best\/mpx\/2704722219\/2025_01\/1738088524208_nbc_spec_drones_wh_250128_1920x1080-xbdekw.jpg\"\/><img decoding=\"async\" loading=\"lazy\" src=\"https:\/\/media-cldnry.s-nbcnews.com\/image\/upload\/t_focal-520x260,f_auto,q_auto:best\/mpx\/2704722219\/2025_01\/1738088524208_nbc_spec_drones_wh_250128_1920x1080-xbdekw.jpg\" alt=\"\"\/><\/picture><\/div>\n<p><h2 class=\"playlist-drawer__title\" data-testid=\"playlist-title\">La Casa Blanca confirma que los drones de NJ fueron autorizados por la FAA para &#8216;investigaci\u00f3n y otras razones&#8217;<\/h2>\n<p><span class=\"playlist-drawer__duration founders-mono\" data-testid=\"playlist-duration\">00:39<\/span><\/p>\n<\/div>\n<\/li>\n<li class=\"styles_video__RJe5I\">\n<div class=\"playlist-drawer__video\" data-testid=\"playlist-drawer-video\">\n<div class=\"playlist-drawer__thumbnail\"><picture class=\"playlist-drawer__thumbnail\" data-testid=\"picture\"><source media=\"(min-width: 1000px)\" srcset=\"https:\/\/media-cldnry.s-nbcnews.com\/image\/upload\/t_focal-280x140,f_auto,q_auto:best\/mpx\/2704722219\/2025_01\/1738085145037_now_daily_a_ice_three_cities_plan_gutierrez_250128_1920x1080-etw2c2.jpg\"\/><source media=\"(min-width: 758px)\" srcset=\"https:\/\/media-cldnry.s-nbcnews.com\/image\/upload\/t_focal-760x380,f_auto,q_auto:best\/mpx\/2704722219\/2025_01\/1738085145037_now_daily_a_ice_three_cities_plan_gutierrez_250128_1920x1080-etw2c2.jpg\"\/><source media=\"(min-width: 320px)\" srcset=\"https:\/\/media-cldnry.s-nbcnews.com\/image\/upload\/t_focal-520x260,f_auto,q_auto:best\/mpx\/2704722219\/2025_01\/1738085145037_now_daily_a_ice_three_cities_plan_gutierrez_250128_1920x1080-etw2c2.jpg\"\/><img decoding=\"async\" loading=\"lazy\" src=\"https:\/\/media-cldnry.s-nbcnews.com\/image\/upload\/t_focal-520x260,f_auto,q_auto:best\/mpx\/2704722219\/2025_01\/1738085145037_now_daily_a_ice_three_cities_plan_gutierrez_250128_1920x1080-etw2c2.jpg\" alt=\"\"\/><\/picture><\/div>\n<p><h2 class=\"playlist-drawer__title\" data-testid=\"playlist-title\">ICE para enfocar las operaciones de inmigraci\u00f3n en tres ciudades cada semana<\/h2>\n<p><span class=\"playlist-drawer__duration founders-mono\" data-testid=\"playlist-duration\">03:09<\/span><\/p>\n<\/div>\n<\/li>\n<li class=\"styles_video__RJe5I\">\n<div class=\"playlist-drawer__video\" data-testid=\"playlist-drawer-video\">\n<div class=\"playlist-drawer__thumbnail\"><picture class=\"playlist-drawer__thumbnail\" data-testid=\"picture\"><source media=\"(min-width: 1000px)\" srcset=\"https:\/\/media-cldnry.s-nbcnews.com\/image\/upload\/t_focal-280x140,f_auto,q_auto:best\/mpx\/2704722219\/2025_01\/nc_pkg_wmaq_world_relief_halted_250128-288oog.jpg\"\/><source media=\"(min-width: 758px)\" srcset=\"https:\/\/media-cldnry.s-nbcnews.com\/image\/upload\/t_focal-760x380,f_auto,q_auto:best\/mpx\/2704722219\/2025_01\/nc_pkg_wmaq_world_relief_halted_250128-288oog.jpg\"\/><source media=\"(min-width: 320px)\" srcset=\"https:\/\/media-cldnry.s-nbcnews.com\/image\/upload\/t_focal-520x260,f_auto,q_auto:best\/mpx\/2704722219\/2025_01\/nc_pkg_wmaq_world_relief_halted_250128-288oog.jpg\"\/><img decoding=\"async\" loading=\"lazy\" src=\"https:\/\/media-cldnry.s-nbcnews.com\/image\/upload\/t_focal-520x260,f_auto,q_auto:best\/mpx\/2704722219\/2025_01\/nc_pkg_wmaq_world_relief_halted_250128-288oog.jpg\" alt=\"\"\/><\/picture><\/div>\n<p><h2 class=\"playlist-drawer__title\" data-testid=\"playlist-title\">Orden de inmigraci\u00f3n federal detiene las operaciones de la Organizaci\u00f3n de Relieve de Refugiados de Chicago<\/h2>\n<p><span class=\"playlist-drawer__duration founders-mono\" data-testid=\"playlist-duration\">01:30<\/span><\/p>\n<\/div>\n<\/li>\n<li class=\"styles_video__RJe5I\">\n<div class=\"playlist-drawer__video\" data-testid=\"playlist-drawer-video\">\n<div class=\"playlist-drawer__thumbnail\"><picture class=\"playlist-drawer__thumbnail\" data-testid=\"picture\"><source media=\"(min-width: 1000px)\" srcset=\"https:\/\/media-cldnry.s-nbcnews.com\/image\/upload\/t_focal-280x140,f_auto,q_auto:best\/mpx\/2704722219\/2025_01\/nc_pkg_wbal_immigrants_bishop_250127-vdhs2q.jpg\"\/><source media=\"(min-width: 758px)\" srcset=\"https:\/\/media-cldnry.s-nbcnews.com\/image\/upload\/t_focal-760x380,f_auto,q_auto:best\/mpx\/2704722219\/2025_01\/nc_pkg_wbal_immigrants_bishop_250127-vdhs2q.jpg\"\/><source media=\"(min-width: 320px)\" srcset=\"https:\/\/media-cldnry.s-nbcnews.com\/image\/upload\/t_focal-520x260,f_auto,q_auto:best\/mpx\/2704722219\/2025_01\/nc_pkg_wbal_immigrants_bishop_250127-vdhs2q.jpg\"\/><img decoding=\"async\" loading=\"lazy\" src=\"https:\/\/media-cldnry.s-nbcnews.com\/image\/upload\/t_focal-520x260,f_auto,q_auto:best\/mpx\/2704722219\/2025_01\/nc_pkg_wbal_immigrants_bishop_250127-vdhs2q.jpg\" alt=\"\"\/><\/picture><\/div>\n<p><h2 class=\"playlist-drawer__title\" data-testid=\"playlist-title\">&#8216;Est\u00e1n asustados, asustados, confundidos&#8217;: el pastor de Maryland dice que 15 personas tomadas en hielo rodean<\/h2>\n<p><span class=\"playlist-drawer__duration founders-mono\" data-testid=\"playlist-duration\">01:32<\/span><\/p>\n<\/div>\n<\/li>\n<\/ul>\n<\/section>\n<\/div>\n<p><button class=\"styles_nextButton__rVyuE\" type=\"button\" data-testid=\"next-button\"><span class=\"icon icon-back\"\/><\/button><\/div>\n<\/div>\n<div class=\"layout-grid-container\">\n<div class=\"video-details__info\" data-testid=\"video-details\">\n<div class=\"video-details__title-and-share-and-dek\">\n<div class=\"video-details__dek\">\n<p class=\"video-details__dek-text\"><span class=\"video-details__dek-description\">Las im\u00e1genes de la CCAM parecen mostrar una explosi\u00f3n sobre el r\u00edo Potomac en Washington, DC, esto sucedi\u00f3 en medio de que un avi\u00f3n regional choc\u00f3 en el aire con un helic\u00f3ptero mientras se acercaba al aeropuerto nacional de Reagan Washington.<\/span><span class=\"video-details__by-line\">30 de enero de 2025<\/span><\/p>\n<\/div>\n<p><button class=\"video-details__dek-read-more\" type=\"button\">Leer<!-- --> <!-- -->M\u00e1s<\/button><\/div>\n<\/div>\n<\/div>\n<\/div>\n<div class=\"video-page__carousel\" data-testid=\"video-page-playlist\"><button class=\"styles_prevButton__Fx_g5 styles_disabled__HbxXI\" type=\"button\" data-testid=\"prev-button\"><span class=\"icon icon-back\"\/><\/button><\/p>\n<div class=\"styles_playlistDrawer__cldGd\" data-testid=\"playlist-drawer\">\n<section class=\"styles_playlist__9021X\">\n<ul class=\"styles_videos__nQb5X\">\n<li class=\"styles_video__RJe5I\">\n<div class=\"playlist-drawer__video\" data-testid=\"playlist-drawer-video\">\n<div class=\"playlist-drawer__thumbnail\">\n<p>Ahora jugando<\/p>\n<picture class=\"playlist-drawer__thumbnail\" data-testid=\"picture\"><source media=\"(min-width: 1000px)\" srcset=\"https:\/\/media-cldnry.s-nbcnews.com\/image\/upload\/t_focal-280x140,f_auto,q_auto:best\/mpx\/2704722219\/2025_01\/tm-earthcam-crash-744l5d.jpg\"\/><source media=\"(min-width: 758px)\" srcset=\"https:\/\/media-cldnry.s-nbcnews.com\/image\/upload\/t_focal-760x380,f_auto,q_auto:best\/mpx\/2704722219\/2025_01\/tm-earthcam-crash-744l5d.jpg\"\/><source media=\"(min-width: 320px)\" srcset=\"https:\/\/media-cldnry.s-nbcnews.com\/image\/upload\/t_focal-520x260,f_auto,q_auto:best\/mpx\/2704722219\/2025_01\/tm-earthcam-crash-744l5d.jpg\"\/><img decoding=\"async\" loading=\"lazy\" src=\"https:\/\/media-cldnry.s-nbcnews.com\/image\/upload\/t_focal-520x260,f_auto,q_auto:best\/mpx\/2704722219\/2025_01\/tm-earthcam-crash-744l5d.jpg\" alt=\"\"\/><\/picture><\/div>\n<p><h2 class=\"playlist-drawer__title\" data-testid=\"playlist-title\">MIRAR: El video de Earthcam muestra explosi\u00f3n sobre el r\u00edo Potomac<\/h2>\n<p><span class=\"playlist-drawer__duration founders-mono\" data-testid=\"playlist-duration\">00:23<\/span><\/p>\n<\/div>\n<\/li>\n<li class=\"styles_video__RJe5I\">\n<div class=\"playlist-drawer__video\" data-testid=\"playlist-drawer-video\">\n<p>A continuaci\u00f3n<\/p>\n<div class=\"playlist-drawer__thumbnail\"><picture class=\"playlist-drawer__thumbnail\" data-testid=\"picture\"><source media=\"(min-width: 1000px)\" srcset=\"https:\/\/media-cldnry.s-nbcnews.com\/image\/upload\/t_focal-280x140,f_auto,q_auto:best\/mpx\/2704722219\/2025_01\/1738207793323_now_brk_jet_helicopter_collision_250129_1920x1080-o1rpbj.jpg\"\/><source media=\"(min-width: 758px)\" srcset=\"https:\/\/media-cldnry.s-nbcnews.com\/image\/upload\/t_focal-760x380,f_auto,q_auto:best\/mpx\/2704722219\/2025_01\/1738207793323_now_brk_jet_helicopter_collision_250129_1920x1080-o1rpbj.jpg\"\/><source media=\"(min-width: 320px)\" srcset=\"https:\/\/media-cldnry.s-nbcnews.com\/image\/upload\/t_focal-520x260,f_auto,q_auto:best\/mpx\/2704722219\/2025_01\/1738207793323_now_brk_jet_helicopter_collision_250129_1920x1080-o1rpbj.jpg\"\/><img decoding=\"async\" loading=\"lazy\" src=\"https:\/\/media-cldnry.s-nbcnews.com\/image\/upload\/t_focal-520x260,f_auto,q_auto:best\/mpx\/2704722219\/2025_01\/1738207793323_now_brk_jet_helicopter_collision_250129_1920x1080-o1rpbj.jpg\" alt=\"\"\/><\/picture><\/div>\n<p><h2 class=\"playlist-drawer__title\" data-testid=\"playlist-title\">El vuelo de American Airlines choca con helic\u00f3ptero en Washington, DC<\/h2>\n<p><span class=\"playlist-drawer__duration founders-mono\" data-testid=\"playlist-duration\">02:05<\/span><\/p>\n<\/div>\n<\/li>\n<li class=\"styles_video__RJe5I\">\n<div class=\"playlist-drawer__video\" data-testid=\"playlist-drawer-video\">\n<div class=\"playlist-drawer__thumbnail\"><picture class=\"playlist-drawer__thumbnail\" data-testid=\"picture\"><source media=\"(min-width: 1000px)\" srcset=\"https:\/\/media-cldnry.s-nbcnews.com\/image\/upload\/t_focal-280x140,f_auto,q_auto:best\/mpx\/2704722219\/2025_01\/1738180821022_now_daily_b_trump_freeze_defend_250129_1920x1080-uhkie3.jpg\"\/><source media=\"(min-width: 758px)\" srcset=\"https:\/\/media-cldnry.s-nbcnews.com\/image\/upload\/t_focal-760x380,f_auto,q_auto:best\/mpx\/2704722219\/2025_01\/1738180821022_now_daily_b_trump_freeze_defend_250129_1920x1080-uhkie3.jpg\"\/><source media=\"(min-width: 320px)\" srcset=\"https:\/\/media-cldnry.s-nbcnews.com\/image\/upload\/t_focal-520x260,f_auto,q_auto:best\/mpx\/2704722219\/2025_01\/1738180821022_now_daily_b_trump_freeze_defend_250129_1920x1080-uhkie3.jpg\"\/><img decoding=\"async\" loading=\"lazy\" src=\"https:\/\/media-cldnry.s-nbcnews.com\/image\/upload\/t_focal-520x260,f_auto,q_auto:best\/mpx\/2704722219\/2025_01\/1738180821022_now_daily_b_trump_freeze_defend_250129_1920x1080-uhkie3.jpg\" alt=\"\"\/><\/picture><\/div>\n<p><h2 class=\"playlist-drawer__title\" data-testid=\"playlist-title\">Trump defiende la ayuda de fondos federales de ayuda despu\u00e9s de que la Casa Blanca dice que rescinde la orden<\/h2>\n<p><span class=\"playlist-drawer__duration founders-mono\" data-testid=\"playlist-duration\">00:42<\/span><\/p>\n<\/div>\n<\/li>\n<li class=\"styles_video__RJe5I\">\n<div class=\"playlist-drawer__video\" data-testid=\"playlist-drawer-video\">\n<div class=\"playlist-drawer__thumbnail\"><picture class=\"playlist-drawer__thumbnail\" data-testid=\"picture\"><source media=\"(min-width: 1000px)\" srcset=\"https:\/\/media-cldnry.s-nbcnews.com\/image\/upload\/t_focal-280x140,f_auto,q_auto:best\/mpx\/2704722219\/2025_01\/1738178912863_now_daily_b_fed_res_steady_250129_1920x1080-vgeri0.jpg\"\/><source media=\"(min-width: 758px)\" srcset=\"https:\/\/media-cldnry.s-nbcnews.com\/image\/upload\/t_focal-760x380,f_auto,q_auto:best\/mpx\/2704722219\/2025_01\/1738178912863_now_daily_b_fed_res_steady_250129_1920x1080-vgeri0.jpg\"\/><source media=\"(min-width: 320px)\" srcset=\"https:\/\/media-cldnry.s-nbcnews.com\/image\/upload\/t_focal-520x260,f_auto,q_auto:best\/mpx\/2704722219\/2025_01\/1738178912863_now_daily_b_fed_res_steady_250129_1920x1080-vgeri0.jpg\"\/><img decoding=\"async\" loading=\"lazy\" src=\"https:\/\/media-cldnry.s-nbcnews.com\/image\/upload\/t_focal-520x260,f_auto,q_auto:best\/mpx\/2704722219\/2025_01\/1738178912863_now_daily_b_fed_res_steady_250129_1920x1080-vgeri0.jpg\" alt=\"\"\/><\/picture><\/div>\n<p><h2 class=\"playlist-drawer__title\" data-testid=\"playlist-title\">La Reserva Federal mantiene las tasas de inter\u00e9s sin cambios<\/h2>\n<p><span class=\"playlist-drawer__duration founders-mono\" data-testid=\"playlist-duration\">00:59<\/span><\/p>\n<\/div>\n<\/li>\n<li class=\"styles_video__RJe5I\">\n<div class=\"playlist-drawer__video\" data-testid=\"playlist-drawer-video\">\n<div class=\"playlist-drawer__thumbnail\"><picture class=\"playlist-drawer__thumbnail\" data-testid=\"picture\"><source media=\"(min-width: 1000px)\" srcset=\"https:\/\/media-cldnry.s-nbcnews.com\/image\/upload\/t_focal-280x140,f_auto,q_auto:best\/mpx\/2704722219\/2025_01\/1738171650742_now_spec_rfk_abortions_senate_hearing_250129_1920x1080-gihjoy.jpg\"\/><source media=\"(min-width: 758px)\" srcset=\"https:\/\/media-cldnry.s-nbcnews.com\/image\/upload\/t_focal-760x380,f_auto,q_auto:best\/mpx\/2704722219\/2025_01\/1738171650742_now_spec_rfk_abortions_senate_hearing_250129_1920x1080-gihjoy.jpg\"\/><source media=\"(min-width: 320px)\" srcset=\"https:\/\/media-cldnry.s-nbcnews.com\/image\/upload\/t_focal-520x260,f_auto,q_auto:best\/mpx\/2704722219\/2025_01\/1738171650742_now_spec_rfk_abortions_senate_hearing_250129_1920x1080-gihjoy.jpg\"\/><img decoding=\"async\" loading=\"lazy\" src=\"https:\/\/media-cldnry.s-nbcnews.com\/image\/upload\/t_focal-520x260,f_auto,q_auto:best\/mpx\/2704722219\/2025_01\/1738171650742_now_spec_rfk_abortions_senate_hearing_250129_1920x1080-gihjoy.jpg\" alt=\"\"\/><\/picture><\/div>\n<p><h2 class=\"playlist-drawer__title\" data-testid=\"playlist-title\">RFK Jr. dice que respaldar\u00e1 las posiciones de aborto de Trump<\/h2>\n<p><span class=\"playlist-drawer__duration founders-mono\" data-testid=\"playlist-duration\">04:41<\/span><\/p>\n<\/div>\n<\/li>\n<li class=\"styles_video__RJe5I\">\n<div class=\"playlist-drawer__video\" data-testid=\"playlist-drawer-video\">\n<div class=\"playlist-drawer__thumbnail\"><picture class=\"playlist-drawer__thumbnail\" data-testid=\"picture\"><source media=\"(min-width: 1000px)\" srcset=\"https:\/\/media-cldnry.s-nbcnews.com\/image\/upload\/t_focal-280x140,f_auto,q_auto:best\/mpx\/2704722219\/2025_01\/protest_rfk-98l373.jpg\"\/><source media=\"(min-width: 758px)\" srcset=\"https:\/\/media-cldnry.s-nbcnews.com\/image\/upload\/t_focal-760x380,f_auto,q_auto:best\/mpx\/2704722219\/2025_01\/protest_rfk-98l373.jpg\"\/><source media=\"(min-width: 320px)\" srcset=\"https:\/\/media-cldnry.s-nbcnews.com\/image\/upload\/t_focal-520x260,f_auto,q_auto:best\/mpx\/2704722219\/2025_01\/protest_rfk-98l373.jpg\"\/><img decoding=\"async\" loading=\"lazy\" src=\"https:\/\/media-cldnry.s-nbcnews.com\/image\/upload\/t_focal-520x260,f_auto,q_auto:best\/mpx\/2704722219\/2025_01\/protest_rfk-98l373.jpg\" alt=\"\"\/><\/picture><\/div>\n<p><h2 class=\"playlist-drawer__title\" data-testid=\"playlist-title\">El manifestante interrumpe la declaraci\u00f3n de apertura de RFK Jr. en la audiencia de confirmaci\u00f3n del Senado<\/h2>\n<p><span class=\"playlist-drawer__duration founders-mono\" data-testid=\"playlist-duration\">00:24<\/span><\/p>\n<\/div>\n<\/li>\n<\/ul>\n<\/section>\n<\/div>\n<p><button class=\"styles_nextButton__rVyuE\" type=\"button\" data-testid=\"next-button\"><span class=\"icon icon-back\"\/><\/button><\/div>\n<\/div>\n<\/div>\n<\/div>\n\n","protected":false},"excerpt":{"rendered":"<p>IE 11 no es compatible. Para una experiencia \u00f3ptima, visite nuestro sitio en otro navegador. Ahora jugando MIRAR: El video de Earthcam muestra explosi\u00f3n sobre el r\u00edo Potomac 00:23 A continuaci\u00f3n El vuelo de American Airlines choca con helic\u00f3ptero en Washington, DC 02:05 Trump defiende la ayuda de fondos federales de ayuda despu\u00e9s de que &hellip;<\/p>\n","protected":false},"author":1,"featured_media":12492,"comment_status":"open","ping_status":"open","sticky":false,"template":"","format":"standard","meta":{"fifu_image_url":"https:\/\/media-cldnry.s-nbcnews.com\/image\/upload\/t_nbcnews-fp-1200-630,f_auto,q_auto:best\/mpx\/2704722219\/2025_01\/tm-earthcam-crash-744l5d.jpg","fifu_image_alt":"","footnotes":""},"categories":[4],"tags":[],"class_list":["post-12490","post","type-post","status-publish","format-standard","has-post-thumbnail","","category-historias-destacadas"],"_links":{"self":[{"href":"https:\/\/noticiasveraces.com\/index.php?rest_route=\/wp\/v2\/posts\/12490","targetHints":{"allow":["GET"]}}],"collection":[{"href":"https:\/\/noticiasveraces.com\/index.php?rest_route=\/wp\/v2\/posts"}],"about":[{"href":"https:\/\/noticiasveraces.com\/index.php?rest_route=\/wp\/v2\/types\/post"}],"author":[{"embeddable":true,"href":"https:\/\/noticiasveraces.com\/index.php?rest_route=\/wp\/v2\/users\/1"}],"replies":[{"embeddable":true,"href":"https:\/\/noticiasveraces.com\/index.php?rest_route=%2Fwp%2Fv2%2Fcomments&post=12490"}],"version-history":[{"count":0,"href":"https:\/\/noticiasveraces.com\/index.php?rest_route=\/wp\/v2\/posts\/12490\/revisions"}],"wp:featuredmedia":[{"embeddable":true,"href":"https:\/\/noticiasveraces.com\/index.php?rest_route=\/wp\/v2\/media\/12492"}],"wp:attachment":[{"href":"https:\/\/noticiasveraces.com\/index.php?rest_route=%2Fwp%2Fv2%2Fmedia&parent=12490"}],"wp:term":[{"taxonomy":"category","embeddable":true,"href":"https:\/\/noticiasveraces.com\/index.php?rest_route=%2Fwp%2Fv2%2Fcategories&post=12490"},{"taxonomy":"post_tag","embeddable":true,"href":"https:\/\/noticiasveraces.com\/index.php?rest_route=%2Fwp%2Fv2%2Ftags&post=12490"}],"curies":[{"name":"wp","href":"https:\/\/api.w.org\/{rel}","templated":true}]}}