{"id":12473,"date":"2025-01-29T21:45:06","date_gmt":"2025-01-30T01:45:06","guid":{"rendered":"https:\/\/noticiasveraces.com\/?p=12473"},"modified":"2025-01-29T21:45:06","modified_gmt":"2025-01-30T01:45:06","slug":"weinstein-suplica-a-juez-que-lo-safque-del-agujero-infernal-dw-30-01-2025","status":"publish","type":"post","link":"https:\/\/noticiasveraces.com\/?p=12473","title":{"rendered":"Weinstein Suplica A Juez Que lo Safque del \u00abAguJero Infernal\u00bb &#8211; DW &#8211; 30\/01\/2025"},"content":{"rendered":"<p> \n<\/p>\n<div>\n<p> El otrora Poderoso productor de Hollywood Harvey Weinstein, Encarcelado por Violaci\u00f3nica y Enfermo de Leucemia, Suplic\u00f3 Este Mi\u00e9rcoles (29.01.2025) A la Justicia Que loque del \u00abAguJero Infernal\u00bb de la Prisi\u00f3n, Ante elgio en Abril por agresi\u00f3n sexual.<\/p>\n<p>\u00abLe Ruego y Le Suplico, Se\u00f1or Juez. No Puedo M\u00e1s. Aguanto Porque Quiero Justicia y Seguir Adelante\u00bb, Declar\u00f3 el Exproductor Estadounidense de cine, de 72 A\u00f1os, Sentado en Una Silla de Ruedas, Seg\u00fann la Prensa Jur\u00eddica y Un Reportero de AFP.<\/p>\n<p>Con la Fecha de Su Segundo Juicio en Nueva York Fijada para el 15 de Abril de Manera \u00abinamovible\u00bb Seg\u00fan El Juez Curtis Farber, El Antiguo Magnate de Hollywood le Impllor\u00f3 \u00abQue Tuviera Piedad\u00bb.<\/p>\n<p>Encarcelado en la prisi\u00f3n Neyorquina de Rikers Island, Weinstein se Quej\u00f3 de Las Condicatos \u00abMedievales\u00bb de la Prisi\u00f3n.<\/p>\n<p>El Exjefe de los Estudios Miramax Pidio Tambi\u00e9n Ante El Tribunal en Manhattan Que Su Juicio Comience \u00abLo Antes Posible\u00bb, o incluso el 7 de Abril en Lugar del D\u00eda 15, ya que \u00abCADA SEMANA Cuenta\u00bb.<\/p>\n<p>En ise Sentido, El Juez Farber Dijo Que Estudiar\u00e1 la Petici\u00f3e del Acusado.<\/p>\n<p><span data-slot-id=\"Article_InContent-1\" class=\"rich-text-ad\"\/><\/p>\n<h2>Condenado en 2023 por ootro Caso de violaci\u00f3n<\/h2>\n<p>Weinstein Ser\u00e1 Juzgado de Nueva Haleyi.<\/p>\n<p>Este Nuevo Juicio Deb\u00eda Comenzar el 12 de Noviembre. Entre Tanto, la fiscal\u00eda de Manhattan lo acus\u00f3 de otra agresi\u00f3n sexual en 2006, carga del Que se declar\u00f3 inocente y solicitud un proceso separado.<\/p>\n<p>Weinstein Demand\u00f3 a la Administracia Penitenciaria Estadounidense Por \u00abPrivaci\u00f3n de Cuidados, (&#8230;) Negligencia M\u00e9dica y (&#8230;) Violaci\u00f3n de Constitucionales de Derechos\u00bb.<\/p>\n<p>El Antiguo TODOPODEROSO del Cine Hollywoodense Sigue en Prisi\u00f3n ya que Tambi\u00e9n Fue Condenado en 2023 A 16 A\u00f1os por una corteza de los \u00c1ngeles por otros Casos de Violencia Sexual.<\/p>\n<p>Las acusaciones contra Weinstein Aydaron A Lanzar el Movimiento #MeToo en 2017, Considerado Un Momento decisivo para la Lucha de Las Mujeres contra Los Abusos Sexoles en El Trabajo.<\/p>\n<p>M\u00e1s de 80 Mujeres lo Han Se\u00f1alado Por Acoso, Agresi\u00f3n Sexual O Violacia, Entre Ellas Angelina Jolie, Gwyneth Paltrow O Ashley Judd. AL ASEGURA QE LAS Relaciones Fueron Consentidas.<\/p>\n<p>MG (AFP, ABC News)<\/p>\n<div class=\"vjs-wrapper embed big\">\n<h2 aria-label=\"Video integrado \u2014 &quot;Me Too&quot;: la etiqueta contra el acoso sexual\" class=\"headline\"><svg xmlns=\"http:\/\/www.w3.org\/2000\/svg\" viewbox=\"0 0 20 20\"><g fill-rule=\"evenodd\"><path d=\"M14.114 7.599H13.5l.002 4.706h.601l4.582 3.25-.005-11.11zM11.084 4.444l-9.007.002-1.336.797.002 9.514 1.334.793 9.007.006 1.509-.799-.004-9.516z\"\/><\/g><\/svg>\u00abYo tambi\u00e9n\u00bb: la etiqueta contra el acoso sexual<\/h2>\n<p><video id=\"video-41216060\" controls=\"\" playsinline=\"\" preload=\"none\" poster=\"data:image\/png;base64,iVBORw0KGgoAAAANSUhEUgAAAAEAAAABCAQAAAC1HAwCAAAAC0lEQVR42mNkYAAAAAYAAjCB0C8AAAAASUVORK5CYII=\" data-id=\"41216060\" data-posterurl=\"https:\/\/tvdownloaddw-a.akamaihd.net\/stills\/images\/vdt_esp\/2017\/bspa171102_001_wvmetoo_01g_partner.jpg\" data-duration=\"02:40\"><source src=\"https:\/\/hlsvod.dw.com\/i\/dwtv_video\/flv\/vdt_esp\/2017\/bspa171102_001_wvmetoo_01g_,sd_sor,sd_avc,.mp4.csmil\/master.m3u8\" type=\"application\/x-mpegURL\"><source src=\"https:\/\/tvdownloaddw-a.akamaihd.net\/dwtv_video\/flv\/vdt_esp\/2017\/bspa171102_001_wvmetoo_01g_sd_avc.mp4\" type=\"video\/mp4\"><p class=\"vjs-no-js\">Para ver este video, habilite JavaScript y considere actualizar a un navegador web que admite el video HTML5<\/p>\n<p><\/source><\/source><\/video><\/div>\n<\/div>\n\n","protected":false},"excerpt":{"rendered":"<p>El otrora Poderoso productor de Hollywood Harvey Weinstein, Encarcelado por Violaci\u00f3nica y Enfermo de Leucemia, Suplic\u00f3 Este Mi\u00e9rcoles (29.01.2025) A la Justicia Que loque del \u00abAguJero Infernal\u00bb de la Prisi\u00f3n, Ante elgio en Abril por agresi\u00f3n sexual. \u00abLe Ruego y Le Suplico, Se\u00f1or Juez. No Puedo M\u00e1s. Aguanto Porque Quiero Justicia y Seguir Adelante\u00bb, Declar\u00f3 &hellip;<\/p>\n","protected":false},"author":1,"featured_media":12474,"comment_status":"open","ping_status":"open","sticky":false,"template":"","format":"standard","meta":{"fifu_image_url":"https:\/\/static.dw.com\/image\/68921707_6.jpg","fifu_image_alt":"","footnotes":""},"categories":[13],"tags":[],"class_list":["post-12473","post","type-post","status-publish","format-standard","has-post-thumbnail","","category-mundo"],"_links":{"self":[{"href":"https:\/\/noticiasveraces.com\/index.php?rest_route=\/wp\/v2\/posts\/12473","targetHints":{"allow":["GET"]}}],"collection":[{"href":"https:\/\/noticiasveraces.com\/index.php?rest_route=\/wp\/v2\/posts"}],"about":[{"href":"https:\/\/noticiasveraces.com\/index.php?rest_route=\/wp\/v2\/types\/post"}],"author":[{"embeddable":true,"href":"https:\/\/noticiasveraces.com\/index.php?rest_route=\/wp\/v2\/users\/1"}],"replies":[{"embeddable":true,"href":"https:\/\/noticiasveraces.com\/index.php?rest_route=%2Fwp%2Fv2%2Fcomments&post=12473"}],"version-history":[{"count":0,"href":"https:\/\/noticiasveraces.com\/index.php?rest_route=\/wp\/v2\/posts\/12473\/revisions"}],"wp:featuredmedia":[{"embeddable":true,"href":"https:\/\/noticiasveraces.com\/index.php?rest_route=\/wp\/v2\/media\/12474"}],"wp:attachment":[{"href":"https:\/\/noticiasveraces.com\/index.php?rest_route=%2Fwp%2Fv2%2Fmedia&parent=12473"}],"wp:term":[{"taxonomy":"category","embeddable":true,"href":"https:\/\/noticiasveraces.com\/index.php?rest_route=%2Fwp%2Fv2%2Fcategories&post=12473"},{"taxonomy":"post_tag","embeddable":true,"href":"https:\/\/noticiasveraces.com\/index.php?rest_route=%2Fwp%2Fv2%2Ftags&post=12473"}],"curies":[{"name":"wp","href":"https:\/\/api.w.org\/{rel}","templated":true}]}}