{"id":12465,"date":"2025-01-29T19:43:21","date_gmt":"2025-01-29T23:43:21","guid":{"rendered":"https:\/\/noticiasveraces.com\/?p=12465"},"modified":"2025-01-29T19:43:21","modified_gmt":"2025-01-29T23:43:21","slug":"erdogan-recibe-en-ankara-a-una-alta-delegacion-de-haman-dw-30-01-2025","status":"publish","type":"post","link":"https:\/\/noticiasveraces.com\/?p=12465","title":{"rendered":"Erdogan Recibe en Ankara A UNA ALTA DELEGACI\u00d3N DE HAM\u00c1N &#8211; DW &#8211; 30\/01\/2025"},"content":{"rendered":"<p> \n<\/p>\n<div>\n<p>El Presidente de Turqu\u00eda, El Islamista recep tayyip Erdogan, Recibio Este Mi\u00e9rcoles (29.01.2025) en ankara a una alta delegaci\u00f3n del movimiento islamista ham\u00e1s, liderada por el jefe del consejo de la shura, mohamed darwish.<\/p>\n<p>La delegaci\u00f3n ham\u00e1s, considerado grupo terrorista por varios pa\u00edses, inform\u00f3 al mandatario turco de los resultados de su reciente visita a el cairo y de sus reuniones cons servicios de seguridad y con el jefe de los servicios de Inteligencia egipcios, Hassan Rashad, Inform\u00f3 a un Efe una Fuente de Ham\u00e1s.<\/p>\n<p>Erdogan, por su parte, Asegur\u00f3 que \u00abno se se quede perder\u00eda el esp\u00edritu de resistencia\u00bb de ham\u00e1s tras 471 D\u00edas de Lucha en Gaza, Inform\u00f3 la Agencia Tura Anadolu, Citando Fuentes de la Presidencia Turca.<\/p>\n<p>Tambi\u00e9n le Habr\u00eda Prometido a la Delegaci\u00f3n Palestina que Turqu\u00eda se indique \u00abExplicando la Verdad\u00bb Sobre Gaza y Respdardar A su Poblaci\u00f3n, Al Tiempo Que Expes\u00f3 Su Seranza de Que El Alto el Fuego Pase a La Segunda y Vercerer Fase.<\/p>\n<p>Seg\u00fan Anadolu, a la Reuni\u00f3n Asistiero Junto Con Erdogan Tambi\u00e9n el Ministro de Asuntos Exteriores Turco, Hakan Fidan, El Jefe de Los Servicios Secececlos, Ibrahim Kalin, Y El Jefe de Comunicaci\u00f3n Presidencial, Fahrettin Altun. <\/p>\n<h2>Guerra en Gaza<\/h2>\n<p>Mientras, La Delegaci\u00f3n Palestina inclu\u00eda a Khalil al-Haya, Jefe de Ham\u00e1s en Gaza, Zaher Jabarin, Jefe en Cisjordania, Y Jaled Meshaal, Jefe en El Extranjero, Indicio las Fuentes del Grupo a Efe.<\/p>\n<p>Turqu\u00eda, Que Durante D\u00e9cadas Fue un importante Socio Comercial y Aliado Pol\u00edtico de Israel, Suspendi\u00f3 las relaciones Diplom\u00e1ticos y la Exportaci\u00f3n de Bienes a Israel a Ra\u00edz de Su Ofensiva contra Ham\u00e1s en la franja.<\/p>\n<p>La Guerra de Gaza Fue Desatada por la de Ofensiva Terrorista de Ham\u00e1s en el Sur de Israel El 7 de Octubre de 2023, Con UNOS 1.200 Israel\u00edes Asesinados y Unos 250 Secuestrados.<\/p>\n<p>Como de la opuesta de la respuesta de la Ej\u00e9rcito israel\u00ed.<\/p>\n<p>Erdogan, que considere un ham\u00e1s un movimiento de \u00abliberaci\u00f3n n\u00e1cional\u00bb, Insiste en que la \u00fanica soluci\u00f3na para conflicto es establecer un estado palestino alvo de israel, en las fronteras de 1967 y con jerusal\u00e9n este coal.<\/p>\n<p>MG (Efe, Reuters)<\/p>\n<div class=\"vjs-wrapper embed big\">\n<h2 aria-label=\"Video integrado \u2014 Familias de rehenes en Gaza exigen acuerdo de liberaci\u00f3n\" class=\"headline\"><svg xmlns=\"http:\/\/www.w3.org\/2000\/svg\" viewbox=\"0 0 20 20\"><g fill-rule=\"evenodd\"><path d=\"M14.114 7.599H13.5l.002 4.706h.601l4.582 3.25-.005-11.11zM11.084 4.444l-9.007.002-1.336.797.002 9.514 1.334.793 9.007.006 1.509-.799-.004-9.516z\"\/><\/g><\/svg>Familias de Rehenes en Gaza Exigen Acuerdo de Liberaci\u00f3n<\/h2>\n<p><video id=\"video-71183613\" controls=\"\" playsinline=\"\" preload=\"none\" poster=\"data:image\/png;base64,iVBORw0KGgoAAAANSUhEUgAAAAEAAAABCAQAAAC1HAwCAAAAC0lEQVR42mNkYAAAAAYAAjCB0C8AAAAASUVORK5CYII=\" data-id=\"71183613\" data-posterurl=\"https:\/\/static.dw.com\/image\/71181718_605.webp\" data-duration=\"02:42\"><source src=\"https:\/\/hlsvod.dw.com\/i\/dwtv_video\/flv\/js\/js20241230_ARBELn_,AVC_480x270,AVC_512x288,AVC_640x360,AVC_960x540,AVC_1280x720,AVC_1920x1080,.mp4.csmil\/master.m3u8\" type=\"application\/x-mpegURL\"><source src=\"https:\/\/tvdownloaddw-a.akamaihd.net\/dwtv_video\/flv\/js\/js20241230_ARBELn_AVC_1920x1080.mp4\" type=\"video\/mp4\"><track src=\"https:\/\/www.dw.com\/media\/subtitles\/71212009\" srclang=\"es\" label=\"SPANISH\" default=\"\"><p class=\"vjs-no-js\">Para ver este video, habilite JavaScript y considere actualizar a un navegador web que admite el video HTML5<\/p>\n<\/track><\/source><\/source><\/video><\/div>\n<\/div>\n\n","protected":false},"excerpt":{"rendered":"<p>El Presidente de Turqu\u00eda, El Islamista recep tayyip Erdogan, Recibio Este Mi\u00e9rcoles (29.01.2025) en ankara a una alta delegaci\u00f3n del movimiento islamista ham\u00e1s, liderada por el jefe del consejo de la shura, mohamed darwish. La delegaci\u00f3n ham\u00e1s, considerado grupo terrorista por varios pa\u00edses, inform\u00f3 al mandatario turco de los resultados de su reciente visita a &hellip;<\/p>\n","protected":false},"author":1,"featured_media":12466,"comment_status":"open","ping_status":"open","sticky":false,"template":"","format":"standard","meta":{"fifu_image_url":"https:\/\/static.dw.com\/image\/71450477_6.jpg","fifu_image_alt":"","footnotes":""},"categories":[13],"tags":[],"class_list":["post-12465","post","type-post","status-publish","format-standard","has-post-thumbnail","","category-mundo"],"_links":{"self":[{"href":"https:\/\/noticiasveraces.com\/index.php?rest_route=\/wp\/v2\/posts\/12465","targetHints":{"allow":["GET"]}}],"collection":[{"href":"https:\/\/noticiasveraces.com\/index.php?rest_route=\/wp\/v2\/posts"}],"about":[{"href":"https:\/\/noticiasveraces.com\/index.php?rest_route=\/wp\/v2\/types\/post"}],"author":[{"embeddable":true,"href":"https:\/\/noticiasveraces.com\/index.php?rest_route=\/wp\/v2\/users\/1"}],"replies":[{"embeddable":true,"href":"https:\/\/noticiasveraces.com\/index.php?rest_route=%2Fwp%2Fv2%2Fcomments&post=12465"}],"version-history":[{"count":0,"href":"https:\/\/noticiasveraces.com\/index.php?rest_route=\/wp\/v2\/posts\/12465\/revisions"}],"wp:featuredmedia":[{"embeddable":true,"href":"https:\/\/noticiasveraces.com\/index.php?rest_route=\/wp\/v2\/media\/12466"}],"wp:attachment":[{"href":"https:\/\/noticiasveraces.com\/index.php?rest_route=%2Fwp%2Fv2%2Fmedia&parent=12465"}],"wp:term":[{"taxonomy":"category","embeddable":true,"href":"https:\/\/noticiasveraces.com\/index.php?rest_route=%2Fwp%2Fv2%2Fcategories&post=12465"},{"taxonomy":"post_tag","embeddable":true,"href":"https:\/\/noticiasveraces.com\/index.php?rest_route=%2Fwp%2Fv2%2Ftags&post=12465"}],"curies":[{"name":"wp","href":"https:\/\/api.w.org\/{rel}","templated":true}]}}