{"id":12460,"date":"2025-01-29T18:35:14","date_gmt":"2025-01-29T22:35:14","guid":{"rendered":"https:\/\/noticiasveraces.com\/?p=12460"},"modified":"2025-01-29T18:35:14","modified_gmt":"2025-01-29T22:35:14","slug":"lograr-mayoria-con-votos-de-la-ultraderecha-dw-29-01-2025","status":"publish","type":"post","link":"https:\/\/noticiasveraces.com\/?p=12460","title":{"rendered":"LOGRAR MAYORIA CON VOTOS DE LA ULTRADERECHA &#8211; DW &#8211; 29\/01\/2025"},"content":{"rendered":"<p> \n<\/p>\n<div>\n<p>El Bundestag Sostuvo Este Mi\u00e9rcoles, 29 de Enero de 2025, un debate acalorado de Un Sobre Pol\u00edtica de Inmigraci\u00f3n y Asilo. Lo Plate\u00f3 El Jefe de la Oposici\u00f3nico Cristianodem\u00f3crata (CDU), Friedrich Merz, Quien Seg\u00fan las Encuestas Tiene Posibilidades de Ganar las eleciones del 23 de febrero y Convertirse en Canciller de Alemania. Su Bancada Hab\u00eda presentado dos mociones, con un considerable endurecimento de la pol\u00edtica de Inmigraci\u00f3n. UNA de Ellas Fue Aprobada con los Votos del Partido alternativa para Alemania (AFD), Catalogado como parcialment de extrema derecha. Es algo que ocurre por primera Vez en la Historia del Parlamento Federal Alem\u00e1n.<\/p>\n<h2>Scholz: \u00abLecaci\u00f3n de la Historia\u00bb<\/h2>\n<p>Al Comienzo de la Sesi\u00f3n, El Canciller Socialdem\u00f3crata, Olaf Scholz, Calific\u00f3 las Mociones en cuestio como Golpe a la M\u00e9dula del Derecho de Asilo. \u00abEl Derecho al Asilo es una Respesta DirectA al Horror de la Dictadura Nazi. En ESE Entonces, Jud\u00edos Alemanos y Europeos Fueron Rembrazados en Fronteras de Otros Pa\u00edses. La Lecaci\u00f3n de la Historia es que no pude volver a ocurrir Jam\u00e1s, Alemania no pude no pude. Permitirlo nunca m\u00e1s \u00ab.<\/p>\n<p>Afirm\u00f3 tambi\u00e9n que los planos de Merz contravienen la ley. Y Que el Jefe de la Cdu Ha Roto el Consenso de No Cooperar Con la Extreme Derecha.<\/p>\n<h2>Merz: \u00abHacemos lo que corre correcto\u00bb<\/h2>\n<p>Merz hab\u00eda aclarado en los \u00daltimos d\u00edas que aceptar\u00eda tambi\u00e9n los votos de la afd para que propuestas obtuvieran mayor\u00eda. En el canal de televisi\u00f3n zdf, Se\u00f1al\u00f3: \u00abHacemos lo que consideroamos Correcto. Y si la Afd lo aprueba, entonces lo aprueba. Si no lo aprueba, que no lo haga\u00bb.<\/p>\n<p>Hasta Hace Poco, Los Conservadores de la Cdu Hab\u00eda Asegurado Continuato que no Colaborar\u00eda en ninguna forma con la extrema derecha. En sus mociones incluyon un pasaje con duras cryticas a la afd.<\/p>\n<p>Merz dijo ahora en el bundestag que, Tras el ataque de aschaffenburg y el cometido poco antes de naviDad en magdeburgo, la esfera pol\u00edtica Debe Actuar: \u00abEs necesario por decisiones finales \u00abEn El Pa\u00eds.<\/p>\n<figure class=\"placeholder-image master_landscape big\"><img data-format=\"MASTER_LANDSCAPE\" data-id=\"71450709\" data-url=\"https:\/\/static.dw.com\/image\/71450709_${formatId}.jpg\" data-aspect-ratio=\"16\/9\" alt=\"Robert Habeck, Olaf Scholz y Friedrich Merz.\" style=\"padding-bottom: 56.25%; height: 0; max-height: 0;\"\/><figcaption class=\"img-caption\">Olaf Scholz Hab\u00f3n de la Ruptura de Un tab\u00fa.<small class=\"copyright\">Imagen: Kay Nietfeld\/DPA\/Picture Alliance<\/small><\/figcaption><\/figure>\n<h2>Gobierno Sin Mayor\u00eda<\/h2>\n<p>Tras la Ruptura de la Coalici\u00f3 de Socialdem\u00f3cratas, Liberales (FDP) y Verdes, El Gobierno de Olaf Scholz No Posee Ya Mayor\u00eda en El Parlamento. PERO S\u00ed la Tienen Los Cristianodem\u00f3cratas Sumados a la Afd, Los Libenes del FDP y la \u00abAlianza Sahra Wagenknecht\u00bb (BSW, Escindida de la Izquierda). Tras la Votaci\u00f3, Merz Lament\u00f3 el Respaldo de la Afd, Con el Que Fue Aprobada una de sus propuesta. Esta demanda, entre otras cosas, controles fronterizos permanentes y una prohibici\u00f3n de Ingeso de personas que Carezcan de documentos v\u00e1lidos para tal fin, aunque manifiesten que buscan asilo. Adem\u00e1s, Plantea que Quienes Deban Abandonar El Pa\u00eds Sean Detenidos y Que Se Lleven A Cabo Deportaciones A Diario.<\/p>\n<p>Una segunda moci\u00f3n, que ped\u00eda un \u00abCambio en la pol\u00edtica Interior de Seguidad\u00bb, Fue Rembrazada.<\/p>\n<p><span data-slot-id=\"Article_InContent-1\" class=\"rich-text-ad\"\/><\/p>\n<h2>OTRO debate en Breve<\/h2>\n<p>Ambas mociones no implican para el gobierno ninguna obligaci\u00f3n de actuar en consecia. Distinto es el Caso de un endurecimento de la Ley, que la cdu y su ala b\u00e1vara, la csu, se propone someter a votaci\u00f3n el Viernes en el bundestag. Este Proyecto Prev\u00e9, Entre Otras Cosas, Restringir la Inmigraci\u00f3n y poner Fin a la Regrupacia familiar de las Personas Con Derecho una protecci\u00f3n Subsidiaria.<\/p>\n<p>La Afd y Los Liberes Han Anunciado que Votar\u00e1n un favor, algual que la bsw. Pero dicha ley tenderr\u00eda que ser aparrobada luego por la c\u00e1mara alta, el bundesrat, y no est\u00e1 Claro Si Eso Ocurrir\u00e1.<\/p>\n<p>Por Lo Pronto, Las Mociones de la Cdu Han Recibido cryticas de Las Iglesias Cat\u00f3rica y Evang\u00e9lica, Cuyos Representantes Indicaron en Berl\u00edn: \u00abLa Oportunidad y El Tono del Debate Real Nos Parecen Profundamento Descertantes\u00bb. A\u00f1adieron que esta Discusi\u00f3n Puede Llevar A \u00abDifamar a Todos los Inmigrantes que viven en Alemania y Alimentar Prejuicios\u00bb.<\/p>\n<p>(ERS\/RML)<\/p>\n<\/div>\n\n","protected":false},"excerpt":{"rendered":"<p>El Bundestag Sostuvo Este Mi\u00e9rcoles, 29 de Enero de 2025, un debate acalorado de Un Sobre Pol\u00edtica de Inmigraci\u00f3n y Asilo. Lo Plate\u00f3 El Jefe de la Oposici\u00f3nico Cristianodem\u00f3crata (CDU), Friedrich Merz, Quien Seg\u00fan las Encuestas Tiene Posibilidades de Ganar las eleciones del 23 de febrero y Convertirse en Canciller de Alemania. Su Bancada Hab\u00eda &hellip;<\/p>\n","protected":false},"author":1,"featured_media":12461,"comment_status":"open","ping_status":"open","sticky":false,"template":"","format":"standard","meta":{"fifu_image_url":"https:\/\/static.dw.com\/image\/71447521_6.jpg","fifu_image_alt":"","footnotes":""},"categories":[13],"tags":[],"class_list":["post-12460","post","type-post","status-publish","format-standard","has-post-thumbnail","","category-mundo"],"_links":{"self":[{"href":"https:\/\/noticiasveraces.com\/index.php?rest_route=\/wp\/v2\/posts\/12460","targetHints":{"allow":["GET"]}}],"collection":[{"href":"https:\/\/noticiasveraces.com\/index.php?rest_route=\/wp\/v2\/posts"}],"about":[{"href":"https:\/\/noticiasveraces.com\/index.php?rest_route=\/wp\/v2\/types\/post"}],"author":[{"embeddable":true,"href":"https:\/\/noticiasveraces.com\/index.php?rest_route=\/wp\/v2\/users\/1"}],"replies":[{"embeddable":true,"href":"https:\/\/noticiasveraces.com\/index.php?rest_route=%2Fwp%2Fv2%2Fcomments&post=12460"}],"version-history":[{"count":0,"href":"https:\/\/noticiasveraces.com\/index.php?rest_route=\/wp\/v2\/posts\/12460\/revisions"}],"wp:featuredmedia":[{"embeddable":true,"href":"https:\/\/noticiasveraces.com\/index.php?rest_route=\/wp\/v2\/media\/12461"}],"wp:attachment":[{"href":"https:\/\/noticiasveraces.com\/index.php?rest_route=%2Fwp%2Fv2%2Fmedia&parent=12460"}],"wp:term":[{"taxonomy":"category","embeddable":true,"href":"https:\/\/noticiasveraces.com\/index.php?rest_route=%2Fwp%2Fv2%2Fcategories&post=12460"},{"taxonomy":"post_tag","embeddable":true,"href":"https:\/\/noticiasveraces.com\/index.php?rest_route=%2Fwp%2Fv2%2Ftags&post=12460"}],"curies":[{"name":"wp","href":"https:\/\/api.w.org\/{rel}","templated":true}]}}