{"id":12454,"date":"2025-01-29T17:30:21","date_gmt":"2025-01-29T21:30:21","guid":{"rendered":"https:\/\/noticiasveraces.com\/?p=12454"},"modified":"2025-01-29T17:30:21","modified_gmt":"2025-01-29T21:30:21","slug":"el-avion-de-pasajeros-se-incendia-en-el-aeropuerto-de-corea-del-sur-las-176-personas-a-bordo-son-evacuadas","status":"publish","type":"post","link":"https:\/\/noticiasveraces.com\/?p=12454","title":{"rendered":"El avi\u00f3n de pasajeros se incendia en el aeropuerto de Corea del Sur. Las 176 personas a bordo son evacuadas"},"content":{"rendered":"<p> \n<\/p>\n<div>\n<p class=\"speakable\">Un avi\u00f3n de pasajeros se incendi\u00f3 antes del despegue en un aeropuerto de Corea del Sur el martes por la noche, pero las 176 personas a bordo fueron evacuadas de manera segura, dijeron las autoridades.<\/p>\n<p class=\"speakable\">El avi\u00f3n de Airbus operado por la aerol\u00ednea de Corea del Sur, Busan, se estaba preparando para irse a Hong Kong cuando sus piezas traseras se incendiaron en el aeropuerto internacional de Gimhae en el sureste, dijo el Ministerio de Transporte en un comunicado.<\/p>\n<p><strong>Los \u00faltimos 4 minutos de grabaciones del avi\u00f3n faltan despu\u00e9s del accidente que mat\u00f3 a 179: investigadores<\/strong><\/p>\n<p>Los 169 pasajeros del avi\u00f3n, seis miembros de la tripulaci\u00f3n y un ingeniero fueron evacuados usando un tobog\u00e1n de escape, dijo el ministerio.<\/p>\n<p>La Agencia Nacional de Bomberos dijo en un comunicado que tres personas sufrieron heridas leves durante la evacuaci\u00f3n. La agencia de bomberos dijo que el incendio fue completamente apagado a las 11:31 p.m., aproximadamente una hora despu\u00e9s de que despleg\u00f3 bomberos y camiones de bomberos en la escena.<\/p>\n<div class=\"image-ct inline\">\n<div class=\"m\"><picture><source media=\"(max-width: 767px)\" srcset=\"https:\/\/a57.foxnews.com\/static.foxnews.com\/foxnews.com\/content\/uploads\/2025\/01\/343\/192\/south-korea-plane-fire.jpg?ve=1&amp;tl=1, https:\/\/a57.foxnews.com\/static.foxnews.com\/foxnews.com\/content\/uploads\/2025\/01\/686\/384\/south-korea-plane-fire.jpg?ve=1&amp;tl=1 2x\" height=\"192\" width=\"343\"><source media=\"(min-width: 768px) and (max-width: 1023px)\" srcset=\"https:\/\/a57.foxnews.com\/static.foxnews.com\/foxnews.com\/content\/uploads\/2025\/01\/672\/378\/south-korea-plane-fire.jpg?ve=1&amp;tl=1, https:\/\/a57.foxnews.com\/static.foxnews.com\/foxnews.com\/content\/uploads\/2025\/01\/1344\/756\/south-korea-plane-fire.jpg?ve=1&amp;tl=1 2x\" height=\"378\" width=\"672\"><source media=\"(min-width: 1024px) and (max-width: 1279px)\" srcset=\"https:\/\/a57.foxnews.com\/static.foxnews.com\/foxnews.com\/content\/uploads\/2025\/01\/931\/523\/south-korea-plane-fire.jpg?ve=1&amp;tl=1, https:\/\/a57.foxnews.com\/static.foxnews.com\/foxnews.com\/content\/uploads\/2025\/01\/1862\/1046\/south-korea-plane-fire.jpg?ve=1&amp;tl=1 2x\" height=\"523\" width=\"931\"><source media=\"(min-width: 1280px)\" srcset=\"https:\/\/a57.foxnews.com\/static.foxnews.com\/foxnews.com\/content\/uploads\/2025\/01\/720\/405\/south-korea-plane-fire.jpg?ve=1&amp;tl=1, https:\/\/a57.foxnews.com\/static.foxnews.com\/foxnews.com\/content\/uploads\/2025\/01\/1440\/810\/south-korea-plane-fire.jpg?ve=1&amp;tl=1 2x\" height=\"405\" width=\"720\"><img loading=\"lazy\" decoding=\"async\" src=\"https:\/\/a57.foxnews.com\/static.foxnews.com\/foxnews.com\/content\/uploads\/2025\/01\/1200\/675\/south-korea-plane-fire.jpg?ve=1&amp;tl=1\" alt=\"Fuego de avi\u00f3n de Corea del Sur\" width=\"1200\" height=\"675\"\/><\/source><\/source><\/source><\/source><\/picture><\/div>\n<div class=\"info\">\n<div class=\"caption\">\n<p><span>El alcalde de Busan Park Heong-Joon y otros funcionarios visitan el sitio donde se incendi\u00f3 un avi\u00f3n Air Busan en el Aeropuerto Internacional Gimhae en Busan, Corea del Sur, mi\u00e9rcoles 29 de enero de 2025. <\/span> <span>(Son Hyung-joo\/yonhap a trav\u00e9s de AP)<\/span><\/p>\n<\/div>\n<\/div>\n<\/div>\n<p>La causa del fuego no se conoc\u00eda de inmediato. El ministerio de transporte dijo que el avi\u00f3n es un modelo A321.<\/p>\n<p>El incidente del martes se produjo un mes despu\u00e9s de que un avi\u00f3n de pasajeros de Jeju Air se estrell\u00f3 en el Aeropuerto Internacional de Muan en el sur de Corea del Sur, matando a todas menos a dos de las 181 personas a bordo. Fue uno de los desastres m\u00e1s mortales en la historia de la aviaci\u00f3n de Corea del Sur.<\/p>\n<p><strong><u>Haga clic para obtener la aplicaci\u00f3n Fox News<\/u><\/strong><\/p>\n<p>El Boeing 737-800 desliz\u00f3 el fugitivo del aeropuerto el 29 de diciembre despu\u00e9s de que su tren de aterrizaje no pudo desplegarse, golpeando una estructura de concreto y estall\u00f3 en llamas. El vuelo regresaba de Bangkok y todas las v\u00edctimas eran surcoreanos, excepto dos nacionales tailandeses.<\/p>\n<p>El primer informe sobre el accidente publicado el lunes dijo que las autoridades han confirmado rastros de ataques de aves en los motores del avi\u00f3n, aunque los funcionarios no han determinado la causa del accidente.<\/p>\n<p> <!----> <!----><\/div>\n\n","protected":false},"excerpt":{"rendered":"<p>Un avi\u00f3n de pasajeros se incendi\u00f3 antes del despegue en un aeropuerto de Corea del Sur el martes por la noche, pero las 176 personas a bordo fueron evacuadas de manera segura, dijeron las autoridades. El avi\u00f3n de Airbus operado por la aerol\u00ednea de Corea del Sur, Busan, se estaba preparando para irse a Hong &hellip;<\/p>\n","protected":false},"author":1,"featured_media":12456,"comment_status":"open","ping_status":"open","sticky":false,"template":"","format":"standard","meta":{"fifu_image_url":"https:\/\/static.foxnews.com\/foxnews.com\/content\/uploads\/2025\/01\/south-korea-plane-fire.jpg","fifu_image_alt":"","footnotes":""},"categories":[13],"tags":[],"class_list":["post-12454","post","type-post","status-publish","format-standard","has-post-thumbnail","","category-mundo"],"_links":{"self":[{"href":"https:\/\/noticiasveraces.com\/index.php?rest_route=\/wp\/v2\/posts\/12454","targetHints":{"allow":["GET"]}}],"collection":[{"href":"https:\/\/noticiasveraces.com\/index.php?rest_route=\/wp\/v2\/posts"}],"about":[{"href":"https:\/\/noticiasveraces.com\/index.php?rest_route=\/wp\/v2\/types\/post"}],"author":[{"embeddable":true,"href":"https:\/\/noticiasveraces.com\/index.php?rest_route=\/wp\/v2\/users\/1"}],"replies":[{"embeddable":true,"href":"https:\/\/noticiasveraces.com\/index.php?rest_route=%2Fwp%2Fv2%2Fcomments&post=12454"}],"version-history":[{"count":0,"href":"https:\/\/noticiasveraces.com\/index.php?rest_route=\/wp\/v2\/posts\/12454\/revisions"}],"wp:featuredmedia":[{"embeddable":true,"href":"https:\/\/noticiasveraces.com\/index.php?rest_route=\/wp\/v2\/media\/12456"}],"wp:attachment":[{"href":"https:\/\/noticiasveraces.com\/index.php?rest_route=%2Fwp%2Fv2%2Fmedia&parent=12454"}],"wp:term":[{"taxonomy":"category","embeddable":true,"href":"https:\/\/noticiasveraces.com\/index.php?rest_route=%2Fwp%2Fv2%2Fcategories&post=12454"},{"taxonomy":"post_tag","embeddable":true,"href":"https:\/\/noticiasveraces.com\/index.php?rest_route=%2Fwp%2Fv2%2Ftags&post=12454"}],"curies":[{"name":"wp","href":"https:\/\/api.w.org\/{rel}","templated":true}]}}