{"id":12392,"date":"2025-01-29T08:04:47","date_gmt":"2025-01-29T12:04:47","guid":{"rendered":"https:\/\/noticiasveraces.com\/?p=12392"},"modified":"2025-01-29T08:04:47","modified_gmt":"2025-01-29T12:04:47","slug":"si-se-ratifica-la-condena-a-louzan-habra-que-volver-a-convocar-eleciones","status":"publish","type":"post","link":"https:\/\/noticiasveraces.com\/?p=12392","title":{"rendered":"\u00abSi Se Ratifica la Condena A Louz\u00e1n Habr\u00e1 que Volver A Convocar Eleciones\u00bb"},"content":{"rendered":"<p> \n<\/p>\n<div id=\"intext\">\n<p>La Elecci\u00f3na de <b>Rafael Loz\u00e1n<\/b> como <b>Nuevo Presidente<\/b> de la <b>Real Federaci\u00f3n Espa\u00f1ola de F\u00fatbol<\/b> SUPUSO EL FINAL A UNOS TURBULENTOS MESES EN LA RFEF DESDE <b>el beso sin consentido<\/b> De Luis Rubiales A Jenni Hermoso. Tras m\u00e1s de un a\u00f1o de inestabilidad en el f\u00fatbol espa\u00f1ol, el Presidente de la Federaci\u00f3n Gallega Era elegido para liderar la federaci\u00f3n espa\u00f1ola los cuatro pr\u00f3axos (2024-2028), pero toDo volver a uvedina en unsos d\u00edaas.<\/p>\n<p>Y es que Rafael Louz\u00e1n Est\u00e1 a la Espera de la Resoluci\u00f3n que dict\u00e9 el Pr\u00f3ximo 5 de febrero El <b>Supremo del tribunal<\/b> Sobre un recurso relacionado con el <b>Casa de Prevaricacia<\/b> que protagoniz\u00f3 cuando era presidenta de la diputacia provincial de pontevedra por el partido popular en la <b>Concesi\u00f3n de Una Subvenci\u00f3n de Casi 87,000 euros<\/b> Para Remodelar El Estadio de Mora\u00f1a. Un este respeto se ha pronunciado este mi\u00e9rcoles <b>Pilar Alegr\u00eda<\/b>Ministerio de Educaci\u00f3n, Formaci\u00f3n Profesional y Deportes, en los Micr\u00f3fonos de la Cadena ser. La Portavoz del Gobierno Ha DeJado Claro Que SI SE Ratifica La Condena A Louz\u00e1n Habr\u00e1 Que Celebrar Otra Vez Elecciones a la Presidencia de la Rfef.<\/p>\n<p>\u00ab<b>Llevamos Unos A\u00f1os Trasladando una Imagen Desde luego nada constructiva. Todos Tenemos Muy Fresco en la Memoria lo que Ha Pasado Con Los Anteriores Presidentes de la Federaci\u00f3n<\/b>. Es lo que votaron y Eligier\u00f3n los Asamble\u00edstas. Nosotros vamos a Esperar a Esa Vista Oral que se va a un celebrar el 5 de febrero y, si se ratifica esa condena de Siete a\u00f1os por prevaricacia, nosotros actuaremos con arreglo a la ley del deporte y habr\u00e1 qu\u00e9 volver a convince eleci\u00f3n a la federaci\u00f3n a la federaci\u00f3n a la ley del deporte y habr\u00e1 qu\u00e9 volver a una convci\u00f3n a la federaci\u00f3n a la federaci\u00f3n a la federaci\u00f3n \u00bb , Ha Apuntado Pilar Alegr\u00eda en una Entrevista Con \u00e0ngels Barcel\u00f3.<\/p>\n<p>Rafael Louz\u00e1n Fue Elegido Presidente de la Rfef el Pasado 16 de Diciembre, Tras Recibir<b> el voto un favor de 90 de los 138 asamble\u00edstas<\/b>por 43 que OBVOVO Salvador Gomar, Presidente de la Federaci\u00f3n Valenciana. Pero Su Continuidad al Frente de la Rfef dependiendo de la resoluci\u00f3n que Haga el 5 de Febero El Tribunal Supremo, un tenor de las Palabras de Alegr\u00eda.<\/p>\n<p><i>S\u00edguenos en nuestro canal de whatsapp y no te Pierdas la \u00daLtima Hora y Toda la actualidad de antena3noticias.com<\/i><\/p>\n<div class=\"recirculation-video\" data-mod=\"a3mod_recirculation_video\">\n<div class=\"recirculation-video-wrapper\">\n<div>\n<div class=\"video-wrapper\">\n  <picture class=\"video-main-picture\"><source media=\"(min-width: 481px)\" srcset=\"https:\/\/fotografias.antena3.com\/clipping\/cmsimages01\/2025\/01\/28\/3A1EFB36-CF5C-4AA9-908D-EC22303498C2\/sesion-fotografica-mas-profundidad-historia_94.jpg?crop=1920,1080,x0,y0&amp;width=800&amp;height=450&amp;optimize=medium&amp;format=webply\" width=\"800\" height=\"450\"><source media=\"(min-width: 391px) and (max-width: 480px)\" srcset=\"https:\/\/fotografias.antena3.com\/clipping\/cmsimages01\/2025\/01\/28\/3A1EFB36-CF5C-4AA9-908D-EC22303498C2\/sesion-fotografica-mas-profundidad-historia_70.jpg?crop=1920,1080,x0,y0&amp;width=480&amp;height=270&amp;optimize=high&amp;format=webply\" width=\"480\" height=\"270\"><source media=\"(min-width: 321px) and (max-width: 390px)\" srcset=\"https:\/\/fotografias.antena3.com\/clipping\/cmsimages01\/2025\/01\/28\/3A1EFB36-CF5C-4AA9-908D-EC22303498C2\/sesion-fotografica-mas-profundidad-historia_92.jpg?crop=1920,1078,x0,y1&amp;width=390&amp;height=219&amp;optimize=high&amp;format=webply\" width=\"390\" height=\"219\"><source media=\"(max-width: 320px)\" srcset=\"https:\/\/fotografias.antena3.com\/clipping\/cmsimages01\/2025\/01\/28\/3A1EFB36-CF5C-4AA9-908D-EC22303498C2\/sesion-fotografica-mas-profundidad-historia_52.jpg?crop=1920,1080,x0,y0&amp;width=320&amp;height=180&amp;optimize=high&amp;format=webply\" width=\"320\" height=\"180\"><img decoding=\"async\" title=\"La Sesi\u00f3n Fotogr\u00e1fica A M\u00e1s Profundidad de la Historia\" alt=\"La Sesi\u00f3n Fotogr\u00e1fica A M\u00e1s Profundidad de la Historia\" width=\"480\" height=\"270\" src=\"https:\/\/fotografias.antena3.com\/clipping\/cmsimages01\/2025\/01\/28\/3A1EFB36-CF5C-4AA9-908D-EC22303498C2\/sesion-fotografica-mas-profundidad-historia_70.jpg?crop=1920,1080,x0,y0&amp;width=480&amp;height=270&amp;optimize=high&amp;format=webply\" loading=\"lazy\" class=\"lazy\"\/><br \/>\n  <\/source><\/source><\/source><\/source><\/picture>\n <\/div>\n<\/div><\/div>\n<\/p><\/div>\n<\/div>\n\n","protected":false},"excerpt":{"rendered":"<p>La Elecci\u00f3na de Rafael Loz\u00e1n como Nuevo Presidente de la Real Federaci\u00f3n Espa\u00f1ola de F\u00fatbol SUPUSO EL FINAL A UNOS TURBULENTOS MESES EN LA RFEF DESDE el beso sin consentido De Luis Rubiales A Jenni Hermoso. Tras m\u00e1s de un a\u00f1o de inestabilidad en el f\u00fatbol espa\u00f1ol, el Presidente de la Federaci\u00f3n Gallega Era elegido &hellip;<\/p>\n","protected":false},"author":1,"featured_media":12394,"comment_status":"open","ping_status":"open","sticky":false,"template":"","format":"standard","meta":{"fifu_image_url":"https:\/\/fotografias.antena3.com\/clipping\/cmsimages02\/2023\/02\/21\/279F182B-5A2A-471F-849A-363ED30145E6\/ministra-educacion-formacion-profesional-pilar-alegria_69.jpg?crop=1080,608,x0,y0&width=1280&height=720&optimize=low&format=jpg","fifu_image_alt":"","footnotes":""},"categories":[6],"tags":[],"class_list":["post-12392","post","type-post","status-publish","format-standard","has-post-thumbnail","","category-deportes"],"_links":{"self":[{"href":"https:\/\/noticiasveraces.com\/index.php?rest_route=\/wp\/v2\/posts\/12392","targetHints":{"allow":["GET"]}}],"collection":[{"href":"https:\/\/noticiasveraces.com\/index.php?rest_route=\/wp\/v2\/posts"}],"about":[{"href":"https:\/\/noticiasveraces.com\/index.php?rest_route=\/wp\/v2\/types\/post"}],"author":[{"embeddable":true,"href":"https:\/\/noticiasveraces.com\/index.php?rest_route=\/wp\/v2\/users\/1"}],"replies":[{"embeddable":true,"href":"https:\/\/noticiasveraces.com\/index.php?rest_route=%2Fwp%2Fv2%2Fcomments&post=12392"}],"version-history":[{"count":0,"href":"https:\/\/noticiasveraces.com\/index.php?rest_route=\/wp\/v2\/posts\/12392\/revisions"}],"wp:featuredmedia":[{"embeddable":true,"href":"https:\/\/noticiasveraces.com\/index.php?rest_route=\/wp\/v2\/media\/12394"}],"wp:attachment":[{"href":"https:\/\/noticiasveraces.com\/index.php?rest_route=%2Fwp%2Fv2%2Fmedia&parent=12392"}],"wp:term":[{"taxonomy":"category","embeddable":true,"href":"https:\/\/noticiasveraces.com\/index.php?rest_route=%2Fwp%2Fv2%2Fcategories&post=12392"},{"taxonomy":"post_tag","embeddable":true,"href":"https:\/\/noticiasveraces.com\/index.php?rest_route=%2Fwp%2Fv2%2Ftags&post=12392"}],"curies":[{"name":"wp","href":"https:\/\/api.w.org\/{rel}","templated":true}]}}