{"id":12377,"date":"2025-01-29T06:05:11","date_gmt":"2025-01-29T10:05:11","guid":{"rendered":"https:\/\/noticiasveraces.com\/?p=12377"},"modified":"2025-01-29T06:05:11","modified_gmt":"2025-01-29T10:05:11","slug":"el-embajador-entrante-del-reino-unido-regresa-antes-de-los-comentarios-sobre-el-peligro-de-trump-mal-juzgado-y-incorrecto","status":"publish","type":"post","link":"https:\/\/noticiasveraces.com\/?p=12377","title":{"rendered":"El embajador entrante del Reino Unido regresa antes de los comentarios sobre el &#8216;peligro&#8217; de Trump: &#8216;mal juzgado y incorrecto&#8217;"},"content":{"rendered":"<p> \n<\/p>\n<div>\n<div class=\"article-gating gated-overlay\">\n<div class=\"article-gating-wrapper\">\n<p>\u00danase a Fox News para acceder a este contenido<\/p>\n<p>Adem\u00e1s de acceso especial a art\u00edculos seleccionados y otro contenido premium con su cuenta, de forma gratuita.<\/p>\n<div class=\"article-gating-legal tablet-desktop\">Al ingresar su correo electr\u00f3nico y presionar continuar, usted acepta los t\u00e9rminos de uso y la pol\u00edtica de privacidad de Fox News, que incluye nuestro aviso de incentivo financiero.\n    <\/div>\n<p><span>Por favor, introduce una direcci\u00f3n de correo electr\u00f3nico v\u00e1lida.<\/span><\/p>\n<footer class=\"article-gating-footer\">\u00bfTiene problemas? Haga clic aqu\u00ed.<\/footer>\n<\/div>\n<\/div>\n<p class=\"speakable\"><strong>EXCLUSIVO &#8211;<\/strong> El reci\u00e9n nombrado embajador del Reino Unido en los Estados Unidos, Lord Peter Mandelson, se est\u00e1 preparando para tomar el trabajo principal de preservar la \u00abrelaci\u00f3n especial\u00bb defendida por Londres y Washington, pero primero est\u00e1 buscando dejar el r\u00e9cord. <\/p>\n<p class=\"speakable\">En una entrevista exclusiva con Fox News Digital, Mandelson, cuando se le pregunt\u00f3 sobre los comentarios anteriores que hizo con respecto al presidente recientemente reelegido, incluso en 2019 cuando dijo que el presidente Donald Trump era \u00abun peligro para el mundo\u00bb, dijo su opini\u00f3n sobre el presidente hab\u00eda cambiado.<\/p>\n<p>\u00abConsidero mis comentarios sobre el presidente Trump como mal juzgado e incorrecto\u00bb, dijo. \u00abCreo que los tiempos y las actitudes hacia el presidente han cambiado\u00bb.<\/p>\n<div class=\"image-ct inline\">\n<div class=\"m\"><picture><source media=\"(max-width: 767px)\" srcset=\"https:\/\/a57.foxnews.com\/static.foxnews.com\/foxnews.com\/content\/uploads\/2025\/01\/343\/192\/mandelson-3-.jpg?ve=1&amp;tl=1, https:\/\/a57.foxnews.com\/static.foxnews.com\/foxnews.com\/content\/uploads\/2025\/01\/686\/384\/mandelson-3-.jpg?ve=1&amp;tl=1 2x\" height=\"192\" width=\"343\"><source media=\"(min-width: 768px) and (max-width: 1023px)\" srcset=\"https:\/\/a57.foxnews.com\/static.foxnews.com\/foxnews.com\/content\/uploads\/2025\/01\/672\/378\/mandelson-3-.jpg?ve=1&amp;tl=1, https:\/\/a57.foxnews.com\/static.foxnews.com\/foxnews.com\/content\/uploads\/2025\/01\/1344\/756\/mandelson-3-.jpg?ve=1&amp;tl=1 2x\" height=\"378\" width=\"672\"><source media=\"(min-width: 1024px) and (max-width: 1279px)\" srcset=\"https:\/\/a57.foxnews.com\/static.foxnews.com\/foxnews.com\/content\/uploads\/2025\/01\/931\/523\/mandelson-3-.jpg?ve=1&amp;tl=1, https:\/\/a57.foxnews.com\/static.foxnews.com\/foxnews.com\/content\/uploads\/2025\/01\/1862\/1046\/mandelson-3-.jpg?ve=1&amp;tl=1 2x\" height=\"523\" width=\"931\"><source media=\"(min-width: 1280px)\" srcset=\"https:\/\/a57.foxnews.com\/static.foxnews.com\/foxnews.com\/content\/uploads\/2025\/01\/720\/405\/mandelson-3-.jpg?ve=1&amp;tl=1, https:\/\/a57.foxnews.com\/static.foxnews.com\/foxnews.com\/content\/uploads\/2025\/01\/1440\/810\/mandelson-3-.jpg?ve=1&amp;tl=1 2x\" height=\"405\" width=\"720\"><img loading=\"lazy\" decoding=\"async\" src=\"https:\/\/a57.foxnews.com\/static.foxnews.com\/foxnews.com\/content\/uploads\/2025\/01\/1200\/675\/mandelson-3-.jpg?ve=1&amp;tl=1\" alt=\"Peter Mandelson\" width=\"1200\" height=\"675\"\/><\/source><\/source><\/source><\/source><\/picture><\/div>\n<div class=\"info\">\n<div class=\"caption\">\n<p><span>Peter Mandelson, ex diputado laborista y comisionado europeo, habla con los medios de comunicaci\u00f3n despu\u00e9s del resultado del refer\u00e9ndum de la UE, en Londres, 24 de junio de 2016.<\/span> <span>(Reuters\/Stefan Wermuth)<\/span><\/p>\n<\/div>\n<\/div>\n<\/div>\n<p><strong>Club de L\u00edderes Mundiales de Trump: \u00bfQui\u00e9n est\u00e1 y qui\u00e9n busca salvar los lazos?<\/strong><\/p>\n<p>\u00abCreo que ha ganado un nuevo respeto\u00bb, agreg\u00f3 en referencia a las segundas elecciones de Trump como presidente. \u00abCiertamente tiene de m\u00ed, y esa ser\u00e1 la base de todo el trabajo que hago como embajador de Su Majestad en los Estados Unidos\u00bb.<\/p>\n<p>Los comentarios del embajador entrante se presentan en medio de informes de que la \u00abrelaci\u00f3n especial\u00bb del Reino Unido podr\u00eda ponerse a prueba, y la cita de Mandelson puede ser bloqueada por la Casa Blanca. <\/p>\n<p>Mandelson rechaz\u00f3 estas afirmaciones y dijo: \u00abNo he escuchado nada del presidente o la Casa Blanca o cualquier persona que trabaje para \u00e9l que sugiera que habr\u00e1 alguna dificultad sobre mi nombramiento\u00bb.<\/p>\n<p>Pero la especulaci\u00f3n sobre la fiabilidad de los Estados Unidos en esa relaci\u00f3n transatl\u00e1ntica sigue siendo alta despu\u00e9s de los comentarios hechos por los funcionarios de la campa\u00f1a de Trump, as\u00ed como por el aliado cercano y el tit\u00e1n tecnol\u00f3gico Elon Musk.<\/p>\n<p>Musk, que se dedic\u00f3 a una disputa en las redes sociales se nivel\u00f3 en el primer ministro brit\u00e1nico Keir Starmer a principios de este mes, no est\u00e1 en el gabinete de Trump, pero ha sido acusado de supervisar el nuevo Departamento de Eficiencia del Gobierno.<\/p>\n<p>A pesar de las bromas negativas en las redes sociales de quienes tienen el o\u00eddo de Trump, el presidente y el Starmer se dedicaron a una llamada telef\u00f3nica aparentemente amigable durante el fin de semana, lo que sugiere que Trump puede buscar priorizar la asociaci\u00f3n estadounidense-Reino Unido.<\/p>\n<div class=\"image-ct inline\">\n<div class=\"m\"><picture><source media=\"(max-width: 767px)\" srcset=\"https:\/\/a57.foxnews.com\/static.foxnews.com\/foxnews.com\/content\/uploads\/2024\/12\/343\/192\/0d1a9e5e-trump-and-musk.png?ve=1&amp;tl=1, https:\/\/a57.foxnews.com\/static.foxnews.com\/foxnews.com\/content\/uploads\/2024\/12\/686\/384\/0d1a9e5e-trump-and-musk.png?ve=1&amp;tl=1 2x\" height=\"192\" width=\"343\"><source media=\"(min-width: 768px) and (max-width: 1023px)\" srcset=\"https:\/\/a57.foxnews.com\/static.foxnews.com\/foxnews.com\/content\/uploads\/2024\/12\/672\/378\/0d1a9e5e-trump-and-musk.png?ve=1&amp;tl=1, https:\/\/a57.foxnews.com\/static.foxnews.com\/foxnews.com\/content\/uploads\/2024\/12\/1344\/756\/0d1a9e5e-trump-and-musk.png?ve=1&amp;tl=1 2x\" height=\"378\" width=\"672\"><source media=\"(min-width: 1024px) and (max-width: 1279px)\" srcset=\"https:\/\/a57.foxnews.com\/static.foxnews.com\/foxnews.com\/content\/uploads\/2024\/12\/931\/523\/0d1a9e5e-trump-and-musk.png?ve=1&amp;tl=1, https:\/\/a57.foxnews.com\/static.foxnews.com\/foxnews.com\/content\/uploads\/2024\/12\/1862\/1046\/0d1a9e5e-trump-and-musk.png?ve=1&amp;tl=1 2x\" height=\"523\" width=\"931\"><source media=\"(min-width: 1280px)\" srcset=\"https:\/\/a57.foxnews.com\/static.foxnews.com\/foxnews.com\/content\/uploads\/2024\/12\/720\/405\/0d1a9e5e-trump-and-musk.png?ve=1&amp;tl=1, https:\/\/a57.foxnews.com\/static.foxnews.com\/foxnews.com\/content\/uploads\/2024\/12\/1440\/810\/0d1a9e5e-trump-and-musk.png?ve=1&amp;tl=1 2x\" height=\"405\" width=\"720\"><img loading=\"lazy\" decoding=\"async\" src=\"https:\/\/a57.foxnews.com\/static.foxnews.com\/foxnews.com\/content\/uploads\/2024\/12\/1200\/675\/0d1a9e5e-trump-and-musk.png?ve=1&amp;tl=1\" alt=\"Donald Trump hablando con Elon Musk\" width=\"1200\" height=\"675\"\/><\/source><\/source><\/source><\/source><\/picture><\/div>\n<div class=\"info\">\n<div class=\"caption\">\n<p><span>Elon Musk habla con el ex presidente Donald Trump durante un evento de campa\u00f1a, el 5 de octubre de 2024, en Butler, Pensilvania.<\/span> <span>(Jabin Botsford\/The Washington Post a trav\u00e9s de Getty Images)<\/span><\/p>\n<\/div>\n<\/div>\n<\/div>\n<p><strong>Como representante del Reino Unido, quiero hacer que nuestra alianza con los Estados Unidos sea genial nuevamente<\/strong><\/p>\n<p>\u00abNo son gemelos siameses, el presidente Trump y el primer ministro Starmer, pero ambos son personas pragm\u00e1ticas. Saben de d\u00f3nde viene cada uno, quieren encontrar un terreno com\u00fan\u00bb, dijo Mandelson. \u00abMe siento muy optimista. Me siento muy optimista sobre la relaci\u00f3n que ambos van a tener\u00bb.<\/p>\n<p>Mandelson es el primer diplom\u00e1tico que no es competente en asumir el trabajo como enlace jefe del Reino Unido-Estados Unidos en m\u00e1s de medio siglo. Eso podr\u00eda ser beneficioso para Mandelson cuando se enfrenta a Trump, quien durante mucho tiempo se ha desviado de participar en la diplomacia tradicional.<\/p>\n<p>\u00abEl presidente no es un diplom\u00e1tico de carrera, y no soy un diplom\u00e1tico de carrera\u00bb, dijo Mandelson. \u00abEntr\u00e9 en la pol\u00edtica para cambiar las cosas para mejor para las personas, y \u00e9l tambi\u00e9n.<\/p>\n<p>\u00abCompartimos una perspectiva similar, si no id\u00e9ntica, del mundo y la motivaci\u00f3n en la pol\u00edtica. Pero creo que sobre todo, creemos en algo que es realmente especial entre nuestros pa\u00edses\u00bb, agreg\u00f3, se\u00f1alando la relaci\u00f3n duradera entre los Estados Unidos y Reino Unido<\/p>\n<p>Mandelson dijo que sus principales prioridades ser\u00e1n trabajar con los Estados Unidos en el comercio, desarrollos tecnol\u00f3gicos y asociaciones de defensa, particularmente frente a poderes adversos como China.<\/p>\n<p>\u00abCreo que Estados Unidos y Gran Breta\u00f1a, que trabajan juntos, pueden superar y mantenerse por delante de la curva en lo que respecta a China\u00bb, dijo el embajador entrante. \u00ab[Trump] Quiere un di\u00e1logo con China, quiere hacer tratos con China. Pero tampoco va a ser ingenuo sobre China. <\/p>\n<div class=\"image-ct inline\">\n<div class=\"m\"><picture><source media=\"(max-width: 767px)\" srcset=\"https:\/\/a57.foxnews.com\/static.foxnews.com\/foxnews.com\/content\/uploads\/2024\/09\/343\/192\/AP24268486128959-copy.jpg?ve=1&amp;tl=1, https:\/\/a57.foxnews.com\/static.foxnews.com\/foxnews.com\/content\/uploads\/2024\/09\/686\/384\/AP24268486128959-copy.jpg?ve=1&amp;tl=1 2x\" height=\"192\" width=\"343\"><source media=\"(min-width: 768px) and (max-width: 1023px)\" srcset=\"https:\/\/a57.foxnews.com\/static.foxnews.com\/foxnews.com\/content\/uploads\/2024\/09\/672\/378\/AP24268486128959-copy.jpg?ve=1&amp;tl=1, https:\/\/a57.foxnews.com\/static.foxnews.com\/foxnews.com\/content\/uploads\/2024\/09\/1344\/756\/AP24268486128959-copy.jpg?ve=1&amp;tl=1 2x\" height=\"378\" width=\"672\"><source media=\"(min-width: 1024px) and (max-width: 1279px)\" srcset=\"https:\/\/a57.foxnews.com\/static.foxnews.com\/foxnews.com\/content\/uploads\/2024\/09\/931\/523\/AP24268486128959-copy.jpg?ve=1&amp;tl=1, https:\/\/a57.foxnews.com\/static.foxnews.com\/foxnews.com\/content\/uploads\/2024\/09\/1862\/1046\/AP24268486128959-copy.jpg?ve=1&amp;tl=1 2x\" height=\"523\" width=\"931\"><source media=\"(min-width: 1280px)\" srcset=\"https:\/\/a57.foxnews.com\/static.foxnews.com\/foxnews.com\/content\/uploads\/2024\/09\/720\/405\/AP24268486128959-copy.jpg?ve=1&amp;tl=1, https:\/\/a57.foxnews.com\/static.foxnews.com\/foxnews.com\/content\/uploads\/2024\/09\/1440\/810\/AP24268486128959-copy.jpg?ve=1&amp;tl=1 2x\" height=\"405\" width=\"720\"><img loading=\"lazy\" decoding=\"async\" src=\"https:\/\/a57.foxnews.com\/static.foxnews.com\/foxnews.com\/content\/uploads\/2024\/09\/1200\/675\/AP24268486128959-copy.jpg?ve=1&amp;tl=1\" alt=\"PM brit\u00e1nico Keir Starmer\" width=\"1200\" height=\"675\"\/><\/source><\/source><\/source><\/source><\/picture><\/div>\n<div class=\"info\">\n<div class=\"caption\">\n<p><span>El primer ministro de Gran Breta\u00f1a, Keir Starmer, se dirige a los miembros del Partido Laborista en Liverpool, Inglaterra, el martes.<\/span> <span>(AP)<\/span><\/p>\n<\/div>\n<\/div>\n<\/div>\n<p>\u00abEnfrentamos un desaf\u00edo juntos de China, y tenemos que asegurarnos de que podamos disuadir ese desaf\u00edo o esa amenaza cuando tienen intenciones agresivas hacia nosotros\u00bb, agreg\u00f3. <\/p>\n<p>Mandelson defendi\u00f3 la alianza trilateral compartida por los Estados Unidos, el Reino Unido y Australia, establecida con la intenci\u00f3n de contrarrestar la agresi\u00f3n de China en el Indo-Pac\u00edfico. <\/p>\n<p>\u00abLa seguridad en el \u00e1rea del euro-atl\u00e1ntico depende de asegurarse de que China se mantenga a raya en su propia regi\u00f3n\u00bb, dijo. \u00abChina tiene derecho a prosperar, generar est\u00e1ndares de vida m\u00e1s altos para su propia gente, pero no a expensas de los dem\u00e1s\u00bb.<\/p>\n<p><strong>Haga clic aqu\u00ed para obtener la aplicaci\u00f3n Fox News<\/strong><\/p>\n<p>Mandelson argument\u00f3 que a pesar de las detenciones internacionales sobre ciertas incertidumbres de seguridad bajo la administraci\u00f3n Trump, el Reino Unido no comparte estas preocupaciones.<\/p>\n<p>\u00abHay tantas amenazas y desaf\u00edos que enfrenta el mundo en este momento. Se necesita coraje, alguien, a veces, que est\u00e1 preparado para ser argumentativo y, de hecho, disruptivo, no solo toma los negocios como de costumbre\u00bb, detall\u00f3.<\/p>\n<p>\u00abFrancamente, creo que el presidente Trump podr\u00eda convertirse en uno de los presidentes estadounidenses m\u00e1s consecuentes que conozco en mi vida adulta\u00bb, dijo Mandelson. <\/p>\n<\/div>\n\n","protected":false},"excerpt":{"rendered":"<p>\u00danase a Fox News para acceder a este contenido Adem\u00e1s de acceso especial a art\u00edculos seleccionados y otro contenido premium con su cuenta, de forma gratuita. Al ingresar su correo electr\u00f3nico y presionar continuar, usted acepta los t\u00e9rminos de uso y la pol\u00edtica de privacidad de Fox News, que incluye nuestro aviso de incentivo financiero. &hellip;<\/p>\n","protected":false},"author":1,"featured_media":12379,"comment_status":"open","ping_status":"open","sticky":false,"template":"","format":"standard","meta":{"fifu_image_url":"https:\/\/static.foxnews.com\/foxnews.com\/content\/uploads\/2025\/01\/trump-and-mandelson-2.jpg","fifu_image_alt":"","footnotes":""},"categories":[13],"tags":[],"class_list":["post-12377","post","type-post","status-publish","format-standard","has-post-thumbnail","","category-mundo"],"_links":{"self":[{"href":"https:\/\/noticiasveraces.com\/index.php?rest_route=\/wp\/v2\/posts\/12377","targetHints":{"allow":["GET"]}}],"collection":[{"href":"https:\/\/noticiasveraces.com\/index.php?rest_route=\/wp\/v2\/posts"}],"about":[{"href":"https:\/\/noticiasveraces.com\/index.php?rest_route=\/wp\/v2\/types\/post"}],"author":[{"embeddable":true,"href":"https:\/\/noticiasveraces.com\/index.php?rest_route=\/wp\/v2\/users\/1"}],"replies":[{"embeddable":true,"href":"https:\/\/noticiasveraces.com\/index.php?rest_route=%2Fwp%2Fv2%2Fcomments&post=12377"}],"version-history":[{"count":0,"href":"https:\/\/noticiasveraces.com\/index.php?rest_route=\/wp\/v2\/posts\/12377\/revisions"}],"wp:featuredmedia":[{"embeddable":true,"href":"https:\/\/noticiasveraces.com\/index.php?rest_route=\/wp\/v2\/media\/12379"}],"wp:attachment":[{"href":"https:\/\/noticiasveraces.com\/index.php?rest_route=%2Fwp%2Fv2%2Fmedia&parent=12377"}],"wp:term":[{"taxonomy":"category","embeddable":true,"href":"https:\/\/noticiasveraces.com\/index.php?rest_route=%2Fwp%2Fv2%2Fcategories&post=12377"},{"taxonomy":"post_tag","embeddable":true,"href":"https:\/\/noticiasveraces.com\/index.php?rest_route=%2Fwp%2Fv2%2Ftags&post=12377"}],"curies":[{"name":"wp","href":"https:\/\/api.w.org\/{rel}","templated":true}]}}