{"id":12360,"date":"2025-01-29T01:56:41","date_gmt":"2025-01-29T05:56:41","guid":{"rendered":"https:\/\/noticiasveraces.com\/?p=12360"},"modified":"2025-01-29T01:56:41","modified_gmt":"2025-01-29T05:56:41","slug":"dinamarca-aumentando-el-gasto-militar-en-fila-con-trump-sobre-groenlandia","status":"publish","type":"post","link":"https:\/\/noticiasveraces.com\/?p=12360","title":{"rendered":"Dinamarca aumentando el gasto militar en fila con Trump sobre Groenlandia"},"content":{"rendered":"<p> \n<\/p>\n<div>\n<p class=\"speakable\">El Gobierno de Dinamarca dice que aumentar\u00e1 el gasto militar en el Atl\u00e1ntico Norte en medio de la apuesta del presidente de los Estados Unidos, Donald Trump, de que Groenlandia vendiera o cediera a los Estados Unidos. <\/p>\n<p class=\"speakable\">El lunes por la noche, el gobierno dan\u00e9s anunci\u00f3 un acuerdo de 14.6 mil millones de kroner, o casi $ 2 mil millones, con partes que incluyen los gobiernos de Groenlandia y las Islas Feroe para \u00abmejorar las capacidades para la vigilancia y mantener la soberan\u00eda en la regi\u00f3n\u00bb.<\/p>\n<p>El Ministerio de Defensa en Copenhague dijo que incluir\u00e1n tres nuevos buques navales del \u00c1rtico, dos drones de vigilancia de largo alcance adicionales y capacidad satelital. <\/p>\n<p>El martes, el primer ministro de Dinamarca, Mette Frederiksen, viaj\u00f3 a varias capitales europeas importantes, incluidas Berl\u00edn, Par\u00eds y Bruselas, donde conoci\u00f3 al secretario General de la OTAN Mark Rutte.<\/p>\n<p><strong>El legislador dan\u00e9s que se dirige a la UE le dice a Trump que se &#8216;f &#8212; fuera&#8217; sobre la oferta de Groenlandia<\/strong><\/p>\n<div class=\"image-ct inline\">\n<div class=\"m\"><picture><source media=\"(max-width: 767px)\" srcset=\"https:\/\/a57.foxnews.com\/static.foxnews.com\/foxnews.com\/content\/uploads\/2025\/01\/343\/192\/denmark.png?ve=1&amp;tl=1, https:\/\/a57.foxnews.com\/static.foxnews.com\/foxnews.com\/content\/uploads\/2025\/01\/686\/384\/denmark.png?ve=1&amp;tl=1 2x\" height=\"192\" width=\"343\"><source media=\"(min-width: 768px) and (max-width: 1023px)\" srcset=\"https:\/\/a57.foxnews.com\/static.foxnews.com\/foxnews.com\/content\/uploads\/2025\/01\/672\/378\/denmark.png?ve=1&amp;tl=1, https:\/\/a57.foxnews.com\/static.foxnews.com\/foxnews.com\/content\/uploads\/2025\/01\/1344\/756\/denmark.png?ve=1&amp;tl=1 2x\" height=\"378\" width=\"672\"><source media=\"(min-width: 1024px) and (max-width: 1279px)\" srcset=\"https:\/\/a57.foxnews.com\/static.foxnews.com\/foxnews.com\/content\/uploads\/2025\/01\/931\/523\/denmark.png?ve=1&amp;tl=1, https:\/\/a57.foxnews.com\/static.foxnews.com\/foxnews.com\/content\/uploads\/2025\/01\/1862\/1046\/denmark.png?ve=1&amp;tl=1 2x\" height=\"523\" width=\"931\"><source media=\"(min-width: 1280px)\" srcset=\"https:\/\/a57.foxnews.com\/static.foxnews.com\/foxnews.com\/content\/uploads\/2025\/01\/720\/405\/denmark.png?ve=1&amp;tl=1, https:\/\/a57.foxnews.com\/static.foxnews.com\/foxnews.com\/content\/uploads\/2025\/01\/1440\/810\/denmark.png?ve=1&amp;tl=1 2x\" height=\"405\" width=\"720\"><img loading=\"lazy\" decoding=\"async\" src=\"https:\/\/a57.foxnews.com\/static.foxnews.com\/foxnews.com\/content\/uploads\/2025\/01\/1200\/675\/denmark.png?ve=1&amp;tl=1\" alt=\"Primer ministro dan\u00e9s Frederiksen \" width=\"1200\" height=\"675\"\/><\/source><\/source><\/source><\/source><\/picture><\/div>\n<div class=\"info\">\n<div class=\"caption\">\n<p><span>El primer ministro dan\u00e9s, Mette Frederiksen, habla con los medios de comunicaci\u00f3n despu\u00e9s de las conversaciones con el canciller alem\u00e1n Olaf Scholz (no visto) en la Canciller\u00eda el 28 de enero de 2025 en Berl\u00edn, Alemania.<\/span> <span>(Maja Hitij\/Getty Images)<\/span><\/p>\n<\/div>\n<\/div>\n<\/div>\n<p>Frederiksen advirti\u00f3 que Europa enfrenta lo que ella llam\u00f3 \u00abuna realidad m\u00e1s incierta\u00bb y dijo que su pa\u00eds fortalecer\u00eda su presencia militar en Groenlandia.<\/p>\n<p>El viaje se produce despu\u00e9s de que Trump haya hecho repetidamente varias declaraciones llamando a Groenlandia vital para los intereses nacionales y econ\u00f3micos de los Estados Unidos y expres\u00f3 su inter\u00e9s en comprarlo a Dinamarca. Trump incluso ha dicho que no descartar\u00eda el uso de la fuerza militar para obtener el control del territorio de la isla. <\/p>\n<div class=\"image-ct inline\">\n<div class=\"m\"><picture><source media=\"(max-width: 767px)\" srcset=\"https:\/\/a57.foxnews.com\/static.foxnews.com\/foxnews.com\/content\/uploads\/2025\/01\/343\/192\/thumbnail-2.png?ve=1&amp;tl=1, https:\/\/a57.foxnews.com\/static.foxnews.com\/foxnews.com\/content\/uploads\/2025\/01\/686\/384\/thumbnail-2.png?ve=1&amp;tl=1 2x\" height=\"192\" width=\"343\"><source media=\"(min-width: 768px) and (max-width: 1023px)\" srcset=\"https:\/\/a57.foxnews.com\/static.foxnews.com\/foxnews.com\/content\/uploads\/2025\/01\/672\/378\/thumbnail-2.png?ve=1&amp;tl=1, https:\/\/a57.foxnews.com\/static.foxnews.com\/foxnews.com\/content\/uploads\/2025\/01\/1344\/756\/thumbnail-2.png?ve=1&amp;tl=1 2x\" height=\"378\" width=\"672\"><source media=\"(min-width: 1024px) and (max-width: 1279px)\" srcset=\"https:\/\/a57.foxnews.com\/static.foxnews.com\/foxnews.com\/content\/uploads\/2025\/01\/931\/523\/thumbnail-2.png?ve=1&amp;tl=1, https:\/\/a57.foxnews.com\/static.foxnews.com\/foxnews.com\/content\/uploads\/2025\/01\/1862\/1046\/thumbnail-2.png?ve=1&amp;tl=1 2x\" height=\"523\" width=\"931\"><source media=\"(min-width: 1280px)\" srcset=\"https:\/\/a57.foxnews.com\/static.foxnews.com\/foxnews.com\/content\/uploads\/2025\/01\/720\/405\/thumbnail-2.png?ve=1&amp;tl=1, https:\/\/a57.foxnews.com\/static.foxnews.com\/foxnews.com\/content\/uploads\/2025\/01\/1440\/810\/thumbnail-2.png?ve=1&amp;tl=1 2x\" height=\"405\" width=\"720\"><img loading=\"lazy\" decoding=\"async\" src=\"https:\/\/a57.foxnews.com\/static.foxnews.com\/foxnews.com\/content\/uploads\/2025\/01\/1200\/675\/thumbnail-2.png?ve=1&amp;tl=1\" alt=\"Primer ministro de Groenlandia, M\u00fate Egede y Trump\" width=\"1200\" height=\"675\"\/><\/source><\/source><\/source><\/source><\/picture><\/div>\n<div class=\"info\">\n<div class=\"caption\">\n<p><span>El primer ministro de Groenlandia, M\u00fate Egede (izquierda) y el presidente electo Donald Trump (derecha).<\/span> <span>(Getty Images \/ Fox News Digital)<\/span><\/p>\n<\/div>\n<\/div>\n<\/div>\n<p>Frederiksen no mencion\u00f3 directamente la amenaza de Trump en los comentarios en una reuni\u00f3n con el canciller alem\u00e1n Olaf Scholz, pero dijo que \u00abnos enfrentamos a una realidad m\u00e1s incierta, una realidad que requiere una Europa a\u00fan m\u00e1s unida y una mayor cooperaci\u00f3n\u00bb.<\/p>\n<p><strong>El jefe militar de la UE dice que tendr\u00eda sentido poner tropas europeas en Groenlandia, informa Welt<\/strong><\/p>\n<p>Se\u00f1al\u00f3 las actividades rusas en Ucrania y m\u00e1s all\u00e1 y dijo que \u00abdepende de Europa definir el futuro de nuestro continente, y creo que tenemos que asumir m\u00e1s responsabilidad por nuestra propia seguridad\u00bb.<\/p>\n<p>En su anuncio sobre la regi\u00f3n del Atl\u00e1ntico \u00c1rtico y Norte, el Ministerio de Defensa Dan\u00e9s dijo que las partes acordaron negociar un segundo acuerdo en la primera mitad de este a\u00f1o se centr\u00f3 en fortalecer la disuasi\u00f3n y la defensa.<\/p>\n<div class=\"image-ct inline\">\n<div class=\"m\"><picture><source media=\"(max-width: 767px)\" srcset=\"https:\/\/a57.foxnews.com\/static.foxnews.com\/foxnews.com\/content\/uploads\/2025\/01\/343\/192\/fox-greenland-1.jpg?ve=1&amp;tl=1, https:\/\/a57.foxnews.com\/static.foxnews.com\/foxnews.com\/content\/uploads\/2025\/01\/686\/384\/fox-greenland-1.jpg?ve=1&amp;tl=1 2x\" height=\"192\" width=\"343\"><source media=\"(min-width: 768px) and (max-width: 1023px)\" srcset=\"https:\/\/a57.foxnews.com\/static.foxnews.com\/foxnews.com\/content\/uploads\/2025\/01\/672\/378\/fox-greenland-1.jpg?ve=1&amp;tl=1, https:\/\/a57.foxnews.com\/static.foxnews.com\/foxnews.com\/content\/uploads\/2025\/01\/1344\/756\/fox-greenland-1.jpg?ve=1&amp;tl=1 2x\" height=\"378\" width=\"672\"><source media=\"(min-width: 1024px) and (max-width: 1279px)\" srcset=\"https:\/\/a57.foxnews.com\/static.foxnews.com\/foxnews.com\/content\/uploads\/2025\/01\/931\/523\/fox-greenland-1.jpg?ve=1&amp;tl=1, https:\/\/a57.foxnews.com\/static.foxnews.com\/foxnews.com\/content\/uploads\/2025\/01\/1862\/1046\/fox-greenland-1.jpg?ve=1&amp;tl=1 2x\" height=\"523\" width=\"931\"><source media=\"(min-width: 1280px)\" srcset=\"https:\/\/a57.foxnews.com\/static.foxnews.com\/foxnews.com\/content\/uploads\/2025\/01\/720\/405\/fox-greenland-1.jpg?ve=1&amp;tl=1, https:\/\/a57.foxnews.com\/static.foxnews.com\/foxnews.com\/content\/uploads\/2025\/01\/1440\/810\/fox-greenland-1.jpg?ve=1&amp;tl=1 2x\" height=\"405\" width=\"720\"><img loading=\"lazy\" decoding=\"async\" src=\"https:\/\/a57.foxnews.com\/static.foxnews.com\/foxnews.com\/content\/uploads\/2025\/01\/1200\/675\/fox-greenland-1.jpg?ve=1&amp;tl=1\" alt=\"Tierra Verde\" width=\"1200\" height=\"675\"\/><\/source><\/source><\/source><\/source><\/picture><\/div>\n<div class=\"info\">\n<div class=\"caption\">\n<p><span>Qaqortoq, Groenlandia. <\/span> <span>(Fox News)<\/span><\/p>\n<\/div>\n<\/div>\n<\/div>\n<p>\u00abDebemos enfrentar el hecho de que existen serios desaf\u00edos con respecto a la seguridad y la defensa en el \u00c1rtico y el Atl\u00e1ntico Norte\u00bb, dijo el Ministro de Defensa Troels Lund Poulsen. \u00abPor esta raz\u00f3n, debemos fortalecer nuestra presencia en la regi\u00f3n\u00bb.<\/p>\n<p>Su ministerio dijo que garantizar que las inversiones brinden apoyo para los empleos locales y las empresas en Groenlandia y las Islas Feroe ser\u00e1n \u00abun punto focal\u00bb. <\/p>\n<p><strong>Haga clic aqu\u00ed para obtener la aplicaci\u00f3n Fox News<\/strong><\/p>\n<p>El gobierno de Groenlandia ha insistido en que el territorio no est\u00e1 a la venta, sino que est\u00e1 abierto a la cooperaci\u00f3n. La declaraci\u00f3n del Ministerio de Defensa no mencion\u00f3 las ambiciones de Trump.<\/p>\n<p><i>Associated Press contribuy\u00f3 a este informe.<\/i><\/p>\n<div class=\"article-meta\">\n<div class=\"author-bio\">\n<p>Bradford Betz es un reportero de Fox News Digital Breaking que cubre el crimen, los problemas pol\u00edticos y mucho m\u00e1s. <\/p>\n<\/div>\n<\/div>\n<\/div>\n\n","protected":false},"excerpt":{"rendered":"<p>El Gobierno de Dinamarca dice que aumentar\u00e1 el gasto militar en el Atl\u00e1ntico Norte en medio de la apuesta del presidente de los Estados Unidos, Donald Trump, de que Groenlandia vendiera o cediera a los Estados Unidos. El lunes por la noche, el gobierno dan\u00e9s anunci\u00f3 un acuerdo de 14.6 mil millones de kroner, o &hellip;<\/p>\n","protected":false},"author":1,"featured_media":12362,"comment_status":"open","ping_status":"open","sticky":false,"template":"","format":"standard","meta":{"fifu_image_url":"https:\/\/static.foxnews.com\/foxnews.com\/content\/uploads\/2025\/01\/denmark.png","fifu_image_alt":"","footnotes":""},"categories":[13],"tags":[],"class_list":["post-12360","post","type-post","status-publish","format-standard","has-post-thumbnail","","category-mundo"],"_links":{"self":[{"href":"https:\/\/noticiasveraces.com\/index.php?rest_route=\/wp\/v2\/posts\/12360","targetHints":{"allow":["GET"]}}],"collection":[{"href":"https:\/\/noticiasveraces.com\/index.php?rest_route=\/wp\/v2\/posts"}],"about":[{"href":"https:\/\/noticiasveraces.com\/index.php?rest_route=\/wp\/v2\/types\/post"}],"author":[{"embeddable":true,"href":"https:\/\/noticiasveraces.com\/index.php?rest_route=\/wp\/v2\/users\/1"}],"replies":[{"embeddable":true,"href":"https:\/\/noticiasveraces.com\/index.php?rest_route=%2Fwp%2Fv2%2Fcomments&post=12360"}],"version-history":[{"count":0,"href":"https:\/\/noticiasveraces.com\/index.php?rest_route=\/wp\/v2\/posts\/12360\/revisions"}],"wp:featuredmedia":[{"embeddable":true,"href":"https:\/\/noticiasveraces.com\/index.php?rest_route=\/wp\/v2\/media\/12362"}],"wp:attachment":[{"href":"https:\/\/noticiasveraces.com\/index.php?rest_route=%2Fwp%2Fv2%2Fmedia&parent=12360"}],"wp:term":[{"taxonomy":"category","embeddable":true,"href":"https:\/\/noticiasveraces.com\/index.php?rest_route=%2Fwp%2Fv2%2Fcategories&post=12360"},{"taxonomy":"post_tag","embeddable":true,"href":"https:\/\/noticiasveraces.com\/index.php?rest_route=%2Fwp%2Fv2%2Ftags&post=12360"}],"curies":[{"name":"wp","href":"https:\/\/api.w.org\/{rel}","templated":true}]}}