{"id":12344,"date":"2025-01-28T23:57:13","date_gmt":"2025-01-29T03:57:13","guid":{"rendered":"https:\/\/noticiasveraces.com\/?p=12344"},"modified":"2025-01-28T23:57:13","modified_gmt":"2025-01-29T03:57:13","slug":"autism-community-teme-a-rfk-jr-retrasaria-decadas-de-progreso","status":"publish","type":"post","link":"https:\/\/noticiasveraces.com\/?p=12344","title":{"rendered":"Autism Community teme a RFK Jr. retrasar\u00eda d\u00e9cadas de progreso"},"content":{"rendered":"<p> \n<br \/><img decoding=\"async\" src=\"https:\/\/media-cldnry.s-nbcnews.com\/image\/upload\/t_fit_1500w\/rockcms\/2024-11\/241106-rfk-jr-al-0910-0bccdb.jpg\" \/><\/p>\n<div>\n<p class=\"body-graf\">Durante d\u00e9cadas, la comunidad cient\u00edfica ha trabajado para disipar una teor\u00eda completamente desacreditada de que las vacunas causan autismo y finalmente cambian su enfoque para encontrar verdaderas causas potenciales.<\/p>\n<p class=\"body-graf\">Pero ahora, los defensores del autismo dicen que temen que si Robert F. Kennedy Jr. se confirma como Secretario de Salud y Servicios Humanos, podr\u00eda socavar<strong> <\/strong>a\u00f1os<strong> <\/strong>de progreso en el autismo y las vacunas no bebidas, mientras que potencialmente desv\u00eda d\u00f3lares de investigaci\u00f3n preciosos a una teor\u00eda ya desacreditada por cientos de estudios en todo el mundo. Advierten que ejercer\u00eda una vasta influencia sobre qui\u00e9n se sienta en los comit\u00e9s y dirige la pol\u00edtica. <\/p>\n<p class=\"body-graf\">Y algunos condenaron la ret\u00f3rica pasada de Kennedy alrededor de la discapacidad, llam\u00e1ndola estigmatizante e insultante.  <\/p>\n<p class=\"body-graf\">Alison Singer, fundadora de la Autism Science Foundation, dijo que agradece un examen sobre posibles causas de autismo, pero centrarse en las vacunas podr\u00eda ser peligroso para los ni\u00f1os. <\/p>\n<p class=\"body-graf\">\u00abUna nueva cosecha de padres tendr\u00e1 miedo, quien puede creer que las vacunas podr\u00edan da\u00f1ar a sus hijos, potencialmente causar autismo, y esos padres podr\u00edan retener las vacunas para salvar la vida de sus hijos\u00bb, dijo Singer.  <\/p>\n<p class=\"body-graf\">Ella dijo que la preocupaci\u00f3n es que \u00ablos fondos se gastan reexaminando lo que sabemos que no causa autismo, y se les dirige a mirar en nuevas \u00e1reas potenciales de lo que est\u00e1 causando el autismo. Hay tanto que necesitamos financiar cuando se trata de la investigaci\u00f3n del autismo \u00ab.<\/p>\n<p class=\"body-graf\">Kennedy est\u00e1 programado para comenzar sus audiencias de confirmaci\u00f3n del Senado el mi\u00e9rcoles. Se espera que enfrente preguntas dif\u00edciles sobre la informaci\u00f3n err\u00f3nea que ha promovido en torno a la salud p\u00fablica a lo largo de los a\u00f1os, incluidas sus afirmaciones sobre las vacunas. <\/p>\n<p class=\"body-graf\">Kennedy, quien fund\u00f3 una organizaci\u00f3n sin fines de lucro antivaccina y se convirti\u00f3 en uno de los activistas antivaccinos m\u00e1s prominentes del mundo, una cruzada de la que \u00e9l y los grupos asociados han ganado millones de d\u00f3lares, ha avanzado prominentemente una falsa afirmaci\u00f3n de que las vacunas causan las vacunas que causan las vacunas. autismo. <\/p>\n<p class=\"body-graf\">\u00abCreo que el autismo proviene de las vacunas\u00bb, afirm\u00f3 Kennedy a Fox News en 2023. <\/p>\n<p class=\"body-graf\">Continu\u00f3 diciendo que su posici\u00f3n fue incomprendida; Solo quiere probar la ciencia detr\u00e1s de ellos. Pero es Kennedy quien rechaza la ciencia frente a \u00e9l, dicen los cr\u00edticos. <\/p>\n<p class=\"body-graf\">\u00abSomos [also] \u00bfRevisar la pregunta sobre si la tierra es plana? Esto es ciencia establecida \u201d, dijo el representante Kim Schrier, un dem\u00f3crata de Washington que anteriormente trabaj\u00f3 como pediatra. \u201cYa investigamos las vacunas. No causan autismo, pero veamos en otro lado. Y en otros lugares podr\u00eda ser gen\u00e9tica. Podr\u00eda ser el hecho de que ahora estamos poniendo muchos m\u00e1s ni\u00f1os bajo el paraguas del autismo que nunca antes habr\u00eda ca\u00eddo bajo ese paraguas &#8230; podr\u00eda ser muchas cosas, pero mencionar la ciencia establecida solo va a socavar la confianza en vacunas, disminuye las tasas de inmunizaci\u00f3n y pone en riesgo a toda la poblaci\u00f3n \u201d.<\/p>\n<p class=\"body-graf\">Como jefe del HHS, Kennedy mantendr\u00eda una influencia masiva en la direcci\u00f3n de la pol\u00edtica de salud en los Estados Unidos. Liderar\u00eda a varias agencias, incluida la Administraci\u00f3n de Alimentos y Medicamentos, los Centros para el Control y la Prevenci\u00f3n de Enfermedades y los Institutos Nacionales de Salud. La elecci\u00f3n del presidente Donald Trump para los CDC, el ex representante de Florida, David Weldon, est\u00e1 impulsando a\u00fan m\u00e1s los temores debido a sus propias declaraciones anteriores que dan dudas de la seguridad de las vacunas.  <\/p>\n<h2 class=\"body-heading\"><strong>Colisionar con la historia<\/strong><\/h2>\n<p class=\"body-graf\">Kennedy a menudo comienza su argumento de que las vacunas causan autismo al girar una narraci\u00f3n de que no conoc\u00eda a los ni\u00f1os severamente autistas cuando crec\u00eda, y ahora no sabe nada a su edad. Concluye el aumento de la incidencia, coincide con la prevalencia de las vacunas infantiles.<\/p>\n<p class=\"body-graf\">\u00abApuesto a que nunca has conocido a nadie con autismo en toda regla de tu edad\u00bb, dijo Kennedy a Podcaster Joe Rogan en 2023, lanz\u00e1ndose a un gui\u00f3n que a menudo usa en apariciones p\u00fablicas. \u201cSabes, casco de f\u00fatbol encendido, sin entrenamiento, no verbal. Quiero decir, nunca he conocido a nadie as\u00ed a mi edad, pero en la edad de mis hijos ahora, uno de cada 34 ni\u00f1os tiene autismo. Y la mitad de ellos est\u00e1n llenos. <\/p>\n<p class=\"body-graf\">Sin embargo, las personas con discapacidades del desarrollo fueron institucionalizadas durante d\u00e9cadas y, en la Alemania nazi, peor, o de otro modo, se mantuvieron fuera del ojo p\u00fablico, muy lejos de las escuelas integradas que muchos sistemas p\u00fablicos intentan lograr hoy. <\/p>\n<p class=\"body-graf\">La pr\u00e1ctica de institucionalizar a los ni\u00f1os con discapacidades fue particularmente frecuente en la Am\u00e9rica de la posguerra y, a menudo, en instalaciones con malas condiciones.<\/p>\n<p class=\"body-graf\">Un ejemplo de la brecha entre la comprensi\u00f3n p\u00fablica de los ni\u00f1os con discapacidades se produjo en 1965, cuando Kennedy ten\u00eda unos 11 a\u00f1os. Su padre, entonces senador estadounidense de Nueva York, denunci\u00f3 las traicioneras condiciones en la Escuela Estatal de Willowbrook. En uno de los exposios m\u00e1s vergonzosos en la historia de los Estados Unidos, se descubri\u00f3 que los ni\u00f1os discapacitados viv\u00edan en suciedad, en medio de abuso y condiciones generales horribles, provocando indignaci\u00f3n en todo el pa\u00eds. <\/p>\n<p class=\"body-graf\">\u00abCreo que todos tenemos la culpa y creo que hace mucho tiempo que se haga algo al respecto\u00bb, dijo Robert F. Kennedy Sr. en el momento de Willowbrook. <\/p>\n<p class=\"body-graf\">Zoe Gross, directora de defensa de la red de auto-advocidad autista, se\u00f1al\u00f3 que el diagn\u00f3stico de autismo todav\u00eda estaba evolucionando en los a\u00f1os 60. Ella sostuvo a Willowbrook como un ejemplo de c\u00f3mo aquellos con el desarrollo y otros tipos de discapacidades alguna vez estuvieron ocultos a la sociedad. <\/p>\n<p class=\"body-graf\">\u201cSi observa el video de las condiciones en las que se encontraban las personas en Willowbrook, ver\u00e1 a las personas que RFK Jr. describe como faltantes en su infancia. Y ver\u00e1s a d\u00f3nde fueron, a d\u00f3nde se vieron obligados a ir \u201d, dijo Gross.<\/p>\n<h2 class=\"body-heading\"><strong>Ignorando la ciencia <\/strong><\/h2>\n<p class=\"body-graf\">Los diagn\u00f3sticos de autismo han aumentado de aproximadamente 1 de cada 150 ni\u00f1os en 2000, a 1 en 36 hoy. En ese per\u00edodo, la definici\u00f3n de qui\u00e9n es autista se ampl\u00eda considerablemente, capturando un amplio lapso de habilidades. Ahora abarca desde personas que viven vidas independientes, hasta personas que no son impactantes o que enfrentan serios desaf\u00edos m\u00e9dicos como las convulsiones.  <\/p>\n<p class=\"body-graf\">Los investigadores se\u00f1alan un fuerte v\u00ednculo gen\u00e9tico con el trastorno complejo y han dicho que se necesita mucha m\u00e1s investigaci\u00f3n para determinar qu\u00e9 factores ambientales, si alguno, juegan en \u00e9l. Autism Speaks, una de las organizaciones de investigaci\u00f3n de autismo m\u00e1s grandes del pa\u00eds, es un grupo que ha pedido una mayor investigaci\u00f3n sobre el papel que pueden jugar factores como la exposici\u00f3n a los productos qu\u00edmicos y la edad de los padres.  <\/p>\n<p class=\"body-graf\">\u201cSabemos que el autismo es altamente heredable, por lo que la investigaci\u00f3n m\u00e1s necesaria es sobre c\u00f3mo interact\u00faan los genes y el medio ambiente. Las variaciones gen\u00e9ticas pueden conducir a cambios en la biolog\u00eda subyacente, lo que hace que aquellos individuos sean m\u00e1s resistentes o susceptibles a diferentes exposiciones \u201d, dijo Singer, de la Fundaci\u00f3n de Ciencias del Autismo. Esas exposiciones podr\u00edan incluir t\u00f3xicos, como insecticidas o plastificantes; farmacol\u00f3gico, como medicamentos; y posiblemente sociol\u00f3gico, como el bajo estatus socioecon\u00f3mico o no recibir atenci\u00f3n m\u00e9dica adecuada, sugiri\u00f3 Singer.<\/p>\n<p class=\"body-graf\">\u00abLa investigaci\u00f3n gen\u00e9tica est\u00e1 muy por delante de la investigaci\u00f3n ambiental principalmente porque no tenemos buenas formas de medir a lo que estamos expuestos en el medio ambiente\u00bb, agreg\u00f3. \u201cEso necesita mejorar. Tambi\u00e9n debemos comprender c\u00f3mo los factores ambientales afectan la estructura del ADN y la expresi\u00f3n del ADN \u00ab. <\/p>\n<p class=\"body-graf\">En la conversaci\u00f3n de Kennedy con Rogan en 2023, sostuvo que fueron otros quienes ignoraron los estudios cient\u00edficos en el campo. <\/p>\n<p class=\"body-graf\">\u00abY todos dir\u00e1n: &#8216;Oh, no hay un estudio que muestre que el autismo y las vacunas est\u00e1n conectadas&#8217;. Eso es solo una locura. Sabes, son personas que no est\u00e1n mirando la ciencia \u201d, dijo Kennedy. <\/p>\n<p class=\"body-graf\">Otros dicen que un enfoque sobre las vacunas como causa del autismo podr\u00eda desviar los fondos de las \u00e1reas de investigaci\u00f3n necesarias. Debido al \u00faltimo susto de la vacuna, algunas facetas de la investigaci\u00f3n del autismo est\u00e1n detr\u00e1s, que incluyen c\u00f3mo ayudar a las personas autistas que tienen complicaciones para dormir, problemas gastrointestinales, demoras en el ba\u00f1o o convulsiones o si existe un v\u00ednculo entre los diagn\u00f3sticos de autismo y el desarrollo de Parkinson m\u00e1s tarde en la vida, Dijo Gross. <\/p>\n<p class=\"body-graf\">\u00abNuestra preocupaci\u00f3n es que ya es tan dif\u00edcil dirigir la financiaci\u00f3n a estos temas poco estudiados\u00bb, dijo. \u00abNo queremos que las vacunas se conviertan en un dominio absoluto en la financiaci\u00f3n y ahogar esta financiaci\u00f3n muy limitada que estas preguntas realmente cr\u00edticas ya est\u00e1n recibiendo\u00bb.<\/p>\n<p class=\"body-graf\">Las preocupaciones de los padres sobre un empate entre las vacunas y el autismo se dispararon despu\u00e9s de un estudio de 1998 realizado por Andrew Wakefield considerando un v\u00ednculo entre el disparo de MMR y el autismo. M\u00e1s tarde se descubri\u00f3 que era fraudulento y se retract\u00f3 a\u00f1os despu\u00e9s. Entre los problemas, Wakefield no revel\u00f3 conflictos financieros de intereses en el estudio. <\/p>\n<p class=\"body-graf\">En los a\u00f1os intermedios, los temores se extendieron por el mundo de las discapacidades intelectuales, no solo provocando dudas de vacunas, sino tambi\u00e9n de los d\u00f3lares de investigaci\u00f3n hacia posibles v\u00ednculos entre las vacunas y el autismo. Los defensores dicen que puso a la comunidad en tratamientos basados \u200b\u200ben la investigaci\u00f3n para el autismo y las intervenciones. <\/p>\n<p class=\"body-graf\">Cientos de estudios realizados en d\u00e9cadas y en todo el mundo han encontrado que las vacunas son seguras. <\/p>\n<p class=\"body-graf\">Estos estudios siguieron teor\u00edas fluctuantes sobre lo que en las vacunas puede ser potencialmente insegura. Las hip\u00f3tesis predominantes cambiaron de culpar a la vacuna contra el sarampi\u00f3n-batas-rubella (MMR) a la casa en el timerosal conservador que se usa en algunas vacunas para observar el volumen de vacunas que los ni\u00f1os se administran a la vez. Cada una de las teor\u00edas fue probada y despedida en estudios cient\u00edficos, que incluyeron investigaciones que compararon la incidencia de autismo entre los ni\u00f1os vacunados con aquellos que no hab\u00edan recibido ciertas vacunas. <\/p>\n<p class=\"body-graf\">A pesar de esos hallazgos, Kennedy apoya la teor\u00eda de que los ingredientes en las vacunas o la bater\u00eda de los horarios de vacunaci\u00f3n han provocado el aumento. <\/p>\n<p class=\"body-graf\">En una entrevista de podcast 2023, se le pregunt\u00f3 a Kennedy si pensaba que alguna vacuna era efectiva. Su respuesta: \u201cCreo que algunas de las vacunas de virus vivos probablemente est\u00e1n evitando m\u00e1s problemas de los que est\u00e1n causando. Luego agreg\u00f3: \u00abNo hay una vacuna que sea segura y efectiva\u00bb.<\/p>\n<p class=\"body-graf\">Un portavoz de Kennedy no respondi\u00f3 a una solicitud de comentarios. <\/p>\n<h2 class=\"body-heading\"><strong>Lenguaje estigmatizante <\/strong><\/h2>\n<p class=\"body-graf\">El propio Trump sugiri\u00f3 a fines del a\u00f1o pasado en \u00abMeet the Press\u00bb de NBC News que al elegir a Kennedy para llevar a HHS, quer\u00eda que mirara el v\u00ednculo desacreditado entre las vacunas y el autismo. Trump le dijo anteriormente a Fox News, m\u00e1s de una vez, que personalmente conoc\u00eda a una familia que \u00abten\u00eda un hijo hermoso\u00bb antes de recibir una \u00abtoma monstruosa\u00bb de vacunas y luego \u00abse puso muy, muy enfermo, ahora es autista\u00bb. <\/p>\n<p class=\"body-graf\">Entre las preocupaciones en la comunidad del autismo se encuentra el tipo de lenguaje que tanto Trump como Kennedy usan para describir la condici\u00f3n neurol\u00f3gica compleja es despectivo. <\/p>\n<p class=\"body-graf\">\u00abUtiliza esta creencia de que las vacunas hacen que el autismo propaga una imagen muy estigmatizante y negativa del autismo, donde dice, por ejemplo, alguien tiene una vacuna y su &#8216;cerebro se ha ido'\u00bb, dijo Gross sobre Kennedy. \u00abY al decir que su cerebro se ha ido, quiere decir que son autistas\u00bb.<\/p>\n<p class=\"body-graf\">Gross, quien es autista, estaba haciendo referencia a un comentario de 2015 de Kennedy en el que compar\u00f3 a los ni\u00f1os vacunadores con el Holocausto. M\u00e1s tarde se disculp\u00f3 por sus comentarios. <\/p>\n<p class=\"body-graf\">\u201cObtienen el tiro, esa noche tienen fiebre de 103 [degrees]se van a dormir, y tres meses despu\u00e9s su cerebro se ha ido \u201d, dijo Kennedy entonces. \u00abEste es un Holocausto, lo que esto le est\u00e1 haciendo a nuestro pa\u00eds\u00bb.<\/p>\n<p class=\"endmark body-graf\">Gross lo llam\u00f3 \u00abFearmongering\u00bb, afirmando: \u00abLa idea detr\u00e1s de hacer este enlace es que es mejor morir de tos ferina como un beb\u00e9 que vivir como una persona autista\u00bb. <\/p>\n<\/div>\n\n","protected":false},"excerpt":{"rendered":"<p>Durante d\u00e9cadas, la comunidad cient\u00edfica ha trabajado para disipar una teor\u00eda completamente desacreditada de que las vacunas causan autismo y finalmente cambian su enfoque para encontrar verdaderas causas potenciales. Pero ahora, los defensores del autismo dicen que temen que si Robert F. Kennedy Jr. se confirma como Secretario de Salud y Servicios Humanos, podr\u00eda socavar &hellip;<\/p>\n","protected":false},"author":1,"featured_media":12346,"comment_status":"open","ping_status":"open","sticky":false,"template":"","format":"standard","meta":{"fifu_image_url":"https:\/\/media-cldnry.s-nbcnews.com\/image\/upload\/t_nbcnews-fp-1200-630,f_auto,q_auto:best\/rockcms\/2024-11\/241106-rfk-jr-al-0910-0bccdb.jpg","fifu_image_alt":"","footnotes":""},"categories":[4],"tags":[],"class_list":["post-12344","post","type-post","status-publish","format-standard","has-post-thumbnail","","category-historias-destacadas"],"_links":{"self":[{"href":"https:\/\/noticiasveraces.com\/index.php?rest_route=\/wp\/v2\/posts\/12344","targetHints":{"allow":["GET"]}}],"collection":[{"href":"https:\/\/noticiasveraces.com\/index.php?rest_route=\/wp\/v2\/posts"}],"about":[{"href":"https:\/\/noticiasveraces.com\/index.php?rest_route=\/wp\/v2\/types\/post"}],"author":[{"embeddable":true,"href":"https:\/\/noticiasveraces.com\/index.php?rest_route=\/wp\/v2\/users\/1"}],"replies":[{"embeddable":true,"href":"https:\/\/noticiasveraces.com\/index.php?rest_route=%2Fwp%2Fv2%2Fcomments&post=12344"}],"version-history":[{"count":0,"href":"https:\/\/noticiasveraces.com\/index.php?rest_route=\/wp\/v2\/posts\/12344\/revisions"}],"wp:featuredmedia":[{"embeddable":true,"href":"https:\/\/noticiasveraces.com\/index.php?rest_route=\/wp\/v2\/media\/12346"}],"wp:attachment":[{"href":"https:\/\/noticiasveraces.com\/index.php?rest_route=%2Fwp%2Fv2%2Fmedia&parent=12344"}],"wp:term":[{"taxonomy":"category","embeddable":true,"href":"https:\/\/noticiasveraces.com\/index.php?rest_route=%2Fwp%2Fv2%2Fcategories&post=12344"},{"taxonomy":"post_tag","embeddable":true,"href":"https:\/\/noticiasveraces.com\/index.php?rest_route=%2Fwp%2Fv2%2Ftags&post=12344"}],"curies":[{"name":"wp","href":"https:\/\/api.w.org\/{rel}","templated":true}]}}