{"id":12332,"date":"2025-01-28T22:47:00","date_gmt":"2025-01-29T02:47:00","guid":{"rendered":"https:\/\/noticiasveraces.com\/?p=12332"},"modified":"2025-01-28T22:47:00","modified_gmt":"2025-01-29T02:47:00","slug":"mona-lisa-obtendra-su-propia-habitacion-bajo-una-importante-renovacion-del-louvre","status":"publish","type":"post","link":"https:\/\/noticiasveraces.com\/?p=12332","title":{"rendered":"&#8216;Mona Lisa&#8217; obtendr\u00e1 su propia habitaci\u00f3n bajo una importante renovaci\u00f3n del Louvre"},"content":{"rendered":"<p> \n<br \/><img decoding=\"async\" src=\"https:\/\/a57.foxnews.com\/static.foxnews.com\/foxnews.com\/content\/uploads\/2025\/01\/931\/523\/aptopix-france-louvre.jpg?ve=1&amp;tl=1\" \/><\/p>\n<p>El presidente franc\u00e9s, Emmanuel Macron, anunci\u00f3 el martes que la \u00abMona Lisa\u00bb obtendr\u00e1 su propia habitaci\u00f3n dedicada dentro del Museo del Louvre bajo una importante renovaci\u00f3n y expansi\u00f3n del hito de Par\u00eds que tomar\u00e1 hasta una d\u00e9cada.<\/p>\n<p>El proyecto de renovaci\u00f3n, marcado \u00abLouvre New Renaissance\u00bb, incluir\u00e1 una amplia entrada nueva cerca del r\u00edo Seine, que se abrir\u00e1 en 2031, dijo Macron en un discurso desde la habitaci\u00f3n donde se exhibe la obra maestra de Leonardo da Vinci.<\/p>\n<p><strong>Suponido versi\u00f3n anterior de &#8216;Mona Lisa&#8217; de Da Vinci, Wows Art Lovers despu\u00e9s de exhibir<\/strong><\/p>\n<p>Macron no revel\u00f3 una cantidad exacta presupuestada para el proyecto para modernizar el museo m\u00e1s visitado del mundo, que est\u00e1 plagado de hacinamiento e instalaciones obsoletas. Pero se estima que alcanza hasta 800 millones de euros ($ 834 millones).<\/p>\n<p>La \u00faltima revisi\u00f3n del Louvre se remonta a la d\u00e9cada de 1980, cuando se revel\u00f3 la ic\u00f3nica pir\u00e1mide de vidrio.<\/p>\n<p>Una mirada a lo que est\u00e1 en juego:<\/p>\n<p>Mover dise\u00f1ado para facilitar la experiencia de Louvre<\/p>\n<p>Macron dijo que la expansi\u00f3n del museo permitir\u00e1 que la \u00abMona Lisa\u00bb se traslade a una habitaci\u00f3n nueva y dedicada accesible para los visitantes a trav\u00e9s de un boleto especial. Eso har\u00e1 que la visita sea m\u00e1s simple para aquellos que quieran ver la pintura y aliviar la experiencia de otros visitantes en el resto del museo, dijo.<\/p>\n<p>\u00abLas condiciones de exhibici\u00f3n, explicaci\u00f3n y presentaci\u00f3n depender\u00e1n de lo que merece la &#8216;Mona Lisa'\u00bb, dijo.<\/p>\n<p>La obra maestra de Leonardo ahora se est\u00e1 mostrando detr\u00e1s de los vidrio protector en la habitaci\u00f3n m\u00e1s grande del museo, abarrotada de largas y ruidosas l\u00edneas de visitantes ansiosos por tomarse una selfie con el retrato innovador de la mujer con la enigm\u00e1tica sonrisa. Eso hace que algunas otras pinturas en la habitaci\u00f3n de pintores venecianos como Tizian y Veronese pasen desapercibidos por muchos.<\/p>\n<p>La gran renovaci\u00f3n del museo en la d\u00e9cada de 1980 fue dise\u00f1ada para recibir 4 millones de visitantes anuales.<\/p>\n<p>El a\u00f1o pasado, el Louvre recibi\u00f3 8,7 millones de visitantes, m\u00e1s del 75% de extranjeros en su mayor\u00eda de los Estados Unidos, China y los pa\u00edses vecinos Italia, el Reino Unido, Alemania y Espa\u00f1a.<\/p>\n<p>Revisi\u00f3n costosa y compleja<\/p>\n<p>Macron dijo que se crear\u00e1 una nueva entrada para el Louvre cerca del Sena para 2031, para ser financiado por venta de entradas, patrocinio y licencia de dinero de la sucursal de Abu Dhabi del museo.<\/p>\n<p>Una competencia de dise\u00f1o se organizar\u00e1 en los pr\u00f3ximos meses, dijo. Adem\u00e1s, se crear\u00e1n algunas nuevas habitaciones subterr\u00e1neas para expandir el museo.<\/p>\n<p>Un alto funcionario franc\u00e9s dijo que el costo de la renovaci\u00f3n se estima en 700 a 800 millones de euros ($ 730 a 834 millones) en la pr\u00f3xima d\u00e9cada, incluida la mitad para la creaci\u00f3n de la nueva entrada. El funcionario no pudo ser nombrado en l\u00ednea con las pr\u00e1cticas habituales de la presidencia francesa.<\/p>\n<p>Macron dijo que los precios de las entradas se elevar\u00edan para visitantes extranjeros de fuera de la Uni\u00f3n Europea, en comparaci\u00f3n con 22 euros ($ 23) ahora. Prometi\u00f3 que el museo ser\u00eda m\u00e1s seguro y m\u00e1s c\u00f3modo tanto para el p\u00fablico como para los empleados.<\/p>\n<p>Comparando el proyecto con la reciente reapertura de Notre Dame, Macron dijo que \u00abel Louvre redise\u00f1ado, restaurado y expandido, se convertir\u00e1 en el epicentro de la historia del arte para nuestro pa\u00eds y m\u00e1s all\u00e1\u00bb.<\/p>\n<p>La mitad del presupuesto del Louvre est\u00e1 siendo financiado por el gobierno franc\u00e9s, incluidos los salarios de los 2.200 empleados.<\/p>\n<p>La otra mitad es proporcionada por fondos privados que incluyen ventas de entradas, ganancias de restaurantes, tiendas y reservas para eventos especiales, as\u00ed como a clientes y otros socios.<\/p>\n<p>Fugas de agua y otros da\u00f1os<\/p>\n<p>El anuncio de renovaci\u00f3n se produjo despu\u00e9s de que el director del Lourence Des Cars expres\u00f3 sus preocupaciones en una nota al ministro de cultura, Rachida Dati, a principios de este mes, diciendo que el museo est\u00e1 amenazado por la \u00abobsolescencia\u00bb.<\/p>\n<p>Seg\u00fan el documento publicado por primera vez por el peri\u00f3dico franc\u00e9s Le Parisien, advirti\u00f3 sobre la degradaci\u00f3n gradual del edificio debido a fugas de agua, variaciones de temperatura y otros problemas \u00abponiendo en peligro la preservaci\u00f3n de las obras de arte\u00bb.<\/p>\n<p>La pir\u00e1mide que sirve en la entrada del museo, presentado en 1989 como parte del proyecto del difunto presidente Fran\u00e7ois Mitterrand, ahora parece anticuado. El lugar no est\u00e1 aislado adecuadamente del fr\u00edo y el calor, y tiende a amplificar el ruido, lo que hace que el espacio sea inc\u00f3modo tanto para el p\u00fablico como para el personal, dijo Des Cars.<\/p>\n<p>Adem\u00e1s, el museo sufre una falta de opciones de comida e instalaciones de ba\u00f1o, dijo.<\/p>\n\n","protected":false},"excerpt":{"rendered":"<p>El presidente franc\u00e9s, Emmanuel Macron, anunci\u00f3 el martes que la \u00abMona Lisa\u00bb obtendr\u00e1 su propia habitaci\u00f3n dedicada dentro del Museo del Louvre bajo una importante renovaci\u00f3n y expansi\u00f3n del hito de Par\u00eds que tomar\u00e1 hasta una d\u00e9cada. El proyecto de renovaci\u00f3n, marcado \u00abLouvre New Renaissance\u00bb, incluir\u00e1 una amplia entrada nueva cerca del r\u00edo Seine, que &hellip;<\/p>\n","protected":false},"author":1,"featured_media":12334,"comment_status":"open","ping_status":"open","sticky":false,"template":"","format":"standard","meta":{"fifu_image_url":"https:\/\/a57.foxnews.com\/static.foxnews.com\/foxnews.com\/content\/uploads\/2025\/01\/931\/523\/aptopix-france-louvre.jpg?ve=1&tl=1","fifu_image_alt":"","footnotes":""},"categories":[13],"tags":[],"class_list":["post-12332","post","type-post","status-publish","format-standard","has-post-thumbnail","","category-mundo"],"_links":{"self":[{"href":"https:\/\/noticiasveraces.com\/index.php?rest_route=\/wp\/v2\/posts\/12332","targetHints":{"allow":["GET"]}}],"collection":[{"href":"https:\/\/noticiasveraces.com\/index.php?rest_route=\/wp\/v2\/posts"}],"about":[{"href":"https:\/\/noticiasveraces.com\/index.php?rest_route=\/wp\/v2\/types\/post"}],"author":[{"embeddable":true,"href":"https:\/\/noticiasveraces.com\/index.php?rest_route=\/wp\/v2\/users\/1"}],"replies":[{"embeddable":true,"href":"https:\/\/noticiasveraces.com\/index.php?rest_route=%2Fwp%2Fv2%2Fcomments&post=12332"}],"version-history":[{"count":0,"href":"https:\/\/noticiasveraces.com\/index.php?rest_route=\/wp\/v2\/posts\/12332\/revisions"}],"wp:featuredmedia":[{"embeddable":true,"href":"https:\/\/noticiasveraces.com\/index.php?rest_route=\/wp\/v2\/media\/12334"}],"wp:attachment":[{"href":"https:\/\/noticiasveraces.com\/index.php?rest_route=%2Fwp%2Fv2%2Fmedia&parent=12332"}],"wp:term":[{"taxonomy":"category","embeddable":true,"href":"https:\/\/noticiasveraces.com\/index.php?rest_route=%2Fwp%2Fv2%2Fcategories&post=12332"},{"taxonomy":"post_tag","embeddable":true,"href":"https:\/\/noticiasveraces.com\/index.php?rest_route=%2Fwp%2Fv2%2Ftags&post=12332"}],"curies":[{"name":"wp","href":"https:\/\/api.w.org\/{rel}","templated":true}]}}