{"id":12295,"date":"2025-01-28T15:47:52","date_gmt":"2025-01-28T19:47:52","guid":{"rendered":"https:\/\/noticiasveraces.com\/?p=12295"},"modified":"2025-01-28T15:47:52","modified_gmt":"2025-01-28T19:47:52","slug":"bill-gates-probablemente-tenia-autismo-cuando-era-nino-revela-no-fue-ampliamente-entendido","status":"publish","type":"post","link":"https:\/\/noticiasveraces.com\/?p=12295","title":{"rendered":"Bill Gates probablemente ten\u00eda autismo cuando era ni\u00f1o, revela: \u00abno fue ampliamente entendido\u00bb"},"content":{"rendered":"<p> \n<br \/><img decoding=\"async\" src=\"https:\/\/static.foxnews.com\/foxnews.com\/content\/uploads\/2023\/05\/microsoft-founder-bill-gates.gif\" \/><\/p>\n<p>Bill Gates dijo que cree que habr\u00eda sido diagnosticado con autismo si estaba creciendo hoy.<\/p>\n<p>El cofundador y multimillonario de Microsoft, de 69 a\u00f1os, hizo la revelaci\u00f3n en sus pr\u00f3ximas memorias, \u00abC\u00f3digo fuente: My Beginnings\u00bb.<\/p>\n<p>En un extracto del libro, que se public\u00f3 en el Wall Street Journal, Gates escribi\u00f3 sobre c\u00f3mo sus padres \u00ablucharon con su complicado hijo\u00bb durante su infancia en el estado de Washington.<\/p>\n<p>\u00abSi estuviera creciendo hoy, probablemente me diagnosticar\u00edan en el espectro autista\u00bb, escribi\u00f3 Gates. <\/p>\n<p><strong><u>Melania Trump dice que los rumores de autismo de Barron causaron \u00abda\u00f1o irreparable\u00bb<\/u><\/strong><\/p>\n<p>\u00abDurante mi infancia, el hecho de que los cerebros de algunas personas procesan informaci\u00f3n de manera diferente a las otras no se comprendi\u00f3 ampliamente\u00bb.<\/p>\n<p>El t\u00e9rmino \u00abneurodivergente\u00bb, ampliamente utilizado hoy, a\u00fan no hab\u00eda sido acu\u00f1ado mientras era creciendo, se\u00f1al\u00f3 Gates. <\/p>\n<p>\u00abMis padres no ten\u00edan gu\u00edas ni libros de texto para ayudarlos a comprender por qu\u00e9 su hijo se obsesion\u00f3 con ciertos proyectos, perdi\u00f3 se\u00f1ales sociales y pod\u00eda ser grosero e inapropiado sin parecer notar su efecto en los dem\u00e1s\u00bb, continu\u00f3.<\/p>\n<p><strong><u>\u00bfEl autismo de \u00absuperar\u00bb? Para algunos ni\u00f1os, el trastorno parece desaparecer a los 6 a\u00f1os, el estudio &#8216;alentador&#8217; encuentra<\/u><\/strong><\/p>\n<p>Gates escribi\u00f3 que sus padres, Bill y Mary Gates, le dieron la \u00abmezcla precisa de apoyo y presi\u00f3n\u00bb que necesitaba desarrollar sus habilidades sociales.<\/p>\n<p>\u00abIncluso con su influencia, mi lado social ser\u00eda lento para desarrollarse, al igual que mi conciencia del impacto que puedo tener en otras personas\u00bb, escribi\u00f3. \u00abPero eso ha llegado con la edad, con experiencia, con ni\u00f1os, y estoy mejor para eso\u00bb.<\/p>\n<p>Tambi\u00e9n escribi\u00f3: \u00abOjal\u00e1 hubiera venido antes, incluso si no cambiar\u00eda el cerebro que me dieron por cualquier cosa\u00bb.<\/p>\n<p>Los signos distintivos de autismo son desaf\u00edos con las habilidades de comunicaci\u00f3n social y comportamientos restringidos y repetitivos, seg\u00fan Andy Shih, director cient\u00edfico de Autism Speaks en la ciudad de Nueva York. <\/p>\n<p>\u00abEsto podr\u00eda parecer evitar el contacto visual, el desarrollo del lenguaje retrasado, la dificultad para comprender los sentimientos de otras personas, repetir palabras o frases, aletear a mano o tener intereses muy intensos y espec\u00edficos\u00bb, dijo a Fox News Digital.<\/p>\n<p>En el lado del comportamiento, el trastorno del espectro autista tambi\u00e9n puede manifestarse como una \u00abdependencia r\u00edgida de las rutinas, un enfoque intenso en temas espec\u00edficos o sensibilidades sensoriales\u00bb, seg\u00fan Jonathan Alpert, un psicoterapeuta en la ciudad de Nueva York. <\/p>\n<p>El autismo es un espectro, se\u00f1al\u00f3 Alpert, lo que significa que los s\u00edntomas pueden variar significativamente en el tipo y la gravedad. <\/p>\n<p>Alpert confirm\u00f3 que el autismo \u00abno estaba en el radar de las personas\u00bb tanto cuando Gates era un ni\u00f1o como lo es hoy. <\/p>\n<p>\u00abEl autismo no fue ampliamente reconocido o entendido hace d\u00e9cadas\u00bb, dijo. \u00abEn aquel entonces, los criterios de diagn\u00f3stico eran mucho m\u00e1s estrechos, y la conciencia era limitada incluso entre los profesionales de la salud\u00bb.<\/p>\n<p>Lo que ahora se conoce como el espectro del autismo se clasific\u00f3 de manera diferente o se pas\u00f3 por alto por completo, se\u00f1al\u00f3 Alpert. <\/p>\n<p>\u00abComo resultado, muchas personas que cumplir\u00edan con los criterios de hoy para el autismo no se diagnosticaron\u00bb.<strong>   <\/strong><\/p>\n<p>Shih estuvo de acuerdo en que los diagn\u00f3sticos de autismo eran mucho menos comunes cuando Gates estaba creciendo en los a\u00f1os 50 y 60. <\/p>\n<p><strong><u>Haga clic aqu\u00ed para registrarse en nuestro bolet\u00edn de salud<\/u><\/strong><\/p>\n<p>\u00abLeo Kanner describi\u00f3 por primera vez el autismo en 1943, y aunque la conciencia creci\u00f3 lentamente en las siguientes d\u00e9cadas, no fue hasta los a\u00f1os 80 y 90 que el trastorno del espectro autista se introdujo en el DSM (el manual de diagn\u00f3stico utilizado en los EE. UU.) y se volvi\u00f3 ampliamente reconocido y diagnosticado a tasas m\u00e1s altas \u00ab, dijo a Fox News Digital.<\/p>\n<p>Uno de cada 45 adultos en los Estados Unidos es diagnosticado con autismo, se\u00f1al\u00f3 Shih, m\u00e1s que nunca.<\/p>\n<p>\u00abLa prevalencia del autismo ha aumentado debido a la mayor conciencia p\u00fablica y profesional del autismo, criterios de diagn\u00f3stico m\u00e1s amplios para el autismo, herramientas de detecci\u00f3n mejoradas como la lista de verificaci\u00f3n modificada para el autismo en ni\u00f1os peque\u00f1os (M-CHAT) y procesos de detecci\u00f3n estandarizados\u00bb, afirm\u00f3. <\/p>\n<p>\u00abEstos factores han llevado a una detecci\u00f3n anterior y m\u00e1s diagn\u00f3sticos\u00bb.<\/p>\n<p>Alpert se\u00f1al\u00f3 que la creciente prevalencia del autismo es un tema muy debatido. <\/p>\n<p>\u00abGran parte del aumento en los diagn\u00f3sticos de autismo probablemente se puede atribuir a una mejor conciencia, criterios de diagn\u00f3stico m\u00e1s amplios y un mejor acceso a los servicios de atenci\u00f3n m\u00e9dica\u00bb, dijo a Fox News Digital. <\/p>\n<p>Sin embargo, otros factores, como las exposiciones ambientales y las predisposiciones gen\u00e9ticas, tambi\u00e9n se est\u00e1n estudiando como contribuyentes potenciales. <\/p>\n<p>\u00abSi bien es esencial identificar y apoyar a las personas con diagn\u00f3sticos leg\u00edtimos, tambi\u00e9n existe la preocupaci\u00f3n de que el sobre diagn\u00f3stico, potencialmente influenciado por las tendencias sociales o las malas interpretaciones por terapeutas menos experimentadas, pueda trivializar la condici\u00f3n y socavar a los que realmente necesitan apoyo\u00bb, acord\u00f3 Alpert.<\/p>\n<p>A pesar del crecimiento de los diagn\u00f3sticos, todav\u00eda se pierden diagn\u00f3sticos, se\u00f1al\u00f3 Shih.<\/p>\n<p><i><strong><u>Para m\u00e1s art\u00edculos de salud, visite <\/u><\/strong><\/i><i><strong><u>www.foxnews.com\/Health<\/u><\/strong><\/i><\/p>\n<p>El experto dijo: \u00abSi bien la sociedad es mucho m\u00e1s consciente del autismo hoy que nunca antes gracias a una mejor divulgaci\u00f3n de salud p\u00fablica y al aumento de los esfuerzos de detecci\u00f3n, defensa y conciencia, es probable que hay muchos adultos con autismo que nunca recibieron un diagn\u00f3stico o fueron diagnosticados err\u00f3neamente\u00bb.<\/p>\n<p>Memoria de Bill Gates, \u00abC\u00f3digo fuente: My Beginnings\u00bb, ser\u00e1 publicado el 4 de febrero por Knopf.<\/p>\n\n","protected":false},"excerpt":{"rendered":"<p>Bill Gates dijo que cree que habr\u00eda sido diagnosticado con autismo si estaba creciendo hoy. El cofundador y multimillonario de Microsoft, de 69 a\u00f1os, hizo la revelaci\u00f3n en sus pr\u00f3ximas memorias, \u00abC\u00f3digo fuente: My Beginnings\u00bb. En un extracto del libro, que se public\u00f3 en el Wall Street Journal, Gates escribi\u00f3 sobre c\u00f3mo sus padres \u00ablucharon &hellip;<\/p>\n","protected":false},"author":1,"featured_media":12297,"comment_status":"open","ping_status":"open","sticky":false,"template":"","format":"standard","meta":{"fifu_image_url":"https:\/\/static.foxnews.com\/foxnews.com\/content\/uploads\/2023\/05\/microsoft-founder-bill-gates.gif","fifu_image_alt":"","footnotes":""},"categories":[8],"tags":[],"class_list":["post-12295","post","type-post","status-publish","format-standard","has-post-thumbnail","","category-salud"],"_links":{"self":[{"href":"https:\/\/noticiasveraces.com\/index.php?rest_route=\/wp\/v2\/posts\/12295","targetHints":{"allow":["GET"]}}],"collection":[{"href":"https:\/\/noticiasveraces.com\/index.php?rest_route=\/wp\/v2\/posts"}],"about":[{"href":"https:\/\/noticiasveraces.com\/index.php?rest_route=\/wp\/v2\/types\/post"}],"author":[{"embeddable":true,"href":"https:\/\/noticiasveraces.com\/index.php?rest_route=\/wp\/v2\/users\/1"}],"replies":[{"embeddable":true,"href":"https:\/\/noticiasveraces.com\/index.php?rest_route=%2Fwp%2Fv2%2Fcomments&post=12295"}],"version-history":[{"count":0,"href":"https:\/\/noticiasveraces.com\/index.php?rest_route=\/wp\/v2\/posts\/12295\/revisions"}],"wp:featuredmedia":[{"embeddable":true,"href":"https:\/\/noticiasveraces.com\/index.php?rest_route=\/wp\/v2\/media\/12297"}],"wp:attachment":[{"href":"https:\/\/noticiasveraces.com\/index.php?rest_route=%2Fwp%2Fv2%2Fmedia&parent=12295"}],"wp:term":[{"taxonomy":"category","embeddable":true,"href":"https:\/\/noticiasveraces.com\/index.php?rest_route=%2Fwp%2Fv2%2Fcategories&post=12295"},{"taxonomy":"post_tag","embeddable":true,"href":"https:\/\/noticiasveraces.com\/index.php?rest_route=%2Fwp%2Fv2%2Ftags&post=12295"}],"curies":[{"name":"wp","href":"https:\/\/api.w.org\/{rel}","templated":true}]}}