{"id":12291,"date":"2025-01-28T15:25:13","date_gmt":"2025-01-28T19:25:13","guid":{"rendered":"https:\/\/noticiasveraces.com\/?p=12291"},"modified":"2025-01-28T15:25:13","modified_gmt":"2025-01-28T19:25:13","slug":"manifestantes-atacan-embajadas-en-r-democrata-del-congo-dw-28-01-2025","status":"publish","type":"post","link":"https:\/\/noticiasveraces.com\/?p=12291","title":{"rendered":"Manifestantes Atac\u00e1n Embajadas en R. Dem\u00f3crata del Congo &#8211; DW &#8211; 28\/01\/2025"},"content":{"rendered":"<p> \n<\/p>\n<div>\n<p>Grupos de Manifestantes Atacaron Varias Embajadas en la Capital de la Rep\u00fablica Dem\u00f3crata del Congo (RDC), Kinsasa, Durante las Protestas Realizadas Este Martas (28.01.2025) Conta la Situaci\u00f3n de Conflicto de Vive El Este Del Del Pan\u00eds, Donde rebeldeas 23 de Marzo (M23) Tom\u00f3 la Ciudad de Goma.<\/p>\n<p>Las principales embajadas afectadas por los ataques, que incluyon la quema de neum\u00e9ricos frente a sus edificios e incluso Shequeos, Fueron las de Estados Unidos, Francia, B\u00e9lgica, Uganda y ruanda, Pa\u00eds al de los manifestantes acusan de apoyar a los caseos de los re ruanda, pa\u00eds al de los manifestantes acusan de apoyar a los caseos de los re ruanda, pa\u00eds al de los manifestantes acusan de apoyar a los re ruanda, ruanda, pa\u00eds al que manifestantes acusan de apoyar a los case de los re ruanda, pa\u00eds al de los manifestantes acusan de apoyar a los re ruanda, ruanda, pa\u00eds al de los manifestantes acusan de apoyar a los case de los re ruanda. Un Extreme Confirmado por la Onu.<\/p>\n<p>Frente a Las Embajadas, Los manifestantes de los manifiestas el Silencio y la Inacci\u00f3ne de Sus Gobiernos Frente a la Escalada del Conflma y Pidieron Una Mayor Implicaci\u00f3n de la Comunidad Internacional en el Proceso de Paz.<\/p>\n<p>Kinsasa Amaneci\u00f3 Este Martes en Medio de Manifestaciones, Neumantes Incendiados y Con Las Principales Avenidas de la CiADad Bloqueadas por la Poblaci\u00f3n, Como Parte de Una movilizaci\u00f3e General AnunciAda en Redes Sociales QUER n Ruandesa, El Apoyo al M23 y El Safqueo de los Recursos de la RDC \u00ab.<\/p>\n<p>Las Protestas Comenzaron de Manera espont\u00e1na en boulevard lumumba, la avenida m\u00e1s larga e importante de la capital, cuando varios j\u00f3venes comenzaron a exigir a los conductores Asola Al Este del Pa\u00eds.<\/p>\n<p>RR (EFE\/AP\/Reuters)<\/p>\n<\/div>\n\n","protected":false},"excerpt":{"rendered":"<p>Grupos de Manifestantes Atacaron Varias Embajadas en la Capital de la Rep\u00fablica Dem\u00f3crata del Congo (RDC), Kinsasa, Durante las Protestas Realizadas Este Martas (28.01.2025) Conta la Situaci\u00f3n de Conflicto de Vive El Este Del Del Pan\u00eds, Donde rebeldeas 23 de Marzo (M23) Tom\u00f3 la Ciudad de Goma. Las principales embajadas afectadas por los ataques, que &hellip;<\/p>\n","protected":false},"author":1,"featured_media":12292,"comment_status":"open","ping_status":"open","sticky":false,"template":"","format":"standard","meta":{"fifu_image_url":"https:\/\/static.dw.com\/image\/71435137_6.jpg","fifu_image_alt":"","footnotes":""},"categories":[13],"tags":[],"class_list":["post-12291","post","type-post","status-publish","format-standard","has-post-thumbnail","","category-mundo"],"_links":{"self":[{"href":"https:\/\/noticiasveraces.com\/index.php?rest_route=\/wp\/v2\/posts\/12291","targetHints":{"allow":["GET"]}}],"collection":[{"href":"https:\/\/noticiasveraces.com\/index.php?rest_route=\/wp\/v2\/posts"}],"about":[{"href":"https:\/\/noticiasveraces.com\/index.php?rest_route=\/wp\/v2\/types\/post"}],"author":[{"embeddable":true,"href":"https:\/\/noticiasveraces.com\/index.php?rest_route=\/wp\/v2\/users\/1"}],"replies":[{"embeddable":true,"href":"https:\/\/noticiasveraces.com\/index.php?rest_route=%2Fwp%2Fv2%2Fcomments&post=12291"}],"version-history":[{"count":0,"href":"https:\/\/noticiasveraces.com\/index.php?rest_route=\/wp\/v2\/posts\/12291\/revisions"}],"wp:featuredmedia":[{"embeddable":true,"href":"https:\/\/noticiasveraces.com\/index.php?rest_route=\/wp\/v2\/media\/12292"}],"wp:attachment":[{"href":"https:\/\/noticiasveraces.com\/index.php?rest_route=%2Fwp%2Fv2%2Fmedia&parent=12291"}],"wp:term":[{"taxonomy":"category","embeddable":true,"href":"https:\/\/noticiasveraces.com\/index.php?rest_route=%2Fwp%2Fv2%2Fcategories&post=12291"},{"taxonomy":"post_tag","embeddable":true,"href":"https:\/\/noticiasveraces.com\/index.php?rest_route=%2Fwp%2Fv2%2Ftags&post=12291"}],"curies":[{"name":"wp","href":"https:\/\/api.w.org\/{rel}","templated":true}]}}