{"id":12228,"date":"2025-01-28T01:51:43","date_gmt":"2025-01-28T05:51:43","guid":{"rendered":"https:\/\/noticiasveraces.com\/?p=12228"},"modified":"2025-01-28T01:51:43","modified_gmt":"2025-01-28T05:51:43","slug":"cuanto-dinero-ganara-luis-de-la-fuente-tras-renovar-con-la-seleccion-hasta-2028","status":"publish","type":"post","link":"https:\/\/noticiasveraces.com\/?p=12228","title":{"rendered":"Cu\u00e1nto Dinero Ganar\u00e1 Luis de la Fuente Tras Renovar Con la Selecci\u00f3n Hasta 2028"},"content":{"rendered":"<p> \n<\/p>\n<div id=\"intext\">\n<p>Luis de la Fuente y Su Equipo T\u00e9cnico Han Rubricado Este Lunes Su <b>Ampliacia de contrato con la selecci\u00f3n espa\u00f1ola<\/b> casta <b>2028<\/b>. El T\u00e9cnico de Haro, Que Lleg\u00f3 Al Banquillo Tras el Mundial 2022, Ha Conquistado La <b>Liga de las Naciones 2023 y la Eurocopa 2024<\/b> Firmando, Hasta Ahora, Un equilibrio sin espectacular de 21 Victorias, 1 Derrota y 1 Empate en partidos Oficiales.<\/p>\n<p>La Junta Directiva de la Rfef, Liderada por el Presidente <b>Rafael Loz\u00e1n<\/b>Informaron de la Noticia este 27 de Enero A Primera Hora de la Tarde, y Ha Sido ESTE MISMO LUNES A PARTIR DE LAS 17 HORAS CUANDO HA TENIDO LUGAR EL ACTO OFICIAL EN LA CIUDAD DE F\u00daTBOL DE LAS ROZAS. A de la Fuente Le Ha Acompa\u00f1ado en el &#8216;Escenario&#8217; Su Staff Al Soltio: Carlos Cruz, Preparador F\u00edsico; Pablo Pe\u00f1a Coordinador de An\u00e1lisis; Miguel \u00c1ngel Espa\u00f1a, Preparador de Porteros; Antonio G\u00f3mez, recuperador F\u00edsico; Javier L\u00f3pez Vallejo, Psic\u00f3logo; Pablo Amo, Segundo Abrenador y Juanjo Gonz\u00e1lez, T\u00e9cnico Auxiliar. \u00abMi cuerpo t\u00e9cnico es mi familia. Sin ellos no hubiera podido caminar\u00bb, Dijo el atrenador.<\/p>\n<h2 class=\"title-h2\">Pasar\u00e1 A Cobrar Casi 2 Millones de Euros Anuales<\/h2>\n<p>De la Fuente y Su Equipo Se\u00edgir\u00e1n Al Frente del Banquillo de la selecci\u00f3nis Hasta El Final de la Eurocopa 2028, y en Cuanto a Las Condiciones se Refiere, El Riojano Tambi\u00e9n ha Visto una IMPORTANTES MEJORA EN SUMOLUMENTOS COMBOR<b> 600,000 euros Anuales<\/b> Que Cobraba Desde Que <b>Lleg\u00f3 Hasta los Casi 2 Millones <\/b>(netos) que empezar\u00e1 a recibir desde que se ha confirmado su amplia de contrato, seg\u00fan informa medios como. No obstante, este no ha visto la luz de forma oficial.<\/p>\n<h2 class=\"title-h2\">\u00abNunca \u00e9l Querido Irme\u00bb<\/h2>\n<p>El atrenador de 63 A\u00f1os Tambi\u00e9n ha concertado A Varias Preguntas de los Medios de Comunicaci\u00f3 All\u00ed Presenta, \u00bfTuvo Dudas de Seguir o no Al Frente de la Selecci\u00f3n? (Parece que Tuvo Ofertas Suculentas de Otros Equipos): \u00ab<b>Nunca, Estoy en mi Casa<\/b>nunca \u00e9l querido irme y ahora se respira calma y Tranquilidad (rfef), Espero se guuir Mucho m\u00e1s a\u00f1os aqu\u00ed \u00ab, dijo el de haro antes de &#8216;negarte&#8217; a un prometer m\u00e1l t\u00edtulos:\u00bb solo puedo prometedor esfuerzo, sacrificio y thabuJo &#8230; &#8230; <b>Soja el m\u00e1s autocr\u00edtico<\/b> y no me da miiedo tirarme a la piscina si estoy convencido. Se Guir\u00e9 por el el Mismo Camino que nos Ha tra\u00eddo Hasta Aqu\u00ed, Tratando de Mejorar y Crecer \u00ab.<\/p>\n<h2 class=\"title-h2\">\u00abLos Que no Cre\u00edais Erais Muchos de los que Estabais Aqu\u00ed\u00bb<\/h2>\n<p>Adem\u00e1s, el exselecionador sub21 Hizo Referencia a la Confianza Que Los Jugadores siempre le Han Demostrado Desde su Llegada al Banquillo Espa\u00f1ol: \u00abPor ESO Rodrigo Dec\u00eda Que <b>los que no cre\u00edais esteren mucho de los que sean estabais aqu\u00ed<\/b>. Pero ellos s\u00ed, porque me conocen \u00ab, ha explicado concursando a una frase del bal\u00f3n de uro en el documental de la selecci\u00f3n.<\/p>\n<p><i>S\u00edguenos en nuestro canal de whatsapp y no te Pierdas la \u00daLtima Hora y Toda la actualidad de antena3noticias.com<\/i><\/p>\n<div class=\"recirculation-video\" data-mod=\"a3mod_recirculation_video\">\n<div class=\"recirculation-video-wrapper\">\n<div>\n<div class=\"video-wrapper\">\n  <picture class=\"video-main-picture\"><source media=\"(min-width: 481px)\" srcset=\"https:\/\/fotografias.antena3.com\/clipping\/cmsimages01\/2025\/01\/27\/E368E03E-351B-43C2-BC78-8DE16F48198F\/aleix-aubert-serracan-celebra-victoria-juegos-mundiales-universitarios-fisu-2025-turin_94.jpg?crop=1920,1080,x0,y0&amp;width=800&amp;height=450&amp;optimize=medium&amp;format=webply\" width=\"800\" height=\"450\"><source media=\"(min-width: 391px) and (max-width: 480px)\" srcset=\"https:\/\/fotografias.antena3.com\/clipping\/cmsimages01\/2025\/01\/27\/E368E03E-351B-43C2-BC78-8DE16F48198F\/aleix-aubert-serracan-celebra-victoria-juegos-mundiales-universitarios-fisu-2025-turin_70.jpg?crop=1920,1080,x0,y0&amp;width=480&amp;height=270&amp;optimize=high&amp;format=webply\" width=\"480\" height=\"270\"><source media=\"(min-width: 321px) and (max-width: 390px)\" srcset=\"https:\/\/fotografias.antena3.com\/clipping\/cmsimages01\/2025\/01\/27\/E368E03E-351B-43C2-BC78-8DE16F48198F\/aleix-aubert-serracan-celebra-victoria-juegos-mundiales-universitarios-fisu-2025-turin_92.jpg?crop=1920,1078,x0,y1&amp;width=390&amp;height=219&amp;optimize=high&amp;format=webply\" width=\"390\" height=\"219\"><source media=\"(max-width: 320px)\" srcset=\"https:\/\/fotografias.antena3.com\/clipping\/cmsimages01\/2025\/01\/27\/E368E03E-351B-43C2-BC78-8DE16F48198F\/aleix-aubert-serracan-celebra-victoria-juegos-mundiales-universitarios-fisu-2025-turin_52.jpg?crop=1920,1080,x0,y0&amp;width=320&amp;height=180&amp;optimize=high&amp;format=webply\" width=\"320\" height=\"180\"><img decoding=\"async\" title=\"Aleix Aubert Serracan Celebra Su Victoria en Los Juegos Mundiales Universitarios Fisu 2025 EN TUR\u00cdN\" alt=\"Aleix Aubert Serracan Celebra Su Victoria en Los Juegos Mundiales Universitarios Fisu 2025 EN TUR\u00cdN\" width=\"480\" height=\"270\" src=\"https:\/\/fotografias.antena3.com\/clipping\/cmsimages01\/2025\/01\/27\/E368E03E-351B-43C2-BC78-8DE16F48198F\/aleix-aubert-serracan-celebra-victoria-juegos-mundiales-universitarios-fisu-2025-turin_70.jpg?crop=1920,1080,x0,y0&amp;width=480&amp;height=270&amp;optimize=high&amp;format=webply\" loading=\"lazy\" class=\"lazy\"\/><br \/>\n  <\/source><\/source><\/source><\/source><\/picture>\n <\/div>\n<\/div><\/div>\n<\/p><\/div>\n<\/div>\n\n","protected":false},"excerpt":{"rendered":"<p>Luis de la Fuente y Su Equipo T\u00e9cnico Han Rubricado Este Lunes Su Ampliacia de contrato con la selecci\u00f3n espa\u00f1ola casta 2028. El T\u00e9cnico de Haro, Que Lleg\u00f3 Al Banquillo Tras el Mundial 2022, Ha Conquistado La Liga de las Naciones 2023 y la Eurocopa 2024 Firmando, Hasta Ahora, Un equilibrio sin espectacular de 21 &hellip;<\/p>\n","protected":false},"author":1,"featured_media":12230,"comment_status":"open","ping_status":"open","sticky":false,"template":"","format":"standard","meta":{"fifu_image_url":"https:\/\/fotografias.antena3.com\/clipping\/cmsimages01\/2025\/01\/27\/D42AC98F-CD4A-4329-9EE0-91400FAB3466\/rafael-louzan-luis-fuente_69.jpg?crop=1769,995,x0,y0&width=1280&height=720&optimize=low&format=jpg","fifu_image_alt":"","footnotes":""},"categories":[6],"tags":[],"class_list":["post-12228","post","type-post","status-publish","format-standard","has-post-thumbnail","","category-deportes"],"_links":{"self":[{"href":"https:\/\/noticiasveraces.com\/index.php?rest_route=\/wp\/v2\/posts\/12228","targetHints":{"allow":["GET"]}}],"collection":[{"href":"https:\/\/noticiasveraces.com\/index.php?rest_route=\/wp\/v2\/posts"}],"about":[{"href":"https:\/\/noticiasveraces.com\/index.php?rest_route=\/wp\/v2\/types\/post"}],"author":[{"embeddable":true,"href":"https:\/\/noticiasveraces.com\/index.php?rest_route=\/wp\/v2\/users\/1"}],"replies":[{"embeddable":true,"href":"https:\/\/noticiasveraces.com\/index.php?rest_route=%2Fwp%2Fv2%2Fcomments&post=12228"}],"version-history":[{"count":0,"href":"https:\/\/noticiasveraces.com\/index.php?rest_route=\/wp\/v2\/posts\/12228\/revisions"}],"wp:featuredmedia":[{"embeddable":true,"href":"https:\/\/noticiasveraces.com\/index.php?rest_route=\/wp\/v2\/media\/12230"}],"wp:attachment":[{"href":"https:\/\/noticiasveraces.com\/index.php?rest_route=%2Fwp%2Fv2%2Fmedia&parent=12228"}],"wp:term":[{"taxonomy":"category","embeddable":true,"href":"https:\/\/noticiasveraces.com\/index.php?rest_route=%2Fwp%2Fv2%2Fcategories&post=12228"},{"taxonomy":"post_tag","embeddable":true,"href":"https:\/\/noticiasveraces.com\/index.php?rest_route=%2Fwp%2Fv2%2Ftags&post=12228"}],"curies":[{"name":"wp","href":"https:\/\/api.w.org\/{rel}","templated":true}]}}