{"id":12221,"date":"2025-01-28T00:46:15","date_gmt":"2025-01-28T04:46:15","guid":{"rendered":"https:\/\/noticiasveraces.com\/?p=12221"},"modified":"2025-01-28T00:46:15","modified_gmt":"2025-01-28T04:46:15","slug":"trump-dice-microsoft-en-conversaciones-para-adquirir-tiktok","status":"publish","type":"post","link":"https:\/\/noticiasveraces.com\/?p=12221","title":{"rendered":"Trump dice Microsoft en conversaciones para adquirir Tiktok"},"content":{"rendered":"<p> \n<\/p>\n<div><!----> <!----> <\/p>\n<div class=\"featured featured-video video-ct\">\n<div class=\"contain\">\n<div class=\"info\">\n<div class=\"caption\">\n<p>El presidente Trump hace un gran anuncio de infraestructura en su segundo d\u00eda en el cargo.<\/p>\n<\/div>\n<\/div>\n<\/div>\n<\/div>\n<p>El presidente Donald Trump dijo el lunes que Microsoft estaba en conversaciones para adquirir Tiktok, poco despu\u00e9s de que la aplicaci\u00f3n de redes sociales se oscureci\u00f3 la semana pasada. Adem\u00e1s sugiri\u00f3 que le gustar\u00eda ver una guerra de ofertas sobre la plataforma popular. <\/p>\n<p>Trump dijo anteriormente que estaba en conversaciones con varias partes sobre una posible adquisici\u00f3n de Tiktok, que tiene alrededor de 170 millones de usuarios estadounidenses, y espera tomar una decisi\u00f3n sobre el futuro de la aplicaci\u00f3n en los pr\u00f3ximos 30 d\u00edas, inform\u00f3 Reuters. <\/p>\n<p>La aplicaci\u00f3n se desconect\u00f3 brevemente justo antes de que una ley, que requer\u00eda que el bisne venderla o enfrentara una prohibici\u00f3n, entr\u00f3 en vigencia el 19 de enero. Sin embargo, despu\u00e9s de asumir el cargo el 20 de enero, Trump firm\u00f3 una orden ejecutiva que retras\u00f3 la aplicaci\u00f3n de la aplicaci\u00f3n de la aplicaci\u00f3n de la aplicaci\u00f3n de la aplicaci\u00f3n de Ley por 75 d\u00edas.<\/p>\n<p>La ley se estableci\u00f3 debido a las preocupaciones de que la aplicaci\u00f3n estaba mal uso de los datos de sus usuarios. <\/p>\n<p><i>Esta historia se est\u00e1 rompiendo. Vuelva a consultar las actualizaciones. <\/i><\/p>\n<\/div>\n\n","protected":false},"excerpt":{"rendered":"<p>El presidente Trump hace un gran anuncio de infraestructura en su segundo d\u00eda en el cargo. El presidente Donald Trump dijo el lunes que Microsoft estaba en conversaciones para adquirir Tiktok, poco despu\u00e9s de que la aplicaci\u00f3n de redes sociales se oscureci\u00f3 la semana pasada. Adem\u00e1s sugiri\u00f3 que le gustar\u00eda ver una guerra de ofertas &hellip;<\/p>\n","protected":false},"author":1,"featured_media":12222,"comment_status":"open","ping_status":"open","sticky":false,"template":"","format":"standard","meta":{"fifu_image_url":"https:\/\/a57.foxnews.com\/static.foxbusiness.com\/foxbusiness.com\/content\/uploads\/2025\/01\/0\/0\/trump-tiktok.jpg?ve=1&tl=1","fifu_image_alt":"","footnotes":""},"categories":[3],"tags":[],"class_list":["post-12221","post","type-post","status-publish","format-standard","has-post-thumbnail","","category-negocio"],"_links":{"self":[{"href":"https:\/\/noticiasveraces.com\/index.php?rest_route=\/wp\/v2\/posts\/12221","targetHints":{"allow":["GET"]}}],"collection":[{"href":"https:\/\/noticiasveraces.com\/index.php?rest_route=\/wp\/v2\/posts"}],"about":[{"href":"https:\/\/noticiasveraces.com\/index.php?rest_route=\/wp\/v2\/types\/post"}],"author":[{"embeddable":true,"href":"https:\/\/noticiasveraces.com\/index.php?rest_route=\/wp\/v2\/users\/1"}],"replies":[{"embeddable":true,"href":"https:\/\/noticiasveraces.com\/index.php?rest_route=%2Fwp%2Fv2%2Fcomments&post=12221"}],"version-history":[{"count":0,"href":"https:\/\/noticiasveraces.com\/index.php?rest_route=\/wp\/v2\/posts\/12221\/revisions"}],"wp:featuredmedia":[{"embeddable":true,"href":"https:\/\/noticiasveraces.com\/index.php?rest_route=\/wp\/v2\/media\/12222"}],"wp:attachment":[{"href":"https:\/\/noticiasveraces.com\/index.php?rest_route=%2Fwp%2Fv2%2Fmedia&parent=12221"}],"wp:term":[{"taxonomy":"category","embeddable":true,"href":"https:\/\/noticiasveraces.com\/index.php?rest_route=%2Fwp%2Fv2%2Fcategories&post=12221"},{"taxonomy":"post_tag","embeddable":true,"href":"https:\/\/noticiasveraces.com\/index.php?rest_route=%2Fwp%2Fv2%2Ftags&post=12221"}],"curies":[{"name":"wp","href":"https:\/\/api.w.org\/{rel}","templated":true}]}}