{"id":12219,"date":"2025-01-28T00:45:13","date_gmt":"2025-01-28T04:45:13","guid":{"rendered":"https:\/\/noticiasveraces.com\/?p=12219"},"modified":"2025-01-28T00:45:13","modified_gmt":"2025-01-28T04:45:13","slug":"politicos-y-sobreviventes-honran-a-victimas-del-holocausto-dw-27-01-2025","status":"publish","type":"post","link":"https:\/\/noticiasveraces.com\/?p=12219","title":{"rendered":"POL\u00cdTICOS Y SOBREVIVENTES HONRAN A V\u00cdCTIMAS DEL HOLOCAUSTO &#8211; DW &#8211; 27\/01\/2025"},"content":{"rendered":"<p> \n<\/p>\n<div>\n<p>80 A\u00f1os Despu\u00e9s de la Liberaci\u00f3nos del Campo de Exterminio Nazi de Auschwitz-Birkenau, Sobrevivientes y Pol\u00cdTICOS DE TODO EL MUNDO CONMEMORARON ESTE LUNES (27.01.2025) A M\u00c1S DE UNO\u00d3N DE V\u00cdCTIMAS EN UNA CERONONIA.<\/p>\n<p>Representaci\u00f3n de Auschwitz \u00abLa Monstruosidad de Un Crimen Contra la humanidad PRECEDENTOS\u00bb, afirm\u00f3 el Presidente Alem\u00e1n Frank-Walter Steinmeier. Hizo un Llamado A Mantener viva la Memoria. Por su parte, Antiguos Reclusos de Campos de Concentraci\u00f3n Advirtier en la Ceremonia de Un Resurgimento Mundial del Antisemitismo.<\/p>\n<p>\u00abComo Presidente Federal, Me Siento Agradecido de Poder Conmemorar Aqu\u00ed Y Hoy Junto a Los Sobrevivientes, Junto a Representantes de Muchos Pa\u00edses\u00bb, Destac\u00f3 Steinmeier Durante Su Visita Al Lugar. Lo que los testigos tienen que deciran de un valor inestimable. \u00abPero ahora nos toca a Nosotros transmitir sus anuncios y sus expectaciones de las generaciones de las pr\u00f3ximas\u00bb, Se\u00f1al\u00f3.<\/p>\n<p>Adem\u00e1s de Steinmeier, en la Ceremonia Conmemorativa Central en el Monumento a Las V\u00edctimas Particye El Presidente Ucraniano, Volodimir Zelenski, El Rey Brit\u00e1nnico Carlos III, El Presidente, Emmanuel Macron, y Decenas de Otros Pol\u00eds. LOS Organizadores sin hab\u00eda Previsto ning\u00fan Discurso Pol\u00edtico.  <\/p>\n<figure class=\"placeholder-image master_landscape big\"><img data-format=\"MASTER_LANDSCAPE\" data-id=\"71429724\" data-url=\"https:\/\/static.dw.com\/image\/71429724_${formatId}.jpg\" data-aspect-ratio=\"16\/9\" alt=\"El Presidente Alem\u00e1n Frank-Walter Steinmeier Junto al Presidente Ucraniano Volodimir Zelenski y Otros L\u00edderes Mundiales. \" style=\"padding-bottom: 56.25%; height: 0; max-height: 0;\"\/><figcaption class=\"img-caption\">El Presidente Alem\u00e1n Frank-Walter Steinmeier Junto al Presidente Ucraniano Volodimir Zelenski y Otros L\u00edderes Mundiales. <small class=\"copyright\">Imagen: Czarek Sokolowski\/AP\/Picture Alliance<\/small><\/figcaption><\/figure>\n<p><strong>Sobrevivientes preocupados por conflictos hechos<\/strong><\/p>\n<p>En Cambio, Los Apoximadamete 50 Sobrevivientes del Campo de Concentraci\u00f3n Fueron El Foco del Acto Conmemorantivo. \u00abOchenta A\u00f1os Despu\u00e9s de la Liberaci\u00f3n, El Mundo Est\u00e1 Nuevo en crisis\u00bb, Dijo Tova Friedman, de 86 A\u00f1os, Quien Habl\u00f3 Ante los Presenta Junto a Los Sobrevivientes Marian Turski, Janina Iwanska y Leon Weintraub. \u00abEl Antisemitismo Rampante\u00bb que se est\u00e1 Extendiendo Realme es \u00abImpactante\u00bb, Afirm\u00f3.<\/p>\n<p>Por su parte, Turski, de 98 A\u00f1os, Advirti\u00f3: \u00abEstamos viviendo Hoy Un enorme aumento del antisemitismo. ES Precisamente el Antisemitismo lo que condujo al Holocausto\u00bb.<\/p>\n<p>Por la Ma\u00f1ana, Algunos de los Sobrevivientes Depositson Flores en el Llamado Muro de la Muerte, Donde Miles de Prisioneros de Auschwitz Fueron Fusilados por Los Nazis. Algunos de Ellos Llevaban Bufandas de Rayas Azules y Blancas como s\u00edmbolo de su antigua venestimenta de prisioneros. Al Pie del Muro Encendieron Velas en Recuerdo y LUEGO EN SILENCIO TOCaron la Pared Con SUS Manos.<\/p>\n<p>El Presidente del Congreso Jud\u00edo Mundial, Ronald Lauder, Destac\u00f3 en la Ceremonia que los Horrores de Auschwitz y Tambi\u00e9n el Ataque del Grupo Islamista Radical Ham\u00e1s A Israel el 7 de Octubre de 2023, Estuvieron Inspirados en El \u00abAntiguo Odio a Los jueces\u00bb. El Antisemitismo \u00abTen\u00eda Entonces sus partidarios voluntarios y Los Tiene Hoy\u00bb.<\/p>\n<figure class=\"placeholder-image master_landscape big\"><img data-format=\"MASTER_LANDSCAPE\" data-id=\"71429488\" data-url=\"https:\/\/static.dw.com\/image\/71429488_${formatId}.jpg\" data-aspect-ratio=\"16\/9\" alt=\"UNOS 50 SOBREVIVENTES Del Holocausto Participaron del Acto Conmemoratis. \" style=\"padding-bottom: 56.25%; height: 0; max-height: 0;\"\/><figcaption class=\"img-caption\">UNOS 50 SOBREVIVENTES Del Holocausto Participaron del Acto Conmemoratis. <small class=\"copyright\">Imagen: Aaron Chown\/Pool\/Reuters<\/small><\/figcaption><\/figure>\n<p><strong>Scholz: \u00abNo Toleraremos El Olvido, Ni Hoy Ni Ma\u00f1ana\u00bb<\/strong><\/p>\n<p>Respeto a Los Cr\u00edgenes Cometidos por Los Nazis en Auschwitz, El Canciller Alem\u00e1n Olaf Scholz declar\u00f3: \u00abNo Toleraremos el Olvido, ni Hoy Ni Ma\u00f1ana\u00bb. Antes de la Ceremonia, Scholz y Steinmeier Se Reunieron Con Sobrevivientes Tras un recorrido por El Antiguo Campo de Concentraci\u00f3n. Los Supervivientes del Holocausto Pavel Taussig y Christian Pfeil Viajaron de Berl\u00edn A Polonia en El Avi\u00f3n COMO GUBERNAMENTAL Invitados de Steinmeier.<\/p>\n<p>\u00abLo que Ocurri\u00f3 entonces no Debe Volver a Ocurrir\u00bb, afirm\u00f3 la superviviente Alemana del Holocausto Margot Friedl\u00e4nder. \u00abNo Debemos Olvidar Nunca, Pero Recordar S\u00f3lo no es suficiente\u00bb, Subray\u00f3 Friedl\u00e4nder, de 103 A\u00f1os, y Pidio Compromiso Con la Tolerancia y la humanidad. <\/p>\n<figure class=\"placeholder-image master_landscape big\"><img data-format=\"MASTER_LANDSCAPE\" data-id=\"71429432\" data-url=\"https:\/\/static.dw.com\/image\/71429432_${formatId}.jpg\" data-aspect-ratio=\"16\/9\" alt=\"El Rey Brit\u00e1nnico Carlos III en la Ceremonia. \" style=\"padding-bottom: 56.25%; height: 0; max-height: 0;\"\/><figcaption class=\"img-caption\">El Rey Brit\u00e1nnico Carlos III en la Ceremonia. <small class=\"copyright\">Imagen: (Mehrere Werte)<\/small><\/figcaption><\/figure>\n<p>Los Nazis Asesinaron A M\u00e1s de Un Mill\u00f3n de Personas en el Campo de Concentraci\u00f3n y Exterminio de Auschwitz, en La Polonia Ocupada, Entre 1940 y 1945, La Mayor\u00eda de Ellos Jud\u00edos Europeos. El Campo Representa, Como ning\u00fan oTro, El Asesinato en Masa de Jud\u00edos por parte del R\u00e9gimen Nazi Alem\u00e1n.<\/p>\n<p>El Campo de Concentraci\u00f3n Fue Liberado por Soldados del Ej\u00e9rcito Rojo El 27 de Enero de 1945. El Presidente Ruso, Vladimir Putin, Tambi\u00e9n lo Record\u00f3 El Lunes. \u00abSiempre Recordaremos que fue el Soldado Sovi\u00e9tico quien Aplast\u00f3 este terrible y total mal y obtuvo la Victoria, cuya Grandeza Permanece\u00e1 para siempre como parte de la histia Mundial\u00bb, afirm\u00f3 el Jefe del Kreml\u00edn.<\/p>\n<p>Rusia no ha sido invitada a la ceremonia conmemorativa anual de la fundaci\u00f3n monumento de auschwitz-birkenau desde la invasi\u00f3n de ucrania hace poco m\u00e1s de tres yings.<\/p>\n<p>CT (AFP, EFE, DPA)<\/p>\n<\/p>\n<\/div>\n\n","protected":false},"excerpt":{"rendered":"<p>80 A\u00f1os Despu\u00e9s de la Liberaci\u00f3nos del Campo de Exterminio Nazi de Auschwitz-Birkenau, Sobrevivientes y Pol\u00cdTICOS DE TODO EL MUNDO CONMEMORARON ESTE LUNES (27.01.2025) A M\u00c1S DE UNO\u00d3N DE V\u00cdCTIMAS EN UNA CERONONIA. Representaci\u00f3n de Auschwitz \u00abLa Monstruosidad de Un Crimen Contra la humanidad PRECEDENTOS\u00bb, afirm\u00f3 el Presidente Alem\u00e1n Frank-Walter Steinmeier. Hizo un Llamado A &hellip;<\/p>\n","protected":false},"author":1,"featured_media":12220,"comment_status":"open","ping_status":"open","sticky":false,"template":"","format":"standard","meta":{"fifu_image_url":"https:\/\/static.dw.com\/image\/71428790_6.jpg","fifu_image_alt":"","footnotes":""},"categories":[13],"tags":[],"class_list":["post-12219","post","type-post","status-publish","format-standard","has-post-thumbnail","","category-mundo"],"_links":{"self":[{"href":"https:\/\/noticiasveraces.com\/index.php?rest_route=\/wp\/v2\/posts\/12219","targetHints":{"allow":["GET"]}}],"collection":[{"href":"https:\/\/noticiasveraces.com\/index.php?rest_route=\/wp\/v2\/posts"}],"about":[{"href":"https:\/\/noticiasveraces.com\/index.php?rest_route=\/wp\/v2\/types\/post"}],"author":[{"embeddable":true,"href":"https:\/\/noticiasveraces.com\/index.php?rest_route=\/wp\/v2\/users\/1"}],"replies":[{"embeddable":true,"href":"https:\/\/noticiasveraces.com\/index.php?rest_route=%2Fwp%2Fv2%2Fcomments&post=12219"}],"version-history":[{"count":0,"href":"https:\/\/noticiasveraces.com\/index.php?rest_route=\/wp\/v2\/posts\/12219\/revisions"}],"wp:featuredmedia":[{"embeddable":true,"href":"https:\/\/noticiasveraces.com\/index.php?rest_route=\/wp\/v2\/media\/12220"}],"wp:attachment":[{"href":"https:\/\/noticiasveraces.com\/index.php?rest_route=%2Fwp%2Fv2%2Fmedia&parent=12219"}],"wp:term":[{"taxonomy":"category","embeddable":true,"href":"https:\/\/noticiasveraces.com\/index.php?rest_route=%2Fwp%2Fv2%2Fcategories&post=12219"},{"taxonomy":"post_tag","embeddable":true,"href":"https:\/\/noticiasveraces.com\/index.php?rest_route=%2Fwp%2Fv2%2Ftags&post=12219"}],"curies":[{"name":"wp","href":"https:\/\/api.w.org\/{rel}","templated":true}]}}