{"id":12208,"date":"2025-01-27T23:40:17","date_gmt":"2025-01-28T03:40:17","guid":{"rendered":"https:\/\/noticiasveraces.com\/?p=12208"},"modified":"2025-01-27T23:40:17","modified_gmt":"2025-01-28T03:40:17","slug":"irrespetuosa-el-debate-sobre-la-pelicula-emilia-perez-dw-27-01-2025","status":"publish","type":"post","link":"https:\/\/noticiasveraces.com\/?p=12208","title":{"rendered":"\u00bfIrrespetuosa? El debate SOBRE la Pel\u00edcula \u00abEmilia P\u00e9rez\u00bb &#8211; DW &#8211; 27\/01\/2025"},"content":{"rendered":"<p> \n<\/p>\n<div>\n<p>Un Notorio Capo de la Droga se Esconde para, a veces, una cirug\u00eda de Cambio de Sexo, Pero luego REGRESA para RECUPERAR A Su Familia. \u00bfUn qui\u00e9n se le ocurre una histia as\u00ed? Al director Franc\u00e9s Jaques Audiard. La envolvi\u00f3 en un musical, con canciones emp\u00e1ticas e interludios de baile art\u00ednstico: cine para el coraz\u00f3n. Hollywoodest\u00e1 Encantado: 13 Nominaciones A Los Oscar, Cuatro Globos de Oro. Es DiF\u00edcil Conseuire M\u00e1s elogios por Adelantado. Pero tambi\u00e9n ha recibido cryticas.<\/p>\n<p>Por mucho que Mundo del Cine le Guste \u00abEmilia P\u00e9rez\u00bb, La Pel\u00edcula ha Recibido Poca Aprobaci\u00f3n en M\u00e9xico: \u00bfLocalizaciones mexicanas originales? \u00bfActores mexicanos? \u00a1Ni Hablar! Audiard Produjo su Drama Complejo Lejos de M\u00e9xico, en un Estudio Cerca de Par\u00eds. Con la excepci\u00f3n de Adriana Paz, los actores frente a la c\u00e1mara, en su mayor\u00eda, no son mexicanos: la mujer trans espa\u00f1ola Karla Sof\u00eda Gasc\u00f3n interpret\u00f3 al capo de la droga en transici\u00f3n, con las actrices estadounidenses Zoe Saldana y Selena Gomez en otros papeles Principales.<\/p>\n<h2>\u00bfExplota \u00abEmilia P\u00e9rez\u00bb La Crisis de M\u00e9xico?<\/h2>\n<p>La pel\u00edcula est\u00e1 llena de \u00abestereotipos\u00bb y es un testimonio de \u00abla ignorancia y la falta de respeto hacia hacia m\u00e9xico\u00bb, cr\u00edtica la periodista mexicana cecilia gonz\u00e1lez. En la plataforma X, escrense que \u00abEmilia P\u00e9rez\u00bb Explota \u00abUNA de las Peores Crisis Humanitarias del Mundo\u00bb: La Desaparici\u00f3nica Masiva de Personas en M\u00e9xico.<\/p>\n<p>El Director de Fotograf\u00eda mexicano Afincado en Hollywood Rodrigo Prieto Critic\u00f3 Que Todo en \u00abEmilia P\u00e9rez\u00bb Parece \u00abFalso\u00bb, excepto la adriana Paz. La actriz mexicana, que interpreta a la viuda de una v\u00edctima del c\u00e1rtel en la pel\u00edcula, estuvo presente en una conferencia de prensa en la que se cr\u00edtica duramento el Trabajo de Audiard. Reaccion\u00f3 de una Manera que NADIE Esperaba: Paz Revel\u00f3 Entre L\u00e1grimas que Ella Misma Hab\u00eda Sido V\u00edctima de Un Secuestro Hace 15 A\u00f1os. La Actriz Sufri\u00f3 Un Colapso Frente a la C\u00e1mara.<\/p>\n<figure class=\"placeholder-image master_landscape big\"><img data-format=\"MASTER_LANDSCAPE\" data-id=\"71239027\" data-url=\"https:\/\/static.dw.com\/image\/71239027_${formatId}.jpg\" data-aspect-ratio=\"16\/9\" alt=\"Karla Sof\u00eda Gasc\u00f3n (Izquierda) Como Emilia P\u00e9rez y Zoe Saldana como Rita Se Miran Frente A Una Cortina Roja.\" style=\"padding-bottom: 56.25%; height: 0; max-height: 0;\"\/><figcaption class=\"img-caption\">Karla Sof\u00eda Gasc\u00f3n (Izquierda) Interpretna El Papel Directora de Emilia P\u00e9rez, Con Zoe Saldana como su abogada rita.<small class=\"copyright\">Imagen: Neue Visionen Filmverleih\/Wild Bunch Alemania\/DPA\/Picture Alliance<\/small><\/figcaption><\/figure>\n<p>Desde Hace D\u00e9cadas, M\u00e9xico se Enfreshenta A Una Serie de Cr\u00edmenes Horribles. Cadada D\u00eda, Desaparecen Personas de Forma sistem\u00e1tica en el Marco de la Guerra de la Droga Entre C\u00e1rteles Rivales, y hijo V\u00edciMas de SECURestros y Ejecuciones extrajudiciales. En agosto de 2024, el registro nacional de personas desaparecidas y no localizadas (rnpdno) hab\u00eda documental un total de 116.386 personas desaparecidas y, Hasta la fecha, se ha condenado a 40 autores de los de Estos en los tribunales.<\/p>\n<p>El Autor Y Director de \u00abEmilia P\u00e9rez\u00bb, Jaques Audiard, Ha Dado Algunas Declaraciones. \u00abCuento Historias Sobre Realidades Sociales y Polyticas, Pero nunca quise Hacer un documental Sobre la situaci\u00f3n en M\u00e9xico o Sobre la Transici\u00f3n de una Persona\u00bb, Dijo Audiard EN Entrevista Con El Diario ALEM\u00c1N <em>Taz<\/em>. \u00abUtilizo una forma exagerada, la artificialidad del musical y el melodrama, para contar mi histia de forma emocional\u00bb.<\/p>\n<p>De Hecho, \u00abEmilia P\u00e9rez\u00bb Est\u00e1 Estructurada y Funci\u00f3n M\u00e1s como una \u00d3pera: Cuando la Pel\u00edcula se Vuelve Emotiva, Comienza la MUsica y los actores Empiezan a Cantar Oa Bailar. \u00abAqu\u00ed Las Canciones hijo una parte integral de la trama, no solo un accesorio decorativo\u00bb, Sostuvo Audiard.<\/p>\n<p><span data-slot-id=\"Article_InContent-1\" class=\"rich-text-ad\"\/><\/p>\n<h2>UNA Historia dolorosa en M\u00e9xico<\/h2>\n<p>Audiard Sit\u00faa la Historia de Su Drama Musical en M\u00e9xico. El problema de los desaparecidos en M\u00e9xico Solo se Menciona de Pasada. Una escena MaSestra A Mujeres de Hombres Asesinados y Desaparecidos Cantando la Canci\u00f3n \u00abPara\u00bb. Seg\u00fan El Director, Un Coro de Viudas Como Este Existe Realmento en M\u00e9xico. Pero el Cambio de Sexo de Una Persona Tampoco es el Centro de Atencia. \u00abLa Verdadera Pregunta es: \u00bfESTOY AUTORIZADO A HABLAR DE CIERTOS TEMAS? Como Franc\u00e9s Blanco y Heterosexual de Unos 70 A\u00f1os, \u00bfSe me permite tratar una transici\u00f3n [de g\u00e9nero]? \u00bfSOBRE EL SUFRIMENTO DE LOS QUEDAN ATR\u00c1S POR LOS CR\u00cdMENES DEL C\u00e1rtel? Bueno, Creo Que S\u00ed. Vivo en este Mundo, Leo y Percibo, Pienso. \u00bfY por qu\u00e9 no iBa A formular y expresar estos pensamientos, ya mar a forma hobrada, cantada o inclusi\u00f3n Bailada?<\/p>\n<p>\u00abQuer\u00eda Dimensiones M\u00e1s Grandes, Ampliar La Visi\u00f3n, Llegar A Un P\u00fablico m\u00e1s Amplio\u00bb. Por Supuesto, este conlleva el Riesgo de Simplificar. \u00abY, por Supuesto, Podr\u00eda Haber Elegido un Tema M\u00e1s F\u00e1cil. Podr\u00eda Pasarme la Vida Evitando Todos los Temas Peliagudos\u00bb, Dijo.<\/p>\n<p>Fran\u00e7oise Greve, De la Coordin\u00e1ci\u00f3a Alemana de Derechos Humanos en Berl\u00edn, Considera que es \u00abExtremadamete cuestionable\u00bb Retrazar un jefe del c\u00e1rtel como un activista de derechos humanos, como sugiere la pel\u00edcula. Pero, un pesar de Todas las cryticas, Greve afirma en entrevista con dw que rige la Libertad Art\u00ednstica. \u00abPuede Hacer una Pel\u00edcula como quiera. Simplement no debe olvidar lo doloroso y explosivo que es el tema en M\u00e9xico. Cuando Aborda un Tema Como este, Tambi\u00e9n tinee de Asumir Hasta Cierto Punto la Responsabilida de Las NarrateRas Narrato y De Chean y De Cire YeeMoMo Creene Y de Creene\u00bb .<\/p>\n<p>(GG\/RML)<\/p>\n<\/div>\n\n","protected":false},"excerpt":{"rendered":"<p>Un Notorio Capo de la Droga se Esconde para, a veces, una cirug\u00eda de Cambio de Sexo, Pero luego REGRESA para RECUPERAR A Su Familia. \u00bfUn qui\u00e9n se le ocurre una histia as\u00ed? Al director Franc\u00e9s Jaques Audiard. La envolvi\u00f3 en un musical, con canciones emp\u00e1ticas e interludios de baile art\u00ednstico: cine para el coraz\u00f3n. &hellip;<\/p>\n","protected":false},"author":1,"featured_media":12209,"comment_status":"open","ping_status":"open","sticky":false,"template":"","format":"standard","meta":{"fifu_image_url":"https:\/\/static.dw.com\/image\/71239045_6.jpg","fifu_image_alt":"","footnotes":""},"categories":[13],"tags":[],"class_list":["post-12208","post","type-post","status-publish","format-standard","has-post-thumbnail","","category-mundo"],"_links":{"self":[{"href":"https:\/\/noticiasveraces.com\/index.php?rest_route=\/wp\/v2\/posts\/12208","targetHints":{"allow":["GET"]}}],"collection":[{"href":"https:\/\/noticiasveraces.com\/index.php?rest_route=\/wp\/v2\/posts"}],"about":[{"href":"https:\/\/noticiasveraces.com\/index.php?rest_route=\/wp\/v2\/types\/post"}],"author":[{"embeddable":true,"href":"https:\/\/noticiasveraces.com\/index.php?rest_route=\/wp\/v2\/users\/1"}],"replies":[{"embeddable":true,"href":"https:\/\/noticiasveraces.com\/index.php?rest_route=%2Fwp%2Fv2%2Fcomments&post=12208"}],"version-history":[{"count":0,"href":"https:\/\/noticiasveraces.com\/index.php?rest_route=\/wp\/v2\/posts\/12208\/revisions"}],"wp:featuredmedia":[{"embeddable":true,"href":"https:\/\/noticiasveraces.com\/index.php?rest_route=\/wp\/v2\/media\/12209"}],"wp:attachment":[{"href":"https:\/\/noticiasveraces.com\/index.php?rest_route=%2Fwp%2Fv2%2Fmedia&parent=12208"}],"wp:term":[{"taxonomy":"category","embeddable":true,"href":"https:\/\/noticiasveraces.com\/index.php?rest_route=%2Fwp%2Fv2%2Fcategories&post=12208"},{"taxonomy":"post_tag","embeddable":true,"href":"https:\/\/noticiasveraces.com\/index.php?rest_route=%2Fwp%2Fv2%2Ftags&post=12208"}],"curies":[{"name":"wp","href":"https:\/\/api.w.org\/{rel}","templated":true}]}}