{"id":12194,"date":"2025-01-27T20:33:14","date_gmt":"2025-01-28T00:33:14","guid":{"rendered":"https:\/\/noticiasveraces.com\/?p=12194"},"modified":"2025-01-27T20:33:14","modified_gmt":"2025-01-28T00:33:14","slug":"mantener-viva-la-memoria-un-imperacturo-en-alemania-dw-27-01-2025","status":"publish","type":"post","link":"https:\/\/noticiasveraces.com\/?p=12194","title":{"rendered":"Mantener Viva La Memoria, Un Imperacturo en Alemania &#8211; DW &#8211; 27\/01\/2025"},"content":{"rendered":"<p> \n<\/p>\n<div>\n<p>Banderas A Media Asta, Coronas de Flores en el Bundestag, Muchos Parlamentarios Visten de Negro. Discursos de heno y APlausos Reflexivos, A\u00f1o Tras A\u00f1o.<\/p>\n<p>El 27 de enero se recuerda en alemania a Las V\u00edciMas del Nacionalsocialismo y la fecha se conoce Mundialmento como d\u00eda internacional en memoria de las v\u00edctimas del holocausto. Es la Fecha de la Liberaci\u00f3n del Campo de Concentraci\u00f3n de Auschwitz, EN 1945.<\/p>\n<p>En Alemania Existen M\u00e1s de 300 Memoriales y Centros de Documentaci\u00f3n Sobre El Lo Ocurrido Bajo El NacionalSocialismo, Tema que los Escolares Tambi\u00e9n Tratan en Clases de Historia. Algunos Visitan Memorial en Antiguos Campos de Concentraci\u00f3n, Donde se informan de los horrores All\u00ed Cometidos.<\/p>\n<p>Ha Haido Grandes Procesos por Cr\u00edmenes de Guerra, Como los cometidos en auschwitz. Y, Hasta la Actainidad, Antiguos Guardias de Centros nazis de la Muerte, Entrreto de Avanzada Edad, Siguen Teniendo que enfrentarse a Los Tribunales.<\/p>\n<p>Es El Recuerdo del Cap\u00edtulo M\u00e1s Oscuro de la Historia Alemana. La Alemania NacionalalSocialista Desat\u00f3 la II Guerra Mundial y Fue responsable del asesinato sistem\u00f3s de seis milones de Jud\u00edas y Jud\u00edos. A Ellos Se Suman oTros cientos de Miles de V\u00edctimas, de Las Minor\u00edas Sinti y Roman\u00ed, Al Igual Que Opositores Pol\u00cdticos de los Nazis, Homosexuales y Personas Discapacitadas.<\/p>\n<h2>La Cultura de la Memoria<\/h2>\n<p>La Cultura de la Memoria implica Mantener presente el Recuerdo del Pasado A Nivel Colectivo. \u00abEn lo que respeta a Alemania, es Central El Recuerdo del Holocausto y Confrontarse con el Nacionalsocialismo\u00bb, Dice la Polit\u00f3loga y Editora Saba-Nur Cheema. En los \u00daltimos A\u00f1os, se suma tambi\u00e9n Cada Vez m\u00e1s el Recuerdo de la dictada de la ex rda, y la \u00e9poca del colonialismo.<\/p>\n<p>El D\u00eda en Memoria de Las V\u00edciMas del NacionalSocialismo se estableci\u00f3 Apenas en 1996. Nunca se convirti\u00f3 en un feriado oficial.<\/p>\n<h2>Hostilidad de la Extreme Derecha<\/h2>\n<p>Hasta El Presente, El Recuerdo de Los Cr\u00edgenes del Tiempo de Los Nazis Ha Sido Blanco de Hostilidades, Especial de la Extrema Derecha y del Populismo Derechista. El Director del Memorial en Los Antiguos Campos de Concentraci\u00f3n de Buchenwald y Mittelbau-Dora, Jens Christian Wagner, SE Ha Posicionado Claramento en turingia contra el Partido Alternativa para Alemania (AFD), Catalogado Como Parcialment de Extraer derecha, y desde Entonces amenazas, amenazas, amenazas, Como ha denunciado en x.<\/p>\n<p>\u00abCasi Todos los Monumentos Conmemorativos Se Enfentan al Vandalismo Ya la Negaci\u00f3n del Holocausto. Pero lo que tambi\u00e9n se puede ver es que el debate se Ha Vaelelto M\u00c1s Duro\u00bb, Afirma Veronika Hager, de la Fundaci\u00d3n Memoria, Responsabilidad y Futuro (Evz (). \u00abDeclaraciones que hace Diez A\u00f1os Habr\u00edamos Rechazado como relativamente extremas en el conjunto de la Sociedad Tienen Ahora Muya M\u00e1s ACTACI\u00d3N\u00bb.<\/p>\n<p>Hace Poco, La L\u00edder de Afd, Alice Weidel, Dijo en una Entrevista Televisiva: \u00abNo hay heno duda de que adolf hitlerera un socialista antisemita y de que el antisemitismo es principal del principal de izquierda\u00bb.<\/p>\n<p>\u00abEl Objetivo es Atenuar, Para que Acabemos Dejando de Hablar de Lo Ocurrido. Con el Peligro de Que la Amenaza de Los Grupos Nacionalistas de Derecha deje de ser Tangible Y Concreta\u00bb, Afirma Cheema.<\/p>\n<p><span data-slot-id=\"Article_InContent-1\" class=\"rich-text-ad\"\/><\/p>\n<h2>Antisemitismo<\/h2>\n<p>Michel Friedman es Uno de los Intelectuales que desde hace A\u00f1os Llaman La Atenci\u00f3n Sobre El Creciente Antisemitismo. \u00abSi Hubi\u00e9ramos Hecho Nuestros DeBeros, Ahora no proliferar\u00eda un odio a Los Jud\u00edos Tan Descarado y Brutal\u00bb, Dijo en una Entrevista Con El Semanario <em>Der Spiegel<\/em>.<\/p>\n<p>Un su juicio -y este tambi\u00e9n lo han manifestado organizaciones Jud\u00edas-, la condmemoraci\u00f3n se ha ritualizado Demasiado y Est\u00e1 Demaasiado anclada en el Pasado. \u00abPor lo importante que mar ocuParse de los Jud\u00edos muertos, responsabilidad de nuestra, Debe ser para para los Jud\u00edos que viven\u00bb, Advirti\u00f3.<\/p>\n<p>No solo desde el 7 de octubre de 2023, El D\u00eda del Brutal Ataque Terrorista de Ham\u00e1s Contra Israel, Que Dej\u00f3 M\u00e1s de 1.200 Muertos, SE Multiplican Tambi\u00e9n en Alemania Las Agresiones Antisemitas. Para Algunos es una Prueba de Que la Cultura de la Memoria Ha Fracasado.<\/p>\n<p>Mantener el Recuerdo del Pasado no es lo mismo que prevenir y Combatir el Antisemitismo, Se\u00f1ala Joseph Joseph Wilson, Especialista en \u00abAcci\u00f3n contra el Antisemitismo\u00bb, de la Fundaci\u00f3n Evz. A Su Juicio, La Empat\u00eda Que se Siente Quiz\u00e1 Al Visitar Un Memorial, No se Traslada Auticamete al Presente y no conduce un Que la Gente Reconozca C\u00f3digos Antisemitas y Teor\u00edas de Conspiraci\u00f3n.<\/p>\n<p>\u00abEn Lugar de Eso, Debemos Constatar que Nuestros ConceptOS de Prevenci\u00f3n del Antisemitismo Han Fallado en Parte\u00bb, Opina Wilson.<\/p>\n<h2>Diferentes interpretaciones<\/h2>\n<p>El Tema no ha estado exento de divergencias. Ha Haido disputas entre historiadores Sobre la Singularidad de los Cr\u00edmenes nazis, por Ejemplo, y debates en la Prensa. El 7 de octubre de 2023 y la Guerra posterior de Gaza, Con Decenas de Miles de Muertos, Representante Sin Duda oTro Punto de Inflexi\u00f3n. Porque Tambi\u00e9n Han PUESTO EN EVIDENCIA Fracturas en Alemania.<\/p>\n<p>Una de Ellas Tiene que ver las distintas interpretaciones de la consigna \u00abnunca m\u00e1s es ahora\u00bb. Se Refiere A Que los Horrores del NacionalSocialismo No Deben Repetirse. Y Muchos Derivan de Eso un Llamado a la Solidaridad con Israel y Los Jud\u00edos. Embargo de pecado, El Eslogan Tambi\u00e9n se utiliza en manifestaciones Propalestinas.<\/p>\n<figure class=\"placeholder-image master_landscape big\"><img data-format=\"MASTER_LANDSCAPE\" data-id=\"70416568\" data-url=\"https:\/\/static.dw.com\/image\/70416568_${formatId}.jpg\" data-aspect-ratio=\"16\/9\" alt=\"Manifestacia Propalestina en Berl\u00edn, EN 2024.\" style=\"padding-bottom: 56.25%; height: 0; max-height: 0;\"\/><figcaption class=\"img-caption\">Manifestacia Propalestina en Berl\u00edn, EN 2024.<small class=\"copyright\">Imagen: J\u00f6rg Carstensen\/DPA\/Picture Alliance<\/small><\/figcaption><\/figure>\n<p>A M\u00c1S TARDAR DESDE EL FAMOSO Discurbio de Angela Merkel en el Parlamento israel\u00ed, en 2008, en el de Declar\u00f3 que la la Seguridad de Israel ERA UNA RAZ\u00d3N DE ESTADO PARA ALEMANIA, LA Responsilidad de la Supervenencia del Estado Jud\u00edo se ha CLASIFICO A MENUDO COMO PARTE De la Cultura de la Memoria en El Pa\u00eds. Para Algunos, este es Se\u00f1al de Que Esa Cultura de la Memoria no es inclusiva y no est\u00e1 hecha para una una sociedad moderna de inmigraci\u00f3n.<\/p>\n<p>Saba-nur Cheema Discepa: \u00abNo dir\u00eda que no est\u00e1 hecha para este. Porque la sociedad civil da forma a la propia cultura de la memoria\u00bb. Pero la Justificaci\u00f3, Al Principio de la Guerra de Gaza, de Que Alemania S\u00f3lo apoyaba A Israel por Su Historia \u00abTambi\u00e9n Suscit\u00f3 Cryticas Entre Muchos J\u00f3venes Inmigrantes\u00bb. SE PreGuntaron: \u00ab&#8216;\u00bfPor Qu\u00e9 Sufren As\u00ed Ahora Los Palestinos&#8217;? No es Malo Plantearse Esa Pregunta\u00bb.<\/p>\n<p>Saba-nur Cheema Valora el Lema \u00abLibrar A Palestina de la Culpa Alemana\u00bb, Que se Grit\u00f3 en Lass Manifestaciones, Sobre en Berl\u00edn, Como un Mensaje Pol\u00cdtico, y no COMO Un Ataque a la Cultura de la Memoria. El Centro de Investigaci\u00f3n e Informaci\u00f3n Sobre El Antisemitismo (Rias), Por Su Parte, Evalu\u00f3 El Eslogan en un Informe como \u00abDese de &#8216;Poner Punto final&#8217; al Tema del Pasado Nazi\u00bb.<\/p>\n<p>Quiz\u00e1s, debates como este sean una se\u00f1al de que en alemania no existe una, sino Muchas Culturas de la Memoria.<\/p>\n<h2>Recordar Sigue Sido IMPORTANTE<\/h2>\n<p>De lo que generalme se habla poco en alemania es de lasgraf\u00edas de los v\u00edctimas dentro de la propia familia. Michael Friedman Lo Formul\u00f3 As\u00ed en una ocasi\u00f3n: \u00ab\u00a1Hay Millones de Testigos de la \u00e9poca! \u00a1Vean lo que Hicieron Sus Abuelos, o T\u00edos Abuelos!\u00bb<\/p>\n<p>ESE PODRIA SER EL SIGUENTE PASO. \u00abNo Quiero Llegar un Punto en el Que Digamos: Ya Tenemos una Cultura del Recuerdo Perfecta\u00bb, Dice Hager. \u00abPara m\u00ed, siempre es algo en curso, algo que se mueve y se desarrolla\u00bb.<\/p>\n<p>(ERS\/RML)<\/p>\n<\/div>\n\n","protected":false},"excerpt":{"rendered":"<p>Banderas A Media Asta, Coronas de Flores en el Bundestag, Muchos Parlamentarios Visten de Negro. Discursos de heno y APlausos Reflexivos, A\u00f1o Tras A\u00f1o. El 27 de enero se recuerda en alemania a Las V\u00edciMas del Nacionalsocialismo y la fecha se conoce Mundialmento como d\u00eda internacional en memoria de las v\u00edctimas del holocausto. Es la &hellip;<\/p>\n","protected":false},"author":1,"featured_media":12195,"comment_status":"open","ping_status":"open","sticky":false,"template":"","format":"standard","meta":{"fifu_image_url":"https:\/\/static.dw.com\/image\/63551010_6.jpg","fifu_image_alt":"","footnotes":""},"categories":[13],"tags":[],"class_list":["post-12194","post","type-post","status-publish","format-standard","has-post-thumbnail","","category-mundo"],"_links":{"self":[{"href":"https:\/\/noticiasveraces.com\/index.php?rest_route=\/wp\/v2\/posts\/12194","targetHints":{"allow":["GET"]}}],"collection":[{"href":"https:\/\/noticiasveraces.com\/index.php?rest_route=\/wp\/v2\/posts"}],"about":[{"href":"https:\/\/noticiasveraces.com\/index.php?rest_route=\/wp\/v2\/types\/post"}],"author":[{"embeddable":true,"href":"https:\/\/noticiasveraces.com\/index.php?rest_route=\/wp\/v2\/users\/1"}],"replies":[{"embeddable":true,"href":"https:\/\/noticiasveraces.com\/index.php?rest_route=%2Fwp%2Fv2%2Fcomments&post=12194"}],"version-history":[{"count":0,"href":"https:\/\/noticiasveraces.com\/index.php?rest_route=\/wp\/v2\/posts\/12194\/revisions"}],"wp:featuredmedia":[{"embeddable":true,"href":"https:\/\/noticiasveraces.com\/index.php?rest_route=\/wp\/v2\/media\/12195"}],"wp:attachment":[{"href":"https:\/\/noticiasveraces.com\/index.php?rest_route=%2Fwp%2Fv2%2Fmedia&parent=12194"}],"wp:term":[{"taxonomy":"category","embeddable":true,"href":"https:\/\/noticiasveraces.com\/index.php?rest_route=%2Fwp%2Fv2%2Fcategories&post=12194"},{"taxonomy":"post_tag","embeddable":true,"href":"https:\/\/noticiasveraces.com\/index.php?rest_route=%2Fwp%2Fv2%2Ftags&post=12194"}],"curies":[{"name":"wp","href":"https:\/\/api.w.org\/{rel}","templated":true}]}}