{"id":12184,"date":"2025-01-27T18:28:57","date_gmt":"2025-01-27T22:28:57","guid":{"rendered":"https:\/\/noticiasveraces.com\/?p=12184"},"modified":"2025-01-27T18:28:57","modified_gmt":"2025-01-27T22:28:57","slug":"nunca-mas-el-fascismo-dw-27-01-2025","status":"publish","type":"post","link":"https:\/\/noticiasveraces.com\/?p=12184","title":{"rendered":"\u00abNunca M\u00e1s el Fascismo\u00bb &#8211; DW &#8211; 27\/01\/2025"},"content":{"rendered":"<p> \n<\/p>\n<div>\n<p>La Palabra Les Pertenece A Ellos en Este D\u00eda: A Los Pocos Sobrevivientes del Antiguo Campo de Concentraci\u00f3n y Exterminio de la Alemania Nazi en Auschwitz-Birkenau, A\u00fan Vivos. Cincuenta y Seis de Ellos Viajaron para participar en la Ceremonia de Homenaje y Conmemoraci\u00f3n, Volvio Al Lugar del Horror.<\/p>\n<p>El 27 de Enero de 1945, El Ej\u00e9rcito Rojo Liber\u00f3 El Campo de Concentraci\u00f3n Nazi de Auschwitz en lo que Hoy es Polonia, Entonces Territorio Ocupado por la Alemania Nazi. ESE D\u00eda, Solo Poco M\u00e1s de 7.000 PERSONAS PERMANEC\u00cdA EN EL LUGAR, ESCAPACIONES PORE EL ENCARCELOMENTO Y LAS TORTUAS.<\/p>\n<p>Entre 1940 y 1945, El R\u00e9gimen Alem\u00e1n Nazi Asesin\u00f3 A M\u00e1s de Un Mill\u00f3n de Personas en Auschwitz y en Las Mortales Instalaciones Exteriores del Complejo. La Mayor\u00eda de Las V\u00edctimas Eran Jud\u00edos. Pero tambi\u00e9n Fueron V\u00edctimas del r\u00e9gimen asesino los sinti y los roman\u00edes, los proses pol\u00cdticos, los homosexuales y otros prisioneros de polonia y otros pa\u00edses.<\/p>\n<p>Auschwitz se convirti\u00f3 en el ep\u00edtomee del holocausto, en su \u00abcapital\u00bb, como expresa el historiador Peter Hayes. UNA Central de la Maquinaria Industrial de Asesinatos sistem\u00f3s Masivos, dimensiones de cuyas no tiene ning\u00fan hiCieron verdaderamento tangibles sino hasta d\u00e9cadas despu\u00e9rados. Si es que alguna vez se las podr\u00e1 comprador del dido.<\/p>\n<p>Ochenta A\u00f1os M\u00e1s Tarde, Los Sobrevivientes, Los Representantes de Estado y Los Invitados de Honor Han Llegado al Ex Campo de Concentraci\u00f3n y Exterminio de Auschwitz-Birkenau para Reunse En la Ceremonia Conmemorita. De Alemania, Est\u00e1n presenta el Presidente Federal, Frank-Walter Steinmeier, Y El Canciller, Olaf Scholz.<\/p>\n<p><span data-slot-id=\"Article_InContent-1\" class=\"rich-text-ad\"\/><\/p>\n<h2>Discursos de pecado de polficos<\/h2>\n<p>A Diferencia de Aniversarios Pasados, Esta Vez No Hay Discursos de Pol\u00cdticos, A Pesar de Que Viajaron Cerca de 60 Delegaciones. \u00abNo Toleramos el Olvido, ni Hoy Ni Ma\u00f1ana\u00bb, Canciller Scrolz en sus Redes Sociales.<\/p>\n<p>Sin embargo, los discursos en la ceremonia conmemoratua tuvieron un tinte polfico. El Ataque Terrorista Perpetrado por Ham\u00e1s Contra Israel, El 7 de Octubre de 2023, Fue Un Tema Recurrente. Los Estudiantes Jud\u00edos Est\u00e1n Sido Excuidos en Todo El Mundo, Afirm\u00f3 El Presidente del Congreso Jud\u00edo Mundial, Ronald S. Lauder. Como \u00fanico estado Jud\u00edo, se quej\u00f3 Lauder, Ahora Israel Est\u00e1 en la Picota.<\/p>\n<p>Pero Sobre ago Hablaron Cuatro de los Sobrevivientes del Holocausto esta Tarde: Marian Turski, Janina Iwa\u0144ska, Tova Friedman y Leon Weintraub. \u00abSiempre Pens\u00e9 Que el 27 de Enero era mi Cumpeados. Muchos Amigos No Saben en Absoluto que d\u00eda, en Realidad, no es mi Cumpeados\u00bb, DiJo tova friedman al comienzo de su discusi\u00f3n.<\/p>\n<h2>Un \u00abTsunami de Antisemitismo\u00bb<\/h2>\n<p>Marian Turski Salud\u00f3 A Los Sobrevivientes en el P\u00fablico y Registro a Todos lo que no se presenta Pudieron Estar: \u00abNuestros Pensamientos Est\u00e1n Con Todas Aquellas personas, Los Millones que Nunca Podr\u00e1n Contonos lo que Sintieron Porque Fueron Devorados por la Destrucci\u00f3n Masiva Masiva\u00bb.<\/p>\n<p>En la Tarde de Este 27 de Enero, Los Sobrevivientes Tematizaron sus propias Experiencias y Establecier\u00f3n una Conexi\u00f3n con el presente. El Mundo Est\u00e1 Experimentando Realmente un \u00abTsunami de Antisemitismo\u00bb. \u00ab\u00a1Paren este!\u00bb, Exigi\u00f3 turski, y pidi\u00f3 un minuto de Silencio.<\/p>\n<figure class=\"placeholder-image master_landscape big\"><img data-format=\"MASTER_LANDSCAPE\" data-id=\"71426507\" data-url=\"https:\/\/static.dw.com\/image\/71426507_${formatId}.jpg\" data-aspect-ratio=\"16\/9\" alt=\"Marian Turski, de 98 A\u00f1os, Habla Ante el P\u00fablico en la Ceremonia Conmemorativa de la Liberaci\u00f3n del Campo de Concentraci\u00f3n Alem\u00e1n Nazi de Auschwitz. (27.01.2025).\" style=\"padding-bottom: 56.25%; height: 0; max-height: 0;\"\/><figcaption class=\"img-caption\">Marian Turski Tiene 98 A\u00f1os. Fue Deportado al Campo de Concentraci\u00f3n Alem\u00e1n Nazi de Auschwitz en 1944.<small class=\"copyright\">Imagen: Sergei Gapon\/AFP\/Getty Images <\/small><\/figcaption><\/figure>\n<p>Ya no hay heno tantos sobrevivientes. Pero sus Experiencias hijo Las Que Mantienen Viva la Memoria de Los Cr\u00edmenes de la Alemania Nazi. En Los D\u00edas Previos a la Ceremonia, Hubo Reuniones en Cracovia y O\u015bwi\u0119cim. En Cracovia, El Museo Jud\u00edo de Galicia recibi\u00f3 un invitados a la conversaci\u00f3n con lidia maksymowicz. Ella Lleg\u00f3 A Auschwitz Cuando Ten\u00eda Tres A\u00f1os y Fue V\u00edcima del Famoso M\u00e9dico de Las SS, Josef Mengele. Los tortur\u00f3 con soluciones salinas para experimentos M\u00e9dicos.<\/p>\n<p>LUEGO DE LA GUERRA, Lidia Maksymowicz Fue Separada de su Madre y Adoptada. Tuvo que Volver un aprender todo de novio, cuenta. SE SENTIA \u00abCOMO Un animal Salvaje que solo Ten\u00eda Instintos de Supervivencia\u00bb.<\/p>\n<div class=\"vjs-wrapper embed big\">\n<h2 aria-label=\"Video integrado \u2014 Naftali F\u00fcrst, sobreviviente del Holocausto, en DW\" class=\"headline\"><svg xmlns=\"http:\/\/www.w3.org\/2000\/svg\" viewbox=\"0 0 20 20\"><g fill-rule=\"evenodd\"><path d=\"M14.114 7.599H13.5l.002 4.706h.601l4.582 3.25-.005-11.11zM11.084 4.444l-9.007.002-1.336.797.002 9.514 1.334.793 9.007.006 1.509-.799-.004-9.516z\"\/><\/g><\/svg>Naftali F\u00fcrst, Sobreviviente del Holocausto, en DW<\/h2>\n<p><video id=\"video-68104526\" controls=\"\" playsinline=\"\" preload=\"none\" poster=\"data:image\/png;base64,iVBORw0KGgoAAAANSUhEUgAAAAEAAAABCAQAAAC1HAwCAAAAC0lEQVR42mNkYAAAAAYAAjCB0C8AAAAASUVORK5CYII=\" data-id=\"68104526\" data-posterurl=\"https:\/\/tvdownloaddw-a.akamaihd.net\/stills\/images\/js\/js20240127_survivior07e_image_512x288_3.jpg\" data-duration=\"02:43\"><source src=\"https:\/\/hlsvod.dw.com\/i\/dwtv_video\/flv\/js\/js20240127_survivior07e_,AVC_480x270,AVC_512x288,AVC_640x360,AVC_960x540,AVC_1280x720,AVC_1920x1080,.mp4.csmil\/master.m3u8\" type=\"application\/x-mpegURL\"><source src=\"https:\/\/tvdownloaddw-a.akamaihd.net\/dwtv_video\/flv\/js\/js20240127_survivior07e_AVC_1920x1080.mp4\" type=\"video\/mp4\"><track src=\"https:\/\/www.dw.com\/media\/subtitles\/68176744\" srclang=\"es\" label=\"SPANISH\" default=\"\"><p class=\"vjs-no-js\">Para ver este video, habilite JavaScript y considere actualizar a un navegador web que admite el video HTML5<\/p>\n<\/track><\/source><\/source><\/video><\/div>\n<h2>Nacida en el \u00abInfierno\u00bb de Auschwitz-Birkenau<\/h2>\n<p>Entre los \u00daltimos testigos vivos de Esa Cruenta \u00e9poca est\u00e1 Tambi\u00e9n Stefania Wernik. No se acuerda de auschwitz, ya que cuando es campo de concentraci\u00f3n fue liberado solo ten\u00eda pocos meses. Pero Naci\u00f3 en \u00abEl Infierno\u00bb, Dice, En Auschwitz, en Noviembre de 1944. Su madre polaca fue sorprendida en abril de 1944 haciendo contrabando y fue llevada a auschwitz.<\/p>\n<p>Estaba Emarazada de dos Meses de Stefania. Lo Mantuvo en Secreto Durante Mucho TIempo. Cuando Se Hizo Evidente Su Emarazo, Se le Permiti\u00f3 Dar a Luz en Las Circunstancias m\u00e1s Difiles. Stefania Wernik Pes\u00f3 S\u00f3lo dos Kilogramos al Nacer.<\/p>\n<p>TODO ESO RELATA STEFANIA UN DIA ANES DE LA CERONONIA CONMEMORATIVA EN EL CENTRO INTERNACIONAL DE REUNIONES DE O\u015bWI\u0119CIM, EL LUGAR QUE PAS\u00d3 A LAMARSO AUSCHWITZ EN 1940 Y QUE SECUENTRA JUSTO DELANTRE DE LAS PUERTAS<\/p>\n<p>El Sal\u00f3n de Reuniones Estaba Lleno. Asisteron Alrededor de 80 J\u00f3venes de Entre 17 y 25 A\u00f1os, La Mayor\u00eda de Alemania, Pero Tambi\u00e9n Algunos de Francia y Polonia. Los J\u00f3venes Escuchaban Atentamento las Palabras de Wernik. Los Oyentes Llevan M\u00e1scaras Porque Wernik Se Encuentra Mal de Salud. Participaron J\u00f3venes del Bundestag Alem\u00e1n. En La V\u00edspera, Los J\u00f3venes Hab\u00eda Visitado El Monumento Conmemoratuco de Auschwitz-Birkenau.<\/p>\n<figure class=\"placeholder-image master_landscape big\"><img data-format=\"MASTER_LANDSCAPE\" data-id=\"71422434\" data-url=\"https:\/\/static.dw.com\/image\/71422434_${formatId}.jpg\" data-aspect-ratio=\"16\/9\" alt=\"Stefania Wernik Habla Sobre las Huellas que le dej\u00f3 su Nacimiento en el Campo de Exterminio de Auschwitz. \" style=\"padding-bottom: 56.25%; height: 0; max-height: 0;\"\/><figcaption class=\"img-caption\">Stefania Wernik Habla Con J\u00f3venes Sobre las Huellas que le dej\u00f3 su Nacimiento en el Campo de Exterminio de Auschwitz. El M\u00e9dico de Las Ss Nazi Josef Mengele La Tortur\u00f3 y Sufre Hasta Hoy de Problemas de Salud Por Eso.<small class=\"copyright\">Imagen: Stella von Saldern\/Deutscher Bundestag<\/small><\/figcaption><\/figure>\n<h2>V\u00edcima de Josef Mengele: \u00abSimplemento, no Puedo Sonre\u00edr\u00bb<\/h2>\n<p>Los J\u00f3venes Escucharon en Silencio Las Historias que cont\u00f3 Wernik. Despu\u00e9s de Sus \u00daltimas Palabras, Todos se Levantaron y Alaudieron, Algunos Ten\u00eda L\u00e1grimas en Los Ojos. \u00abLo que Tom\u00e9 Con la Leche Materna, en mi Alma, Lo Llevar\u00e9 Conmigo para Siempre\u00bb, Dice Wernik en Polaco, Traducida por Un Int\u00e9rprete. \u00abSimplemento, no Puedo Sonre\u00edr\u00bb.<\/p>\n<p>Hasta El D\u00eda de Hoy Sigue Enferma y Agotada. El Famoso M\u00e9dico del Campo de Las SS, Josef Mengele, Probablemente le inyect\u00f3 algo cuando era una beb\u00e9. Todav\u00eda sufre un menudo de eczemas y erupciones cut\u00e1nas. Wernik Deja de Hapar Al Relatar Esto; Tiene que recomponese por Momento.<\/p>\n<p>Los J\u00f3venes Tienen Muchas Preguntas por Hacer. \u00bfQu\u00e9 le dio esperanza desespu\u00e9s de Esa vivencia traum\u00e1tica? Wernik responde al paciente, no es el concurso de ses de ses de quiere dejar preenguntas. Sus respuestas son amables y tristes al mismo tiempo.<\/p>\n<p>Para Peter Cellestino Kraus, de 21 A\u00f1os, Este Fue un Encuentro que Seguir\u00e1 Haciendo Eco Por Mucho Tiempo. \u00abLo que se intent\u00f3 con el holocausto es deshumanizar a las personas y transformarlas en un n\u00famero\u00bb, dados. \u00abY Debemos Volver A Humanizarlas, Darles Un Rostro A Esas Personas, Para Poder Entender que Hubo Millones de Sieres Humanos que So\u00f1aban Con un Ma\u00f1ana y Nunca Pudieron Vivirlo\u00bb.<\/p>\n<figure class=\"placeholder-image master_landscape big\"><img data-format=\"MASTER_LANDSCAPE\" data-id=\"71388454\" data-url=\"https:\/\/static.dw.com\/image\/71388454_${formatId}.jpg\" data-aspect-ratio=\"16\/9\" alt=\"El Campo de Concentraci\u00f3n y Exterminio de la Alemania Nazi de Auschwitz-Birkenau.\" style=\"padding-bottom: 56.25%; height: 0; max-height: 0;\"\/><figcaption class=\"img-caption\">El Campo de Concentraci\u00f3n Y Exterminio de la Alemania Nazi de Auschwitz-Birkenau, en Enero de 1945.<small class=\"copyright\">Imagen: AFP<\/small><\/figcaption><\/figure>\n<h2>Sobreviviente Stefania Wernik: \u00abNunca M\u00e1s el Fascismo\u00bb<\/h2>\n<p>Tambi\u00e9n los Sobrevivientes del Holocausto Recuerdan una y Otra Vez A Esas Personas Al Hablar Durante El Homeneze: \u00abNacimos en Un vac\u00edo moral\u00bb, Dice Tova Friedmann. Millones no lo Sobrevivieron. \u00abPero nosotros Tambi\u00e9n Estamos Hoy Aqu\u00ed para Anunciar y Prometer que Nunca Permitiremos que la Historia se Repita\u00bb.<\/p>\n<p>Stefania Wernik se Encuentra Entre el P\u00fablico en la Ceremonia Conmemorativa de Este Lunes. El D\u00eda anterior, Al final del Encuentro Con Los J\u00f3venes, se dirigi\u00f3 directamento a los participantes. Hab\u00eda escrito sus palabras: \u00abnunca m\u00e1s la Guerra, nunca m\u00e1s el fascismo. Hay que permanente alerta\u00bb, advirti\u00f3 wernik a los j\u00f3venes, desdoblando un papel, para que algo as\u00ed nunca vaelva a suc. Ye urs. Esto. , en auschwitz-birkenau \u00ab.<\/p>\n<p>(CP\/RML)<\/p>\n<\/div>\n\n","protected":false},"excerpt":{"rendered":"<p>La Palabra Les Pertenece A Ellos en Este D\u00eda: A Los Pocos Sobrevivientes del Antiguo Campo de Concentraci\u00f3n y Exterminio de la Alemania Nazi en Auschwitz-Birkenau, A\u00fan Vivos. Cincuenta y Seis de Ellos Viajaron para participar en la Ceremonia de Homenaje y Conmemoraci\u00f3n, Volvio Al Lugar del Horror. El 27 de Enero de 1945, El &hellip;<\/p>\n","protected":false},"author":1,"featured_media":12185,"comment_status":"open","ping_status":"open","sticky":false,"template":"","format":"standard","meta":{"fifu_image_url":"https:\/\/static.dw.com\/image\/71426239_6.jpg","fifu_image_alt":"","footnotes":""},"categories":[13],"tags":[],"class_list":["post-12184","post","type-post","status-publish","format-standard","has-post-thumbnail","","category-mundo"],"_links":{"self":[{"href":"https:\/\/noticiasveraces.com\/index.php?rest_route=\/wp\/v2\/posts\/12184","targetHints":{"allow":["GET"]}}],"collection":[{"href":"https:\/\/noticiasveraces.com\/index.php?rest_route=\/wp\/v2\/posts"}],"about":[{"href":"https:\/\/noticiasveraces.com\/index.php?rest_route=\/wp\/v2\/types\/post"}],"author":[{"embeddable":true,"href":"https:\/\/noticiasveraces.com\/index.php?rest_route=\/wp\/v2\/users\/1"}],"replies":[{"embeddable":true,"href":"https:\/\/noticiasveraces.com\/index.php?rest_route=%2Fwp%2Fv2%2Fcomments&post=12184"}],"version-history":[{"count":0,"href":"https:\/\/noticiasveraces.com\/index.php?rest_route=\/wp\/v2\/posts\/12184\/revisions"}],"wp:featuredmedia":[{"embeddable":true,"href":"https:\/\/noticiasveraces.com\/index.php?rest_route=\/wp\/v2\/media\/12185"}],"wp:attachment":[{"href":"https:\/\/noticiasveraces.com\/index.php?rest_route=%2Fwp%2Fv2%2Fmedia&parent=12184"}],"wp:term":[{"taxonomy":"category","embeddable":true,"href":"https:\/\/noticiasveraces.com\/index.php?rest_route=%2Fwp%2Fv2%2Fcategories&post=12184"},{"taxonomy":"post_tag","embeddable":true,"href":"https:\/\/noticiasveraces.com\/index.php?rest_route=%2Fwp%2Fv2%2Ftags&post=12184"}],"curies":[{"name":"wp","href":"https:\/\/api.w.org\/{rel}","templated":true}]}}