{"id":12178,"date":"2025-01-27T17:24:40","date_gmt":"2025-01-27T21:24:40","guid":{"rendered":"https:\/\/noticiasveraces.com\/?p=12178"},"modified":"2025-01-27T17:24:40","modified_gmt":"2025-01-27T21:24:40","slug":"el-jefe-militar-de-la-ue-dice-que-tendria-sentido-poner-tropas-en-groenlandia-informe","status":"publish","type":"post","link":"https:\/\/noticiasveraces.com\/?p=12178","title":{"rendered":"El jefe militar de la UE dice que tendr\u00eda sentido poner tropas en Groenlandia: informe"},"content":{"rendered":"<p> \n<\/p>\n<div>\n<p class=\"speakable\">El alto funcionario militar de la Uni\u00f3n Europea, Robert Brieger, dijo que tendr\u00eda sentido estacionar tropas de los pa\u00edses de la UE en Groenlandia, seg\u00fan una entrevista con el Welt AM Sonntag de Alemania publicada el s\u00e1bado, ya que el presidente de los Estados Unidos, Donald Trump, ha expresado inter\u00e9s en adquirir el territorio dan\u00e9s .<\/p>\n<p class=\"speakable\">\u00abEn mi opini\u00f3n, tendr\u00eda mucho sentido no solo para estacionar a las fuerzas estadounidenses en Groenlandia, como ha sido el caso hasta la fecha, sino tambi\u00e9n considerar estacionar soldados de la UE all\u00ed en el futuro\u00bb, dijo el presidente del Comit\u00e9 Militar de la Uni\u00f3n Europea.<\/p>\n<p>En \u00faltima instancia, tal paso requerir\u00eda una decisi\u00f3n pol\u00edtica, dijo el general nacido en Austria. El Comit\u00e9 Militar es la oficina militar m\u00e1s alta del Consejo Europeo, pero sirve como un organismo consultivo ya que el bloque no tiene un ej\u00e9rcito dedicado.<\/p>\n<p>La OTAN liderada por Estados Unidos es la principal alianza militar para la UE.<\/p>\n<p><strong>El legislador dan\u00e9s que se dirige a la UE le dice a Trump que se &#8216;f &#8212; fuera&#8217; sobre la oferta de Groenlandia<\/strong><\/p>\n<p>Aunque Groenlandia no es parte de la UE como un territorio en el extranjero de Dinamarca, los europeos, as\u00ed como los Estados Unidos tienen intereses en Groenlandia, agreg\u00f3 el general, citando sus materias primas y su ubicaci\u00f3n estrat\u00e9gica.<\/p>\n<div class=\"image-ct inline\">\n<div class=\"m\"><picture><source media=\"(max-width: 767px)\" srcset=\"https:\/\/a57.foxnews.com\/static.foxnews.com\/foxnews.com\/content\/uploads\/2025\/01\/343\/192\/2025-01-25t030300z_1_lynxnpel0o00w_rtroptp_4_ukraine-crisis-eu.jpg?ve=1&amp;tl=1, https:\/\/a57.foxnews.com\/static.foxnews.com\/foxnews.com\/content\/uploads\/2025\/01\/686\/384\/2025-01-25t030300z_1_lynxnpel0o00w_rtroptp_4_ukraine-crisis-eu.jpg?ve=1&amp;tl=1 2x\" height=\"192\" width=\"343\"><source media=\"(min-width: 768px) and (max-width: 1023px)\" srcset=\"https:\/\/a57.foxnews.com\/static.foxnews.com\/foxnews.com\/content\/uploads\/2025\/01\/672\/378\/2025-01-25t030300z_1_lynxnpel0o00w_rtroptp_4_ukraine-crisis-eu.jpg?ve=1&amp;tl=1, https:\/\/a57.foxnews.com\/static.foxnews.com\/foxnews.com\/content\/uploads\/2025\/01\/1344\/756\/2025-01-25t030300z_1_lynxnpel0o00w_rtroptp_4_ukraine-crisis-eu.jpg?ve=1&amp;tl=1 2x\" height=\"378\" width=\"672\"><source media=\"(min-width: 1024px) and (max-width: 1279px)\" srcset=\"https:\/\/a57.foxnews.com\/static.foxnews.com\/foxnews.com\/content\/uploads\/2025\/01\/931\/523\/2025-01-25t030300z_1_lynxnpel0o00w_rtroptp_4_ukraine-crisis-eu.jpg?ve=1&amp;tl=1, https:\/\/a57.foxnews.com\/static.foxnews.com\/foxnews.com\/content\/uploads\/2025\/01\/1862\/1046\/2025-01-25t030300z_1_lynxnpel0o00w_rtroptp_4_ukraine-crisis-eu.jpg?ve=1&amp;tl=1 2x\" height=\"523\" width=\"931\"><source media=\"(min-width: 1280px)\" srcset=\"https:\/\/a57.foxnews.com\/static.foxnews.com\/foxnews.com\/content\/uploads\/2025\/01\/720\/405\/2025-01-25t030300z_1_lynxnpel0o00w_rtroptp_4_ukraine-crisis-eu.jpg?ve=1&amp;tl=1, https:\/\/a57.foxnews.com\/static.foxnews.com\/foxnews.com\/content\/uploads\/2025\/01\/1440\/810\/2025-01-25t030300z_1_lynxnpel0o00w_rtroptp_4_ukraine-crisis-eu.jpg?ve=1&amp;tl=1 2x\" height=\"405\" width=\"720\"><img loading=\"lazy\" decoding=\"async\" src=\"https:\/\/a57.foxnews.com\/static.foxnews.com\/foxnews.com\/content\/uploads\/2025\/01\/1200\/675\/2025-01-25t030300z_1_lynxnpel0o00w_rtroptp_4_ukraine-crisis-eu.jpg?ve=1&amp;tl=1\" alt=\"Robert Brieger\" width=\"1200\" height=\"675\"\/><\/source><\/source><\/source><\/source><\/picture><\/div>\n<div class=\"info\">\n<div class=\"caption\">\n<p><span>Robert Brieger, presidente del Comit\u00e9 Militar de la Uni\u00f3n Europea (EUMC), posa para una foto de familia con otros asistentes durante la reuni\u00f3n ministerial informal de la UE sobre defensa en Toledo, Espa\u00f1a, el 30 de agosto de 2023. <\/span> <span>(Reuters\/Isabel Infantes\/Foto de archivo)<\/span><\/p>\n<\/div>\n<\/div>\n<\/div>\n<p>\u00abSin embargo, con el aumento de la derretimiento del hielo como resultado del cambio clim\u00e1tico, esto tambi\u00e9n crea un cierto potencial de tensi\u00f3n con Rusia y posiblemente China\u00bb, dijo.<\/p>\n<p>Trump ha expresado su inter\u00e9s en hacer de Groenlandia, un territorio aut\u00f3nomo de Dinamarca, parte de los Estados Unidos. No ha descartado el uso de poder militar o econ\u00f3mico para persuadir a Dinamarca para que lo entregue.<\/p>\n<p>La ubicaci\u00f3n estrat\u00e9gica de Groenlandia a lo largo de la ruta m\u00e1s corta desde Europa hasta Am\u00e9rica del Norte, vital para el sistema de advertencia de misiles bal\u00edsticos de EE. UU., Lo ha convertido en una prioridad para Trump.<\/p>\n<p><strong>Haga clic aqu\u00ed para obtener la aplicaci\u00f3n Fox News<\/strong><\/p>\n<p>Brieger dijo que esperaba que Estados Unidos como miembro de las Naciones Unidas respetara la inviolabilidad de las fronteras como estipulados en la Carta de la ONU.<\/p>\n<p> <!----> <!----><\/div>\n\n","protected":false},"excerpt":{"rendered":"<p>El alto funcionario militar de la Uni\u00f3n Europea, Robert Brieger, dijo que tendr\u00eda sentido estacionar tropas de los pa\u00edses de la UE en Groenlandia, seg\u00fan una entrevista con el Welt AM Sonntag de Alemania publicada el s\u00e1bado, ya que el presidente de los Estados Unidos, Donald Trump, ha expresado inter\u00e9s en adquirir el territorio dan\u00e9s &hellip;<\/p>\n","protected":false},"author":1,"featured_media":12180,"comment_status":"open","ping_status":"open","sticky":false,"template":"","format":"standard","meta":{"fifu_image_url":"https:\/\/static.foxnews.com\/foxnews.com\/content\/uploads\/2025\/01\/2025-01-25t030300z_1_lynxnpel0o00w_rtroptp_4_ukraine-crisis-eu.jpg","fifu_image_alt":"","footnotes":""},"categories":[13],"tags":[],"class_list":["post-12178","post","type-post","status-publish","format-standard","has-post-thumbnail","","category-mundo"],"_links":{"self":[{"href":"https:\/\/noticiasveraces.com\/index.php?rest_route=\/wp\/v2\/posts\/12178","targetHints":{"allow":["GET"]}}],"collection":[{"href":"https:\/\/noticiasveraces.com\/index.php?rest_route=\/wp\/v2\/posts"}],"about":[{"href":"https:\/\/noticiasveraces.com\/index.php?rest_route=\/wp\/v2\/types\/post"}],"author":[{"embeddable":true,"href":"https:\/\/noticiasveraces.com\/index.php?rest_route=\/wp\/v2\/users\/1"}],"replies":[{"embeddable":true,"href":"https:\/\/noticiasveraces.com\/index.php?rest_route=%2Fwp%2Fv2%2Fcomments&post=12178"}],"version-history":[{"count":0,"href":"https:\/\/noticiasveraces.com\/index.php?rest_route=\/wp\/v2\/posts\/12178\/revisions"}],"wp:featuredmedia":[{"embeddable":true,"href":"https:\/\/noticiasveraces.com\/index.php?rest_route=\/wp\/v2\/media\/12180"}],"wp:attachment":[{"href":"https:\/\/noticiasveraces.com\/index.php?rest_route=%2Fwp%2Fv2%2Fmedia&parent=12178"}],"wp:term":[{"taxonomy":"category","embeddable":true,"href":"https:\/\/noticiasveraces.com\/index.php?rest_route=%2Fwp%2Fv2%2Fcategories&post=12178"},{"taxonomy":"post_tag","embeddable":true,"href":"https:\/\/noticiasveraces.com\/index.php?rest_route=%2Fwp%2Fv2%2Ftags&post=12178"}],"curies":[{"name":"wp","href":"https:\/\/api.w.org\/{rel}","templated":true}]}}