{"id":12161,"date":"2025-01-27T15:21:42","date_gmt":"2025-01-27T19:21:42","guid":{"rendered":"https:\/\/noticiasveraces.com\/?p=12161"},"modified":"2025-01-27T15:21:42","modified_gmt":"2025-01-27T19:21:42","slug":"fin-del-cortafuegos-contra-la-ultraderecha-en-alemania-dw-27-01-2025","status":"publish","type":"post","link":"https:\/\/noticiasveraces.com\/?p=12161","title":{"rendered":"\u00bfFin del cortafuegos contra la ultraderecha en Alemania? \u2013 DW \u2013 27\/01\/2025"},"content":{"rendered":"<p> \n<\/p>\n<div>\n<p>\u00bfViolaci\u00f3n de la Constituci\u00f3n, chantaje, ruptura de tab\u00faes? Las propuestas que el candidato a canciller de los partidos de la uni\u00f3n conservadora CDU\/CSU, y presidente de la CDU, Friedrich Merz, quiere presentar ahora en el Bundestag, divididas a los partidos del centro democr\u00e1tico. Y causan indignaci\u00f3n entre los partidos gobernantes, los socialdem\u00f3cratas del SPD y Los Verdes. De seguro, esta ser\u00e1 una semana de alta tensi\u00f3n para el Gobierno de Berl\u00edn.<\/p>\n<h2>Merz: \u00abMe da igual qui\u00e9n vota un favor\u00bb<\/h2>\n<p>Luego de que, la semana pasada, dos personas murieran por un ataque con cuchillo en la ciudad b\u00e1vara de Aschaffenburg, y tras darse cuenta de que el atacante proviene de Afganist\u00e1n, Friedrich Merz present\u00f3 un plan de cinco puntos para soportar en extremo la pol\u00edtica de asilo y migraci\u00f3n en Alemania.<\/p>\n<p>Merz desde anunciado entonces en varias oportunidades que le da igual por qui\u00e9n sea esa propuesta aprobada en el Parlamento alem\u00e1n. Y eso vale tambi\u00e9n para el partido Alternativa para Alemania (AfD), en parte de ultraderecha. Encuestas como la ARD Deutschlandtrend, que se realiz\u00f3 despu\u00e9s del anterior ataque en Magdeburgo, pero antes de los atroces cr\u00edmenes en Aschaffenburg, tambi\u00e9n muestran que el asilo y la migraci\u00f3n son temas candentes en la sociedad alemana.<\/p>\n<p>En la Uni\u00f3n Dem\u00f3crata Cristiana (CDU) se aplica la llamada decisi\u00f3n de incompatibilidad de diciembre de 2018, seg\u00fan la cual ese partido excluye categ\u00f3ricamente las coaliciones y otras formas de cooperaci\u00f3n con el AfD.<\/p>\n<p>El concepto de \u00abcortafuegos\u00bb entre la CDU\/CSU y el AfD se ha consolidado en los debates pol\u00edticos. Merz dijo el fin de semana pasada a la emisora \u200b\u200bZDF que esa decisi\u00f3n todav\u00eda sigue vigente: \u00abNosotros en la fracci\u00f3n de la Uni\u00f3n hacemos lo que creemos correcto en este asunto. Y si el AfD est\u00e1 de acuerdo, entonces estar\u00e1 de acuerdo. Si no est\u00e1 de acuerdo, que no lo est\u00e9. No hay conversaciones, no hay negociaciones, no hay un Gobierno conjunto, puedo tranquilizar al canciller\u00bb.<\/p>\n<figure class=\"placeholder-image master_landscape big\"><img data-format=\"MASTER_LANDSCAPE\" data-id=\"71383815\" data-url=\"https:\/\/static.dw.com\/image\/71383815_${formatId}.jpg\" data-aspect-ratio=\"16\/9\" alt=\"Federico Merz.\" style=\"padding-bottom: 56.25%; height: 0; max-height: 0;\"\/><figcaption class=\"img-caption\">Friedrich Merz, l\u00edder de la uni\u00f3n conservadora CDU\/CSU y candidato a canciller.<small class=\"copyright\">Imagen: Hannes P Albert\/dpa\/picture-alliance<\/small><\/figcaption><\/figure>\n<h2>Olaf Scholz duda de la capacidad de Merz como canciller<\/h2>\n<p>El canciller de Alemania, Olaf Scholz, del Partido Socialdem\u00f3crata (SPD), hab\u00eda dicho antes al canal ARD: \u00abSi ahora el l\u00edder de la oposici\u00f3n propone que el canciller alem\u00e1n haga cosas que no son compatibles con la Constituci\u00f3n de este pa\u00eds y con los tratados europeos, entonces eso dice algo sobre su capacidad para ejercer un alto cargo en Alemania\u00bb.<\/p>\n<p>Este lunes (27.01.2025), Merz volvi\u00f3 a confirmar su plan de presentar las solicitudes esta semana. Seg\u00fan \u00e9l, lleg\u00f3 el momento de decidir finalmente sobre el asunto, y depende del SPD y de Los Verdes determinar qu\u00e9 mayor\u00edas se obtendr\u00e1n en \u00faltima instancia.<\/p>\n<p>El Partido Dem\u00f3crata Liberal (FDP), por su parte, podr\u00eda aprobar la propuesta de Merz, y si tambi\u00e9n la aprueban el AfD y la Alianza Sahra Wagenknecht (BSW, de izquierda), podr\u00eda obtener la mayor\u00eda, pero est\u00e1 por verso. Luego del fracaso de la coalici\u00f3n de Gobierno entre el SPD, Los Verdes y el FDP, en noviembre de 2024, Alemania es gobernada solo por el SPD y Los Verdes.<\/p>\n<p><span data-slot-id=\"Article_InContent-1\" class=\"rich-text-ad\"\/><\/p>\n<h2>\u00bfQu\u00e9 planes tienen los conservadores para solicitantes de asilo?<\/h2>\n<p>Luego de varios actos de violencia y ataques, en parte mortales, supuestamente perpetrados por solicitantes de asilo e inmigrantes, los conservadores alemanes quieren declarar una \u00absituaci\u00f3n de emergencia extraordinaria\u00bb. As\u00ed, las fronteras ser\u00edan controladas de manera permanente, no solo temporal, como hasta el momento, lo cual no est\u00e1 previsto en los acuerdos fronterizos de la Uni\u00f3n Europea (UE).<\/p>\n<p>A las personas que, en las fronteras, no puedan presentar documentos v\u00e1lidos y en regla no se les permitir\u00e1 ingresar a Alemania. Ni siquiera si solicitan protecci\u00f3n de asilo. Esto tambi\u00e9n viola la ley vigente. Y las personas que est\u00e1n obligadas a abandonar Alemania deben permanecer detenidas hasta que se hayan ido realmente del pa\u00eds.<\/p>\n<p>El jefe de Los Verdes, Felix Banaszak, dijo a DW sobre Merz y sus planos de asilo: \u00abHa presentado propuestas que sabemos que son contrarias a la legislaci\u00f3n europea ya la Constituci\u00f3n. Y ha vinculado estas propuestas diciendo que, o ser\u00e1n implementadas uno a uno por los partidos del centro democr\u00e1tico, o que, de lo contrario, \u00e9l tambi\u00e9n aceptar\u00e1 mayor\u00edas con el AfD, y eso genera mucha incertidumbre en este pa\u00eds\u00bb.<\/p>\n<figure class=\"placeholder-image master_landscape big\"><img data-format=\"MASTER_LANDSCAPE\" data-id=\"71413032\" data-url=\"https:\/\/static.dw.com\/image\/71413032_${formatId}.jpg\" data-aspect-ratio=\"16\/9\" alt=\"Homenaje en Aschaffenburg a las v\u00edctimas mortales del ataque con cuchillo perpetrado por un hombre procedente de Afganist\u00e1n: cientos de velas y varios ositos de peluche.\" style=\"padding-bottom: 56.25%; height: 0; max-height: 0;\"\/><figcaption class=\"img-caption\">Consternaci\u00f3n en Aschaffenburg por el ataque con cuchillo perpetrado por un hombre procedente de Afganist\u00e1n, quien mat\u00f3 a un hombre ya un ni\u00f1o.<small class=\"copyright\">Imagen: Jacob Schr\u00f6ter\/dpa\/Picture Alliance<\/small><\/figcaption><\/figure>\n<p>En nombre del SPD, el miembro del Bundestag Sebastian Fiedler, de profesi\u00f3n investigador criminalista, dijo a DW: \u00abComo polic\u00eda, una vez jur\u00e9 respetar la Constituci\u00f3n, y si ahora un candidato a canciller dice que le gustar\u00eda violar la ley europea, entonces no s\u00f3lo se me plantean interrogantes; no puedo entenderlo\u00bb. Varios representantes del SPD y de Los Verdes compararon la actitud de Merz con la del nuevo presidente estadounidense, Donald Trump, en sus primeros d\u00edas en el cargo.<\/p>\n<p>Friedrich Merz es consciente de estar pisando terreno minado al poner sobre la mesa una posible aprobaci\u00f3n por parte de la ultraderecha. Por eso, a las solicitudes al Parlamento, la CDU\/CSU a\u00f1adi\u00f3 una declaraci\u00f3n en la que se distancia claramente del AfD: \u00abEl AfD utiliza los problemas, las preocupaciones y los temores que han surgido de la migraci\u00f3n ilegal masiva para incitar a la xenofobia y difundir teor\u00edas de conspiraci\u00f3n\u00bbz, dicen.<\/p>\n<h2>Organizaci\u00f3n cat\u00f3lica critica la pol\u00edtica contra los migrantes<\/h2>\n<p>Un hombre ps\u00edquicamente enfermo procedente de Arabia Saudita condujo un coche hacia el mercado navide\u00f1o de Magdeburgo en diciembre pasado, matando a seis personas e contratando a unas 300 m\u00e1s. Desde entonces, la cuesti\u00f3n de la migraci\u00f3n y el asilo domina la campa\u00f1a electoral para las nuevas elecciones al Parlamento del 23 de febrero, en menos de cuatro semanas. El sangriento acto ocurrido hace unos d\u00edas en Aschaffenburg agrav\u00f3 a\u00fan m\u00e1s la cuesti\u00f3n.<\/p>\n<p>La organizaci\u00f3n de derechos humanos Aktion Dignity and Justice, cofundada por el sacerdote cat\u00f3lico Peter Kossen, ha declarado ahora que se opone a las falsas percepciones sobre la inmigraci\u00f3n en Alemania. En realidad, la gran mayor\u00eda de los inmigrantes se integran bien, afirma. Actualmente, m\u00e1s de una cuarta parte de la poblaci\u00f3n es de origen inmigrante. Y a\u00f1ade: \u00abLos inmigrantes no son delincuentes. El derecho de asilo est\u00e1 consagrado en la Ley Fundamental por buenas razones\u00bb.<\/p>\n<p>A\u00fan no est\u00e1 claro si las propuestas de los conservadores podr\u00e1n votarse antes de las elecciones federales. Todav\u00eda no figuran en el orden del d\u00eda de la sesi\u00f3n del Parlamento de esta semana. Para que se acordaran r\u00e1pidamente y entraran en vigor antes de las elecciones, ser\u00eda necesaria una mayor\u00eda de dos tercios en el Bundestag. Y eso, definitivamente, todav\u00eda no se vislumbra.<\/p>\n<p>(cp\/rml)<\/p>\n<\/div>\n\n","protected":false},"excerpt":{"rendered":"<p>\u00bfViolaci\u00f3n de la Constituci\u00f3n, chantaje, ruptura de tab\u00faes? Las propuestas que el candidato a canciller de los partidos de la uni\u00f3n conservadora CDU\/CSU, y presidente de la CDU, Friedrich Merz, quiere presentar ahora en el Bundestag, divididas a los partidos del centro democr\u00e1tico. Y causan indignaci\u00f3n entre los partidos gobernantes, los socialdem\u00f3cratas del SPD y &hellip;<\/p>\n","protected":false},"author":1,"featured_media":12162,"comment_status":"open","ping_status":"open","sticky":false,"template":"","format":"standard","meta":{"fifu_image_url":"https:\/\/static.dw.com\/image\/70095496_6.jpg","fifu_image_alt":"","footnotes":""},"categories":[13],"tags":[],"class_list":["post-12161","post","type-post","status-publish","format-standard","has-post-thumbnail","","category-mundo"],"_links":{"self":[{"href":"https:\/\/noticiasveraces.com\/index.php?rest_route=\/wp\/v2\/posts\/12161","targetHints":{"allow":["GET"]}}],"collection":[{"href":"https:\/\/noticiasveraces.com\/index.php?rest_route=\/wp\/v2\/posts"}],"about":[{"href":"https:\/\/noticiasveraces.com\/index.php?rest_route=\/wp\/v2\/types\/post"}],"author":[{"embeddable":true,"href":"https:\/\/noticiasveraces.com\/index.php?rest_route=\/wp\/v2\/users\/1"}],"replies":[{"embeddable":true,"href":"https:\/\/noticiasveraces.com\/index.php?rest_route=%2Fwp%2Fv2%2Fcomments&post=12161"}],"version-history":[{"count":0,"href":"https:\/\/noticiasveraces.com\/index.php?rest_route=\/wp\/v2\/posts\/12161\/revisions"}],"wp:featuredmedia":[{"embeddable":true,"href":"https:\/\/noticiasveraces.com\/index.php?rest_route=\/wp\/v2\/media\/12162"}],"wp:attachment":[{"href":"https:\/\/noticiasveraces.com\/index.php?rest_route=%2Fwp%2Fv2%2Fmedia&parent=12161"}],"wp:term":[{"taxonomy":"category","embeddable":true,"href":"https:\/\/noticiasveraces.com\/index.php?rest_route=%2Fwp%2Fv2%2Fcategories&post=12161"},{"taxonomy":"post_tag","embeddable":true,"href":"https:\/\/noticiasveraces.com\/index.php?rest_route=%2Fwp%2Fv2%2Ftags&post=12161"}],"curies":[{"name":"wp","href":"https:\/\/api.w.org\/{rel}","templated":true}]}}