{"id":12157,"date":"2025-01-27T14:17:13","date_gmt":"2025-01-27T18:17:13","guid":{"rendered":"https:\/\/noticiasveraces.com\/?p=12157"},"modified":"2025-01-27T14:17:13","modified_gmt":"2025-01-27T18:17:13","slug":"la-respuesta-de-mexico-a-la-retirada-de-tesla-dw-27-01-2025","status":"publish","type":"post","link":"https:\/\/noticiasveraces.com\/?p=12157","title":{"rendered":"La Respuesta de M\u00e9xico a la Retirada de Tesla &#8211; DW &#8211; 27\/01\/2025"},"content":{"rendered":"<p> \n<\/p>\n<div>\n<p>M\u00e9xico Quiere Desarrollar Sus Propios Coches El\u00e9ctricos Peque\u00f1os, Bajo El Nombre Provisional de \u00abOlinia\u00bb, y Lanzarlos al Mercado, un partir de 2030. El Primer Prototipo se Pinstar\u00e1 en 2026, Congelo de la Copa Mundial de F\u00fatbol en M\u00e9xico. SE Desarrollar\u00e1n Tres modelos de veh\u00edculos Diferentes: un Peque\u00f1o Monoplaza, Un Modelo Ligeramete M\u00c1S Grande para Varias Personas y UNA Peque\u00f1a Furgoneta.<\/p>\n<p>SE Espera que los Veh\u00edculos Cuesten Entre 90.000 y 150,000 pesos (entre 4.230 y 7.200 euros, Apoximadamento). \u00abEste Peque\u00f1o Coche El\u00e9ctrico Debe Ser SEGURO, Poder Enchufarse A Cualquier Toma de Corriente y Estar Compuesto Principalmento por Componentes Mexicanos\u00bb, Dijo la Presidente mexicana Claudia Sheinbaum. Los veh\u00edculos se desarrollar\u00e1n y Fabricar\u00e1n \u00cdntegramento en M\u00e9xico. \u00bfPuede Lograrlo M\u00e9xico?<\/p>\n<p>\u00abSi conf\u00edo en alg\u00fan Pa\u00eds, es en M\u00e9xico, Porque Tienen A\u00f1os de Experimentia en la Industria Automotriz\u00bb, Dice Paul R\u00f6ssling, Ingeniero Ambiental de DB Eco, Empresa Consultora Alemana para Tema de Movilidad e Infraestructura.<\/p>\n<p>\u00abEmpresas como vw y bmw tienen plantas en m\u00e9xico desde hace bastante tiempo, Pero los chinos y los japoneses tambi\u00e9n est\u00e1n a Punto de empezar a producir coches todos. Ya Han Acumulado un Cantidad Relativamento Grande de CONOCIMIENTOS TECNICOS ES\u00c9NTOS AHOS, TOMOS, CANTIS Universidadas T\u00e9cnicas en Monterrey y Ciudad de M\u00e9xico.<\/p>\n<h2>Microcoches El\u00e9ctricos<\/h2>\n<p>Aparente, no ser\u00e1 comparable una convencional de un coche, pero se supone que ser\u00e1 un veh\u00edculo m\u00e1s seguro en comparaci\u00f3n con motocicletas. \u00abNo se pude havlar de seguridad de un coche as\u00ed, ni siSciera tienen airbags, Pero la tecnolog\u00eda es suficiente para CLASIFARLO COMO VEH\u00cdCULO EL\u00cdCRICO. Y UNO COCHE AS\u00cd ES ES ESIDAD RELATIMIMO LIGERO, porque no es necesario. Alemanes.<\/p>\n<p>Tambi\u00e9n es factible que se disponga de la infraestructura para la movilidad el\u00e9ctrica y los coches el\u00e9ctricos en M\u00e9xico: \u00abCiudad de M\u00e9xico Tiene M\u00c1s Estiones de Carga Que M\u00fanich, Pero, Pero, por Supuesto, Es 20 Veces M\u00c1S GRANDE\u00bb, Affirmo yRe, Director, Director, Director, Director, Director, Director, Director General. Adjunto de la C\u00e1mae mexicana de Comercio Exterior.<\/p>\n<p>\u00abEl problema principal en M\u00e9xico es la Bater\u00eda. Hasta Ahora, Aqu\u00ed no se ha fabricado Bater\u00edas. Ensambladas, S\u00ed. Se Juntan piezas que en su mayorya Provienen de Asia. Pero, en teor\u00eda, es Bastante posible, M\u00e9xico es el Cuarto Fabricante Autom\u00f3viles M\u00e1s IMPORTANTE DEL MUNDO.<\/p>\n<p>LA Presidente de M\u00e9xico Ha Creado un Nuevo Ministerio de Investigaci\u00f3n y Desarrollo, Donde Tambi\u00e9n se Ubica el Proyecto Olinia. El Presupesto es Bajo, El equivalente a un Mill\u00f3n de Euros. \u00abESTO TAMPOCO ES EL MUNDO, PERO PAGA DURANTE UNA A\u00f1o A Los Cient\u00edficos, Que Ahora Est\u00e1n Trabajando en El Plan de Negocio y en d\u00f3nde conseuirir las materias primas. Necesarias para construir una bater\u00eda \u00ab, subraya andreas M\u00fcller.<\/p>\n<p><span data-slot-id=\"Article_InContent-1\" class=\"rich-text-ad\"\/><\/p>\n<h2>Suficiente Experiencia<\/h2>\n<p>En M\u00e9xico, Hay Cuatro Empresas Autosticas Almasas que Fabrican Autom\u00f3viles (Volkswagen, BMW, Audi y Mercedes) y Tambi\u00e9ne Una Serie de Provisedores como Continental y Zf Friedrichshafen (Cada Uno Con 22 Plantas) O Bosch (Con 12).<\/p>\n<p>\u00abAhora, Ser\u00e1 Tarea de Los Ingenieros Cear el Dise\u00f1o El A\u00f1o Que Viena, Detetinar Los Materiales y Mantenerlo lo m\u00e1s Rentable Posible\u00bb, Dice Andreas M\u00fcller. \u00abEl Trasfondo Tambi\u00e9n es Did\u00e1cico, como Subraya Repetidamme Claudia Sheinbaum. Es Profesora y Quuere Que Los J\u00f3venes Aprendan de esteyecto. Si al Funci\u00f3n de Realmentaci\u00f3n Final, no lo sabemos. Puede que no se tan marino.<\/p>\n<p>Markus Emmert es Consultor y Miembro de la Junta Directiva de la Asoci\u00f3n Federal Alemana para la Movilidad El\u00e9ctrica (BEM). Est\u00e1 Entusiasmado Con la Idea de que M\u00e9xico Quiera Producir PRONTO COCHES ELECTRICOS EN SU PROPIO PA\u00cd Y CON SUS PROPIOS RECRUSOS Las Zonas Urbanas Debido A Su Tama\u00f1o, Eficiencia Energ\u00e9tica Y, Por Supuesto, En T\u00e9rminos de precio \u00ab.<\/p>\n<p>ESTOS TIPOS DE VEH\u00cdCULOS TAMBI\u00c9N EST\u00c1N Disponibles en Europa. SE CLASIFAN COMO VEH\u00cdCULOS LIGEROS, Que Son M\u00e1s Grandes que las Bicicletas y M\u00e1s Peque\u00f1os que los Coches. Vienen en Diferentes Versiones, Con Dos, Tres o Cuatro Ruedas. \u00abEn Europa, Estos Entran en la categor\u00eda l7e. As\u00ed que no nOS hijo desconocidos e incluso Son M\u00e1s adecuados para este tipo de pa\u00edses. Hijo funcionales y sensatos, y no tienen, por supuesto, loss los requisitos energ\u00e9tos de un coche o un adotererreno , por lo que se Pueden Cargar en Un Enchufe Normal.<\/p>\n<p>Por desgracia, el problema en M\u00e9xico es que, un Pesar de Toda la Buena Voluntead, Los Coches no es hijo Ecol\u00f3gicamento Sostenibles. Un Primerra Vista, Evitan la Niebla T\u00f3xica y Los Gases de Escape en el Centro de la Ciudad, Pero la Generaci\u00f3n de Energ\u00eda en la Zona es cuestionable Desde El Punto de Vista Medioambiental: \u00abEros Son Los Restos de la Empresa Petrolera Pemex. Se Quema Petr\u00f3leo Pesado, Que es Mucho Peor que Cualquier Otra Cosa. Coche Funcione y Tenemos Grandes esperas de que para entonces se hayan desarrollado conceptores que garanten el uso de energ\u00edas renovables \u00ab.<\/p>\n<p>(GG\/RML)<\/p>\n<\/div>\n\n","protected":false},"excerpt":{"rendered":"<p>M\u00e9xico Quiere Desarrollar Sus Propios Coches El\u00e9ctricos Peque\u00f1os, Bajo El Nombre Provisional de \u00abOlinia\u00bb, y Lanzarlos al Mercado, un partir de 2030. El Primer Prototipo se Pinstar\u00e1 en 2026, Congelo de la Copa Mundial de F\u00fatbol en M\u00e9xico. SE Desarrollar\u00e1n Tres modelos de veh\u00edculos Diferentes: un Peque\u00f1o Monoplaza, Un Modelo Ligeramete M\u00c1S Grande para Varias &hellip;<\/p>\n","protected":false},"author":1,"featured_media":12158,"comment_status":"open","ping_status":"open","sticky":false,"template":"","format":"standard","meta":{"fifu_image_url":"https:\/\/static.dw.com\/image\/71411692_6.jpg","fifu_image_alt":"","footnotes":""},"categories":[13],"tags":[],"class_list":["post-12157","post","type-post","status-publish","format-standard","has-post-thumbnail","","category-mundo"],"_links":{"self":[{"href":"https:\/\/noticiasveraces.com\/index.php?rest_route=\/wp\/v2\/posts\/12157","targetHints":{"allow":["GET"]}}],"collection":[{"href":"https:\/\/noticiasveraces.com\/index.php?rest_route=\/wp\/v2\/posts"}],"about":[{"href":"https:\/\/noticiasveraces.com\/index.php?rest_route=\/wp\/v2\/types\/post"}],"author":[{"embeddable":true,"href":"https:\/\/noticiasveraces.com\/index.php?rest_route=\/wp\/v2\/users\/1"}],"replies":[{"embeddable":true,"href":"https:\/\/noticiasveraces.com\/index.php?rest_route=%2Fwp%2Fv2%2Fcomments&post=12157"}],"version-history":[{"count":0,"href":"https:\/\/noticiasveraces.com\/index.php?rest_route=\/wp\/v2\/posts\/12157\/revisions"}],"wp:featuredmedia":[{"embeddable":true,"href":"https:\/\/noticiasveraces.com\/index.php?rest_route=\/wp\/v2\/media\/12158"}],"wp:attachment":[{"href":"https:\/\/noticiasveraces.com\/index.php?rest_route=%2Fwp%2Fv2%2Fmedia&parent=12157"}],"wp:term":[{"taxonomy":"category","embeddable":true,"href":"https:\/\/noticiasveraces.com\/index.php?rest_route=%2Fwp%2Fv2%2Fcategories&post=12157"},{"taxonomy":"post_tag","embeddable":true,"href":"https:\/\/noticiasveraces.com\/index.php?rest_route=%2Fwp%2Fv2%2Ftags&post=12157"}],"curies":[{"name":"wp","href":"https:\/\/api.w.org\/{rel}","templated":true}]}}