{"id":12127,"date":"2025-01-27T08:06:35","date_gmt":"2025-01-27T12:06:35","guid":{"rendered":"https:\/\/noticiasveraces.com\/?p=12127"},"modified":"2025-01-27T08:06:35","modified_gmt":"2025-01-27T12:06:35","slug":"mundo-conmemora-80-aniversario-de-la-liberacion-de-auschwitz-dw-27-01-2025","status":"publish","type":"post","link":"https:\/\/noticiasveraces.com\/?p=12127","title":{"rendered":"Mundo Conmemora 80 Aniversario de la Liberaci\u00f3n de Auschwitz &#8211; DW &#8211; 27\/01\/2025"},"content":{"rendered":"<p> \n<\/p>\n<div>\n<p>El Mundo Conmemora Este Lunes (27.01.2025) El 80 Aniversario de la Liberaci\u00f3n de Auschwitz, Con la Asistencia de Algunos de Los Pocos Sobrevivientes Que Quedan A Ceremonias en El Lugar del Tristento C\u00e9lebre Campo de Concentraci\u00f3 Nazi.<\/p>\n<p>Auschwitz fue el alcalde de los campos de exterminio y se ha convvertido en un silbolo del genocidio de la alemania nazi contra seis miles de Jud\u00edos europeos, unill\u00f3n de los cuals Murieron en el Lugar Entre 1940 y 1945, Junto con m\u00e1s de 100.000 no Jud\u00edos .<\/p>\n<figure class=\"placeholder-image master_landscape big\"><img data-format=\"MASTER_LANDSCAPE\" data-id=\"71420355\" data-url=\"https:\/\/static.dw.com\/image\/71420355_${formatId}.jpg\" data-aspect-ratio=\"16\/9\" alt=\"El Presidente de Polonia, Andrzej Duda, Rinde Homenaje en El 80 Aniversario de la Liberaci\u00f3n del Campo de Concentranaci\u00f3n y Exterminio Nazi de Auschwitz-Birkenau, EN Oswiecim, Polonia (27.01.2025)\" style=\"padding-bottom: 56.25%; height: 0; max-height: 0;\"\/><figcaption class=\"img-caption\">El Presidente de Polonia, Andrzej Duda, Rinde Homenaje en El 80 Aniversario de la Liberaci\u00f3n del Campo de Concentranaci\u00f3n y Exterminio Nazi de Auschwitz-Birkenau, EN Oswiecim, Polonia (27.01.2025)<small class=\"copyright\">Imagen: Aleksandra Szmigiel\/Reuters<\/small><\/figcaption><\/figure>\n<p>Este Lunes, El Presidente Polaco Andrzej Duda Deposit\u00f3 Flores en El Lugar Junto a Los Sobrevivientes, Algunos de Ellos con Pa\u00f1uelos Con Las Rayas Azules y Blancas de Sus uniformes del Campo de Exterminio.<\/p>\n<p>SE Espera que Unos 50 Supervivientes Acudan A la Conmemoraci\u00f3n Director Fuera de Las Puertas de Auschwitz II-Birkenau Junto a Docenas de L\u00edderes, Entre Ellos el Rey Carlos III de Reino Unido y El Presidente Franc\u00e9s Emmanuel Macron.<\/p>\n<blockquote class=\"tweet embed\" data-id=\"1883814192966414702\"\/>\n<p>El Canciller Alem\u00e1n Olaf Scholz expres\u00f3 Este Lunes Su Solidaridad Con Las V\u00edctimas. \u00abHijos, Madres, Padres, Amigos, Vecinos, Abuelos: M\u00e1s de Un Mill\u00f3n de Individuos Con Sue\u00f1os y Esperanzas Fueron Asesinados en Auschwitz Por Alememos\u00bb, \u00cdcribi\u00f3 en la Red Social X.<\/p>\n<p>\u00abLamentamos Sus Muertes y Expresamos Nuestro M\u00e1s Sentido P\u00e9same. Nunca los Olvidaremos. Ni Hoy Ni Ma\u00f1ana\u00bb, Agreg\u00f3 El Jefe del Gobierno Alem\u00e1n.<\/p>\n<p>Por su parte, Macron Visit\u00f3 Este Lunes el Memorial del Holocausto en par\u00eds y Pidi\u00f3de no se ovide a Las V\u00edctimas, \u00abNo Olvidemos nunca a los miles de v\u00edctimas del Holocoausto. Luchemos incansable Conta El Antisemitismo y El Odio en Nombre de aDos aDOS aDOS ADOS DEDOS ADOS DEDOS TARDOS ADOS DE LOS QUE LOS Mureron.<\/p>\n<blockquote class=\"tweet embed\" data-id=\"1883793532353409485\"\/>\n<p>RR (AFP\/EFE\/AP)<\/p>\n<\/div>\n\n","protected":false},"excerpt":{"rendered":"<p>El Mundo Conmemora Este Lunes (27.01.2025) El 80 Aniversario de la Liberaci\u00f3n de Auschwitz, Con la Asistencia de Algunos de Los Pocos Sobrevivientes Que Quedan A Ceremonias en El Lugar del Tristento C\u00e9lebre Campo de Concentraci\u00f3 Nazi. Auschwitz fue el alcalde de los campos de exterminio y se ha convvertido en un silbolo del genocidio &hellip;<\/p>\n","protected":false},"author":1,"featured_media":12128,"comment_status":"open","ping_status":"open","sticky":false,"template":"","format":"standard","meta":{"fifu_image_url":"https:\/\/static.dw.com\/image\/71420335_6.jpg","fifu_image_alt":"","footnotes":""},"categories":[13],"tags":[],"class_list":["post-12127","post","type-post","status-publish","format-standard","has-post-thumbnail","","category-mundo"],"_links":{"self":[{"href":"https:\/\/noticiasveraces.com\/index.php?rest_route=\/wp\/v2\/posts\/12127","targetHints":{"allow":["GET"]}}],"collection":[{"href":"https:\/\/noticiasveraces.com\/index.php?rest_route=\/wp\/v2\/posts"}],"about":[{"href":"https:\/\/noticiasveraces.com\/index.php?rest_route=\/wp\/v2\/types\/post"}],"author":[{"embeddable":true,"href":"https:\/\/noticiasveraces.com\/index.php?rest_route=\/wp\/v2\/users\/1"}],"replies":[{"embeddable":true,"href":"https:\/\/noticiasveraces.com\/index.php?rest_route=%2Fwp%2Fv2%2Fcomments&post=12127"}],"version-history":[{"count":0,"href":"https:\/\/noticiasveraces.com\/index.php?rest_route=\/wp\/v2\/posts\/12127\/revisions"}],"wp:featuredmedia":[{"embeddable":true,"href":"https:\/\/noticiasveraces.com\/index.php?rest_route=\/wp\/v2\/media\/12128"}],"wp:attachment":[{"href":"https:\/\/noticiasveraces.com\/index.php?rest_route=%2Fwp%2Fv2%2Fmedia&parent=12127"}],"wp:term":[{"taxonomy":"category","embeddable":true,"href":"https:\/\/noticiasveraces.com\/index.php?rest_route=%2Fwp%2Fv2%2Fcategories&post=12127"},{"taxonomy":"post_tag","embeddable":true,"href":"https:\/\/noticiasveraces.com\/index.php?rest_route=%2Fwp%2Fv2%2Ftags&post=12127"}],"curies":[{"name":"wp","href":"https:\/\/api.w.org\/{rel}","templated":true}]}}