{"id":12096,"date":"2025-01-27T00:50:13","date_gmt":"2025-01-27T04:50:13","guid":{"rendered":"https:\/\/noticiasveraces.com\/?p=12096"},"modified":"2025-01-27T00:50:13","modified_gmt":"2025-01-27T04:50:13","slug":"colombia-da-por-superado-el-impasse-con-ee-uu-dw-27-01-2025","status":"publish","type":"post","link":"https:\/\/noticiasveraces.com\/?p=12096","title":{"rendered":"Colombia da por \u00abSuperado El Impasse\u00bb Con Ee.UU. &#8211; DW &#8211; 27\/01\/2025"},"content":{"rendered":"<p> \n<\/p>\n<div>\n<p>La Casa Blanca Dijo Este Domingo (26.01.2025) Que Colombia Dio Marcha Atr\u00e1s y Acord\u00f3 Aceptar A Sus Ciudadanos Deportados en Vuelos Militares, Desput\u00e9s de Que El El Presidente Donald Trump Amenaz\u00f3 Confisoras Sanciones.<\/p>\n<p>LA Administraci\u00f3n SUSPENDIA DE LA ARANCILES Planificados y la Mayor\u00eda de Las Sanciones, Seg\u00fan un Comunicado de la Casa Blanca. <\/p>\n<p>Minutos despues, El Canciller de Colombia, Luis Gilberto Murillo, Confirm\u00f3 que su pa\u00eds da por \u00abSuperado el impasse\u00bb con estados unidos y que acepta los t\u00e9rminos de la pol\u00edtica de repatriaci\u00f3n de trump.<\/p>\n<blockquote class=\"tweet embed\" data-id=\"1883718172102078975\"\/>\n<p>\u00abSe indique el recibieto a Los Colombianos que las Colombianas que retornen en Condici\u00f3n de Deportados\u00bb, Asegur\u00f3 el Diplom\u00e1tico en una Rueda de Prensa. <\/p>\n<p>La Casa Blanca Dijo en un comunicado que Colombia, la alcalde de la cuarta econom\u00eda de am\u00e9rica latina, acord\u00f3 \u00abrestriccionas de ses de la cepta a las todos los extranjeros ilegales de colombia que retrocedan de Estados Unidos, incluido las cosas de los se\u00f1oritares de los pecados, las limases de las limitaciones.<\/p>\n<h2>Petro Molest\u00f3 un Trump<\/h2>\n<p>\u00abLos Eventos de Hoy dejan en Claro al Mundo que Estados Unidos es respetado Nuevo\u00bb, Agreg\u00f3 el Comunicado. <\/p>\n<blockquote class=\"tweet embed\" data-id=\"1883716584843391025\"\/>\n<p>A\u00f1adi\u00f3 Que \u00abEl Presidente Trump Seguir\u00e1 protegido Ferozmento la Soberan\u00eda\u00bb de Estados Unidos y Que Espera Que Todas Las Naciones \u00abCooperen Plenamete para Aceptar La Deportaci\u00f3n de Sus CiADANOS QUE se Encuentran ilegalmenta\u00bb ENELS.<\/p>\n<p>El Presidente Colombiano Gustavo Petro, Primer Izquierdista en el Poder en El Pa\u00eds Suramericano, Hab\u00eda Enfurecido A Trump al negativo A Aviones Aviones Militares Con Colombianos Deportados de Estados Unidos. <\/p>\n<p>Petro dijo que su pa\u00eds Recibir\u00eda de Remeso a Los Migrantes, pero \u00abCon Dignidad\u00bb, inclusi\u00f3n en aviones civiles.<\/p>\n<p>Mg (AFP, Efe)<\/p>\n<div class=\"vjs-wrapper embed big\">\n<h2 aria-label=\"Video integrado \u2014 \u00bfQu\u00e9 le espera a Latinoam\u00e9rica del segundo mandato de Trump?\" class=\"headline\"><svg xmlns=\"http:\/\/www.w3.org\/2000\/svg\" viewbox=\"0 0 20 20\"><g fill-rule=\"evenodd\"><path d=\"M14.114 7.599H13.5l.002 4.706h.601l4.582 3.25-.005-11.11zM11.084 4.444l-9.007.002-1.336.797.002 9.514 1.334.793 9.007.006 1.509-.799-.004-9.516z\"\/><\/g><\/svg>\u00bfQu\u00e9 lepera un latinoam\u00e9rica del Segundo Mandato de Trump?<\/h2>\n<p><video id=\"video-71401084\" controls=\"\" playsinline=\"\" preload=\"none\" poster=\"data:image\/png;base64,iVBORw0KGgoAAAANSUhEUgAAAAEAAAABCAQAAAC1HAwCAAAAC0lEQVR42mNkYAAAAAYAAjCB0C8AAAAASUVORK5CYII=\" data-id=\"71401084\" data-posterurl=\"https:\/\/tvdownloaddw-a.akamaihd.net\/stills\/images\/ivs\/ivs20250126_LaEntrevista_image_512x288_3.jpg\" data-duration=\"14:55\"><source src=\"https:\/\/hlsvod.dw.com\/i\/dwtv_video\/flv\/ivs\/ivs20250126_LaEntrevista_,AVC_480x270,AVC_512x288,AVC_640x360,AVC_960x540,AVC_1280x720,AVC_1920x1080,.mp4.csmil\/master.m3u8\" type=\"application\/x-mpegURL\"><source src=\"https:\/\/tvdownloaddw-a.akamaihd.net\/dwtv_video\/flv\/ivs\/ivs20250126_LaEntrevista_AVC_1920x1080.mp4\" type=\"video\/mp4\"><p class=\"vjs-no-js\">Para ver este video, habilite JavaScript y considere actualizar a un navegador web que admite el video HTML5<\/p>\n<p><\/source><\/source><\/video><\/div>\n<\/div>\n\n","protected":false},"excerpt":{"rendered":"<p>La Casa Blanca Dijo Este Domingo (26.01.2025) Que Colombia Dio Marcha Atr\u00e1s y Acord\u00f3 Aceptar A Sus Ciudadanos Deportados en Vuelos Militares, Desput\u00e9s de Que El El Presidente Donald Trump Amenaz\u00f3 Confisoras Sanciones. LA Administraci\u00f3n SUSPENDIA DE LA ARANCILES Planificados y la Mayor\u00eda de Las Sanciones, Seg\u00fan un Comunicado de la Casa Blanca. Minutos despues, &hellip;<\/p>\n","protected":false},"author":1,"featured_media":12097,"comment_status":"open","ping_status":"open","sticky":false,"template":"","format":"standard","meta":{"fifu_image_url":"https:\/\/static.dw.com\/image\/71406819_6.jpg","fifu_image_alt":"","footnotes":""},"categories":[13],"tags":[],"class_list":["post-12096","post","type-post","status-publish","format-standard","has-post-thumbnail","","category-mundo"],"_links":{"self":[{"href":"https:\/\/noticiasveraces.com\/index.php?rest_route=\/wp\/v2\/posts\/12096","targetHints":{"allow":["GET"]}}],"collection":[{"href":"https:\/\/noticiasveraces.com\/index.php?rest_route=\/wp\/v2\/posts"}],"about":[{"href":"https:\/\/noticiasveraces.com\/index.php?rest_route=\/wp\/v2\/types\/post"}],"author":[{"embeddable":true,"href":"https:\/\/noticiasveraces.com\/index.php?rest_route=\/wp\/v2\/users\/1"}],"replies":[{"embeddable":true,"href":"https:\/\/noticiasveraces.com\/index.php?rest_route=%2Fwp%2Fv2%2Fcomments&post=12096"}],"version-history":[{"count":0,"href":"https:\/\/noticiasveraces.com\/index.php?rest_route=\/wp\/v2\/posts\/12096\/revisions"}],"wp:featuredmedia":[{"embeddable":true,"href":"https:\/\/noticiasveraces.com\/index.php?rest_route=\/wp\/v2\/media\/12097"}],"wp:attachment":[{"href":"https:\/\/noticiasveraces.com\/index.php?rest_route=%2Fwp%2Fv2%2Fmedia&parent=12096"}],"wp:term":[{"taxonomy":"category","embeddable":true,"href":"https:\/\/noticiasveraces.com\/index.php?rest_route=%2Fwp%2Fv2%2Fcategories&post=12096"},{"taxonomy":"post_tag","embeddable":true,"href":"https:\/\/noticiasveraces.com\/index.php?rest_route=%2Fwp%2Fv2%2Ftags&post=12096"}],"curies":[{"name":"wp","href":"https:\/\/api.w.org\/{rel}","templated":true}]}}