{"id":12083,"date":"2025-01-26T23:37:50","date_gmt":"2025-01-27T03:37:50","guid":{"rendered":"https:\/\/noticiasveraces.com\/?p=12083"},"modified":"2025-01-26T23:37:50","modified_gmt":"2025-01-27T03:37:50","slug":"te-sientes-muy-cansado-este-virus-podria-ser-el-culpable-sugiere-un-estudio","status":"publish","type":"post","link":"https:\/\/noticiasveraces.com\/?p=12083","title":{"rendered":"\u00bfTe sientes muy cansado? Este virus podr\u00eda ser el culpable, sugiere un estudio"},"content":{"rendered":"<p> \n<\/p>\n<div>\n<div class=\"article-gating gated-overlay\">\n<div class=\"article-gating-wrapper\">\n<p>\u00danase a Fox News para acceder a este contenido<\/p>\n<p>Adem\u00e1s, acceso especial a art\u00edculos seleccionados y otro contenido premium con su cuenta, sin cargo.<\/p>\n<div class=\"article-gating-legal tablet-desktop\">Al ingresar su correo electr\u00f3nico y presionar Continuar, acepta los T\u00e9rminos de uso y la Pol\u00edtica de privacidad de Fox News, que incluye nuestro Aviso de incentivo financiero.\n    <\/div>\n<p><span>Por favor, introduce una direcci\u00f3n de correo electr\u00f3nico v\u00e1lida.<\/span><\/p>\n<footer class=\"article-gating-footer\">\u00bfTienes problemas? Haga clic aqu\u00ed.<\/footer>\n<\/div>\n<\/div>\n<p class=\"speakable\">Las personas que han tenido COVID-19 tienen m\u00e1s probabilidades de desarrollar el s\u00edndrome de fatiga cr\u00f3nica, oficialmente conocido como encefalomielitis mi\u00e1lgica\/s\u00edndrome de fatiga cr\u00f3nica (EM\/SFC).<\/p>\n<p class=\"speakable\">Esto es seg\u00fan un estudio publicado en el Journal of General Internal Medicine a principios de este mes, que encontr\u00f3 que el 4,5% de las personas infectadas con SARS-CoV-2, el virus que causa el COVID, desarrollaron fatiga cr\u00f3nica.<\/p>\n<p>En comparaci\u00f3n, s\u00f3lo el 0,6% de los participantes del estudio que no ten\u00edan COVID desarrollaron la segunda afecci\u00f3n.<\/p>\n<p><strong><u>\u00bfSIEMPRE TE SIENTES CANSADO? LOS EXPERTOS COMPARTEN 4 CAUSAS COMUNES DE FATIGA DURANTE EL D\u00cdA<\/u><\/strong><\/p>\n<p>Los investigadores determinaron que los casos de EM\/SFC eran 15 veces m\u00e1s altos que los niveles prepand\u00e9micos.<\/p>\n<div class=\"image-ct inline\">\n<div class=\"m\"><picture><source media=\"(max-width: 767px)\" srcset=\"https:\/\/a57.foxnews.com\/static.foxnews.com\/foxnews.com\/content\/uploads\/2025\/01\/343\/192\/man-tired-at-work.jpg?ve=1&amp;tl=1, https:\/\/a57.foxnews.com\/static.foxnews.com\/foxnews.com\/content\/uploads\/2025\/01\/686\/384\/man-tired-at-work.jpg?ve=1&amp;tl=1 2x\" height=\"192\" width=\"343\"><source media=\"(min-width: 768px) and (max-width: 1023px)\" srcset=\"https:\/\/a57.foxnews.com\/static.foxnews.com\/foxnews.com\/content\/uploads\/2025\/01\/672\/378\/man-tired-at-work.jpg?ve=1&amp;tl=1, https:\/\/a57.foxnews.com\/static.foxnews.com\/foxnews.com\/content\/uploads\/2025\/01\/1344\/756\/man-tired-at-work.jpg?ve=1&amp;tl=1 2x\" height=\"378\" width=\"672\"><source media=\"(min-width: 1024px) and (max-width: 1279px)\" srcset=\"https:\/\/a57.foxnews.com\/static.foxnews.com\/foxnews.com\/content\/uploads\/2025\/01\/931\/523\/man-tired-at-work.jpg?ve=1&amp;tl=1, https:\/\/a57.foxnews.com\/static.foxnews.com\/foxnews.com\/content\/uploads\/2025\/01\/1862\/1046\/man-tired-at-work.jpg?ve=1&amp;tl=1 2x\" height=\"523\" width=\"931\"><source media=\"(min-width: 1280px)\" srcset=\"https:\/\/a57.foxnews.com\/static.foxnews.com\/foxnews.com\/content\/uploads\/2025\/01\/720\/405\/man-tired-at-work.jpg?ve=1&amp;tl=1, https:\/\/a57.foxnews.com\/static.foxnews.com\/foxnews.com\/content\/uploads\/2025\/01\/1440\/810\/man-tired-at-work.jpg?ve=1&amp;tl=1 2x\" height=\"405\" width=\"720\"><img loading=\"lazy\" decoding=\"async\" src=\"https:\/\/a57.foxnews.com\/static.foxnews.com\/foxnews.com\/content\/uploads\/2025\/01\/1200\/675\/man-tired-at-work.jpg?ve=1&amp;tl=1\" alt=\"Hombre cansado en el trabajo\" width=\"1200\" height=\"675\"\/><\/source><\/source><\/source><\/source><\/picture><\/div>\n<div class=\"info\">\n<div class=\"caption\">\n<p><span>Las personas que han tenido COVID-19 tienen m\u00e1s probabilidades de desarrollar el s\u00edndrome de fatiga cr\u00f3nica, oficialmente conocido como encefalomielitis mi\u00e1lgica\/s\u00edndrome de fatiga cr\u00f3nica (EM\/SFC).<\/span> <span>(iStock)<\/span><\/p>\n<\/div>\n<\/div>\n<\/div>\n<p>\u00abComo investigadora dedicada a comprender c\u00f3mo las infecciones virales conducen a enfermedades cr\u00f3nicas, sospech\u00e9 desde el comienzo de la pandemia que el SARS-CoV2 podr\u00eda desencadenar EM\/SFC, por lo que estos resultados no son sorprendentes\u00bb, dijo la autora principal del estudio, Suzanne D. Vernon, PhD, del Centro Bateman Horne en Salt Lake City.<\/p>\n<p><strong><u>PLAN DE HORARIO DE VERANO Y DORMIR DE TRUMP: LO QUE DEBES SABER<\/u><\/strong><\/p>\n<p>El estudio fue parte del programa RECOVER (Investigaci\u00f3n de COVID para mejorar la recuperaci\u00f3n) del Instituto Nacional de Salud, cuyo objetivo es comprender, prevenir y tratar mejor el COVID prolongado, seg\u00fan un comunicado de prensa de los NIH.<\/p>\n<p>El estudio incluy\u00f3 a 11.785 participantes. Al menos seis meses despu\u00e9s de infectarse con COVID, los investigadores evaluaron si hab\u00edan desarrollado fatiga cr\u00f3nica. Luego compararon esos resultados con 1.439 personas que no ten\u00edan COVID.<\/p>\n<div class=\"image-ct inline\">\n<div class=\"m\"><picture><source media=\"(max-width: 767px)\" srcset=\"https:\/\/a57.foxnews.com\/static.foxnews.com\/foxnews.com\/content\/uploads\/2022\/01\/343\/192\/fatigue-covid.jpg?ve=1&amp;tl=1, https:\/\/a57.foxnews.com\/static.foxnews.com\/foxnews.com\/content\/uploads\/2022\/01\/686\/384\/fatigue-covid.jpg?ve=1&amp;tl=1 2x\" height=\"192\" width=\"343\"><source media=\"(min-width: 768px) and (max-width: 1023px)\" srcset=\"https:\/\/a57.foxnews.com\/static.foxnews.com\/foxnews.com\/content\/uploads\/2022\/01\/672\/378\/fatigue-covid.jpg?ve=1&amp;tl=1, https:\/\/a57.foxnews.com\/static.foxnews.com\/foxnews.com\/content\/uploads\/2022\/01\/1344\/756\/fatigue-covid.jpg?ve=1&amp;tl=1 2x\" height=\"378\" width=\"672\"><source media=\"(min-width: 1024px) and (max-width: 1279px)\" srcset=\"https:\/\/a57.foxnews.com\/static.foxnews.com\/foxnews.com\/content\/uploads\/2022\/01\/931\/523\/fatigue-covid.jpg?ve=1&amp;tl=1, https:\/\/a57.foxnews.com\/static.foxnews.com\/foxnews.com\/content\/uploads\/2022\/01\/1862\/1046\/fatigue-covid.jpg?ve=1&amp;tl=1 2x\" height=\"523\" width=\"931\"><source media=\"(min-width: 1280px)\" srcset=\"https:\/\/a57.foxnews.com\/static.foxnews.com\/foxnews.com\/content\/uploads\/2022\/01\/720\/405\/fatigue-covid.jpg?ve=1&amp;tl=1, https:\/\/a57.foxnews.com\/static.foxnews.com\/foxnews.com\/content\/uploads\/2022\/01\/1440\/810\/fatigue-covid.jpg?ve=1&amp;tl=1 2x\" height=\"405\" width=\"720\"><img loading=\"lazy\" decoding=\"async\" src=\"https:\/\/a57.foxnews.com\/static.foxnews.com\/foxnews.com\/content\/uploads\/2022\/01\/1200\/675\/fatigue-covid.jpg?ve=1&amp;tl=1\" alt=\"trabajo quemado\" width=\"1200\" height=\"675\"\/><\/source><\/source><\/source><\/source><\/picture><\/div>\n<div class=\"info\">\n<div class=\"caption\">\n<p><span>Los investigadores determinaron que los casos de EM\/SFC eran 15 veces m\u00e1s altos que los niveles prepand\u00e9micos.<\/span> <span>(iStock)<\/span><\/p>\n<\/div>\n<\/div>\n<\/div>\n<p>\u00abNo existen pruebas ni biomarcadores espec\u00edficos, por lo que la EM\/SFC se diagnostica cuando alguien tiene una constelaci\u00f3n de s\u00edntomas espec\u00edficos\u00bb, dijo Vernon a Fox News Digital. <\/p>\n<p>\u00abEste estudio hizo preguntas a los participantes para determinar qu\u00e9 s\u00edntomas estaban experimentando, lo que puede verse como una limitaci\u00f3n, pero es actualmente el enfoque utilizado para diagnosticar EM\/SFC\u00bb.<\/p>\n<blockquote class=\"pull-quote\">\n<p class=\"quote-text\">\u00abEs bien sabido que el s\u00edndrome de fatiga cr\u00f3nica puede ocurrir en el contexto de infecciones virales\u00bb.<\/p>\n<p> <!----><\/p><\/blockquote>\n<p>Al Dr. Kenneth J. Perry, m\u00e9dico de Carolina del Sur, no le sorprendi\u00f3 la incidencia de fatiga cr\u00f3nica despu\u00e9s de una infecci\u00f3n por SARS-CoV-2. <\/p>\n<p>\u00abEs bien sabido que el s\u00edndrome de fatiga cr\u00f3nica puede ocurrir en el contexto de infecciones virales\u00bb, dijo a Fox News Digital Perry, que no particip\u00f3 en la investigaci\u00f3n. <\/p>\n<p>\u00abDado que el SARS-CoV-2 era un virus nuevo en el momento de la pandemia, la incidencia y prevalencia de tales s\u00edndromes posteriores a la infecci\u00f3n era dif\u00edcil de predecir\u00bb.<\/p>\n<div class=\"image-ct inline\">\n<div class=\"m\"><picture><source media=\"(max-width: 767px)\" srcset=\"https:\/\/a57.foxnews.com\/static.foxnews.com\/foxnews.com\/content\/uploads\/2025\/01\/343\/192\/woman-tired.jpg?ve=1&amp;tl=1, https:\/\/a57.foxnews.com\/static.foxnews.com\/foxnews.com\/content\/uploads\/2025\/01\/686\/384\/woman-tired.jpg?ve=1&amp;tl=1 2x\" height=\"192\" width=\"343\"><source media=\"(min-width: 768px) and (max-width: 1023px)\" srcset=\"https:\/\/a57.foxnews.com\/static.foxnews.com\/foxnews.com\/content\/uploads\/2025\/01\/672\/378\/woman-tired.jpg?ve=1&amp;tl=1, https:\/\/a57.foxnews.com\/static.foxnews.com\/foxnews.com\/content\/uploads\/2025\/01\/1344\/756\/woman-tired.jpg?ve=1&amp;tl=1 2x\" height=\"378\" width=\"672\"><source media=\"(min-width: 1024px) and (max-width: 1279px)\" srcset=\"https:\/\/a57.foxnews.com\/static.foxnews.com\/foxnews.com\/content\/uploads\/2025\/01\/931\/523\/woman-tired.jpg?ve=1&amp;tl=1, https:\/\/a57.foxnews.com\/static.foxnews.com\/foxnews.com\/content\/uploads\/2025\/01\/1862\/1046\/woman-tired.jpg?ve=1&amp;tl=1 2x\" height=\"523\" width=\"931\"><source media=\"(min-width: 1280px)\" srcset=\"https:\/\/a57.foxnews.com\/static.foxnews.com\/foxnews.com\/content\/uploads\/2025\/01\/720\/405\/woman-tired.jpg?ve=1&amp;tl=1, https:\/\/a57.foxnews.com\/static.foxnews.com\/foxnews.com\/content\/uploads\/2025\/01\/1440\/810\/woman-tired.jpg?ve=1&amp;tl=1 2x\" height=\"405\" width=\"720\"><img loading=\"lazy\" decoding=\"async\" src=\"https:\/\/a57.foxnews.com\/static.foxnews.com\/foxnews.com\/content\/uploads\/2025\/01\/1200\/675\/woman-tired.jpg?ve=1&amp;tl=1\" alt=\"mujer cansada\" width=\"1200\" height=\"675\"\/><\/source><\/source><\/source><\/source><\/picture><\/div>\n<div class=\"info\">\n<div class=\"caption\">\n<p><span>\u00abEs bien sabido que el s\u00edndrome de fatiga cr\u00f3nica puede ocurrir en el contexto de infecciones virales\u00bb, dijo un m\u00e9dico a Fox News Digital.<\/span> <span>(iStock)<\/span><\/p>\n<\/div>\n<\/div>\n<\/div>\n<p>El estudio tiene algunas limitaciones al intentar comparar entre diferentes virus, se\u00f1al\u00f3 el m\u00e9dico.  <\/p>\n<p>\u00abSe pidi\u00f3 a los pacientes que informaran sus s\u00edntomas\u00bb, dijo. \u00abEsto dificulta la capacidad de comparar s\u00edntomas entre virus, ya que la atenci\u00f3n puesta en la COVID aumentar\u00e1 la posibilidad de sesgo de selecci\u00f3n\u00bb.<\/p>\n<p><strong><u>El sue\u00f1o profundo puede mantener a raya dos grandes problemas de salud, sugieren nuevos estudios<\/u><\/strong><\/p>\n<p>Seg\u00fan Perry, es dif\u00edcil determinar espec\u00edficamente c\u00f3mo se produce la fatiga cr\u00f3nica en el contexto de una infecci\u00f3n viral. <\/p>\n<p>\u00abHabr\u00eda que realizar m\u00e1s estudios para determinar la fisiopatolog\u00eda subyacente real de la enfermedad\u00bb, afirm\u00f3. \u00abDada esa falta de comprensi\u00f3n total, es dif\u00edcil determinar c\u00f3mo prevenir adecuadamente el s\u00edndrome\u00bb.<\/p>\n<h2><strong>Qu\u00e9 saber sobre la fatiga cr\u00f3nica<\/strong><\/h2>\n<p>EM\/SFC es una \u00abcondici\u00f3n compleja, grave y cr\u00f3nica que a menudo ocurre despu\u00e9s de una infecci\u00f3n\u00bb, escribi\u00f3 el NIH.<\/p>\n<p>La afecci\u00f3n se caracteriza por una \u00abfatiga de nueva aparici\u00f3n\u00bb que dura al menos seis meses y afecta la capacidad de la persona para realizar actividades ordinarias.<\/p>\n<blockquote class=\"pull-quote\">\n<p class=\"quote-text\">\u00abEl s\u00edndrome tiene componentes tanto f\u00edsicos como psicol\u00f3gicos\u00bb.<\/p>\n<p> <!----><\/p><\/blockquote>\n<p>Otro s\u00edntoma es el \u00abmalestar post-esfuerzo\u00bb, en el que la persona siente una fatiga extrema despu\u00e9s de una actividad f\u00edsica o mental, afirm\u00f3 el estudio.<\/p>\n<p>Las personas con EM\/SFC tambi\u00e9n pueden experimentar \u00absue\u00f1o no reparador\u00bb, as\u00ed como deterioro cognitivo o mareos al estar de pie.<\/p>\n<p><strong><u>HAGA CLIC AQU\u00cd PARA OBTENER LA APLICACI\u00d3N FOX NEWS<\/u><\/strong><strong>      <\/strong><\/p>\n<p>Muchos de estos s\u00edntomas tambi\u00e9n est\u00e1n asociados con la COVID prolongada, escribieron los investigadores.<\/p>\n<p>\u00abEl s\u00edndrome de fatiga cr\u00f3nica puede ser muy problem\u00e1tico para los pacientes\u00bb, dijo Perry a Fox News Digital. \u00abHay componentes tanto f\u00edsicos como psicol\u00f3gicos del s\u00edndrome\u00bb.<\/p>\n<div class=\"image-ct inline\">\n<div class=\"m\"><picture><source media=\"(max-width: 767px)\" srcset=\"https:\/\/a57.foxnews.com\/static.foxnews.com\/foxnews.com\/content\/uploads\/2024\/12\/343\/192\/istock-1168665342.jpg?ve=1&amp;tl=1, https:\/\/a57.foxnews.com\/static.foxnews.com\/foxnews.com\/content\/uploads\/2024\/12\/686\/384\/istock-1168665342.jpg?ve=1&amp;tl=1 2x\" height=\"192\" width=\"343\"><source media=\"(min-width: 768px) and (max-width: 1023px)\" srcset=\"https:\/\/a57.foxnews.com\/static.foxnews.com\/foxnews.com\/content\/uploads\/2024\/12\/672\/378\/istock-1168665342.jpg?ve=1&amp;tl=1, https:\/\/a57.foxnews.com\/static.foxnews.com\/foxnews.com\/content\/uploads\/2024\/12\/1344\/756\/istock-1168665342.jpg?ve=1&amp;tl=1 2x\" height=\"378\" width=\"672\"><source media=\"(min-width: 1024px) and (max-width: 1279px)\" srcset=\"https:\/\/a57.foxnews.com\/static.foxnews.com\/foxnews.com\/content\/uploads\/2024\/12\/931\/523\/istock-1168665342.jpg?ve=1&amp;tl=1, https:\/\/a57.foxnews.com\/static.foxnews.com\/foxnews.com\/content\/uploads\/2024\/12\/1862\/1046\/istock-1168665342.jpg?ve=1&amp;tl=1 2x\" height=\"523\" width=\"931\"><source media=\"(min-width: 1280px)\" srcset=\"https:\/\/a57.foxnews.com\/static.foxnews.com\/foxnews.com\/content\/uploads\/2024\/12\/720\/405\/istock-1168665342.jpg?ve=1&amp;tl=1, https:\/\/a57.foxnews.com\/static.foxnews.com\/foxnews.com\/content\/uploads\/2024\/12\/1440\/810\/istock-1168665342.jpg?ve=1&amp;tl=1 2x\" height=\"405\" width=\"720\"><img loading=\"lazy\" decoding=\"async\" src=\"https:\/\/a57.foxnews.com\/static.foxnews.com\/foxnews.com\/content\/uploads\/2024\/12\/1200\/675\/istock-1168665342.jpg?ve=1&amp;tl=1\" alt=\"doctor sentado con paciente\" width=\"1200\" height=\"675\"\/><\/source><\/source><\/source><\/source><\/picture><\/div>\n<div class=\"info\">\n<div class=\"caption\">\n<p><span>\u00abTener una relaci\u00f3n con un m\u00e9dico que conozca su nivel de actividad inicial garantizar\u00e1 una evaluaci\u00f3n e intervenci\u00f3n adecuadas si hay alg\u00fan cambio\u00bb, aconsej\u00f3 un m\u00e9dico.<\/span> <span>(iStock)<\/span><\/p>\n<\/div>\n<\/div>\n<\/div>\n<p>Perry reiter\u00f3 que los pacientes pueden experimentar fatiga directa y una disminuci\u00f3n de la capacidad para realizar actividades normales, y esto tambi\u00e9n puede provocar ansiedad y depresi\u00f3n debido a estos cambios. <\/p>\n<p>\u00abEs muy dif\u00edcil comprender adecuadamente la diferencia entre el s\u00edndrome de fatiga cr\u00f3nica y&#8230; los cambios de salud psiqui\u00e1tricos\/psicol\u00f3gicos subyacentes\u00bb, dijo. \u00abEsto hace que sea una enfermedad muy dif\u00edcil de explicar a los pacientes\u00bb.<\/p>\n<h2><strong>&#8216;Llamado urgente a la acci\u00f3n&#8217;<\/strong><\/h2>\n<p>Quienes experimenten s\u00edntomas de fatiga cr\u00f3nica deben comunicarse con su m\u00e9dico de atenci\u00f3n primaria, aconsej\u00f3 Perry. <\/p>\n<p>\u00abTener una relaci\u00f3n con un m\u00e9dico que conozca su nivel de actividad inicial garantizar\u00e1 una evaluaci\u00f3n e intervenci\u00f3n adecuadas si hay alg\u00fan cambio\u00bb, afirm\u00f3.<\/p>\n<p><strong><u>HAGA CLIC AQU\u00cd PARA SUSCRIBIRSE A NUESTRO BOLET\u00cdN DE SALUD<\/u><\/strong><\/p>\n<p>\u00abPor ejemplo, un triatleta que ni siquiera puede permanecer despierto durante toda la jornada laboral ser\u00eda absolutamente preocupante para un m\u00e9dico que conoce bien a ese paciente. Esta relaci\u00f3n tambi\u00e9n permitir\u00eda que los medicamentos y terapias adecuados se iniciaran en una etapa m\u00e1s temprana del proceso. \u00ab<\/p>\n<div class=\"image-ct inline\">\n<div class=\"m\"><picture><source media=\"(max-width: 767px)\" srcset=\"https:\/\/a57.foxnews.com\/static.foxnews.com\/foxnews.com\/content\/uploads\/2020\/06\/343\/192\/iStock-1214355688.jpg?ve=1&amp;tl=1, https:\/\/a57.foxnews.com\/static.foxnews.com\/foxnews.com\/content\/uploads\/2020\/06\/686\/384\/iStock-1214355688.jpg?ve=1&amp;tl=1 2x\" height=\"192\" width=\"343\"><source media=\"(min-width: 768px) and (max-width: 1023px)\" srcset=\"https:\/\/a57.foxnews.com\/static.foxnews.com\/foxnews.com\/content\/uploads\/2020\/06\/672\/378\/iStock-1214355688.jpg?ve=1&amp;tl=1, https:\/\/a57.foxnews.com\/static.foxnews.com\/foxnews.com\/content\/uploads\/2020\/06\/1344\/756\/iStock-1214355688.jpg?ve=1&amp;tl=1 2x\" height=\"378\" width=\"672\"><source media=\"(min-width: 1024px) and (max-width: 1279px)\" srcset=\"https:\/\/a57.foxnews.com\/static.foxnews.com\/foxnews.com\/content\/uploads\/2020\/06\/931\/523\/iStock-1214355688.jpg?ve=1&amp;tl=1, https:\/\/a57.foxnews.com\/static.foxnews.com\/foxnews.com\/content\/uploads\/2020\/06\/1862\/1046\/iStock-1214355688.jpg?ve=1&amp;tl=1 2x\" height=\"523\" width=\"931\"><source media=\"(min-width: 1280px)\" srcset=\"https:\/\/a57.foxnews.com\/static.foxnews.com\/foxnews.com\/content\/uploads\/2020\/06\/720\/405\/iStock-1214355688.jpg?ve=1&amp;tl=1, https:\/\/a57.foxnews.com\/static.foxnews.com\/foxnews.com\/content\/uploads\/2020\/06\/1440\/810\/iStock-1214355688.jpg?ve=1&amp;tl=1 2x\" height=\"405\" width=\"720\"><img loading=\"lazy\" decoding=\"async\" src=\"https:\/\/a57.foxnews.com\/static.foxnews.com\/foxnews.com\/content\/uploads\/2020\/06\/1200\/675\/iStock-1214355688.jpg?ve=1&amp;tl=1\" alt=\"prueba de COVID\" width=\"1200\" height=\"675\"\/><\/source><\/source><\/source><\/source><\/picture><\/div>\n<div class=\"info\">\n<div class=\"caption\">\n<p><span>\u00abEl dram\u00e1tico aumento de los casos de EM\/SFC despu\u00e9s de la COVID-19 significa que los proveedores encontrar\u00e1n esta afecci\u00f3n con mucha m\u00e1s frecuencia\u00bb, afirm\u00f3 el investigador.<\/span> <span>(iStock)<\/span><\/p>\n<\/div>\n<\/div>\n<\/div>\n<p>Esta investigaci\u00f3n subraya un \u00abllamado urgente a la acci\u00f3n\u00bb, dijo Vernon, \u00abespecialmente a los proveedores de atenci\u00f3n m\u00e9dica\u00bb.  <\/p>\n<p>\u00abEl dram\u00e1tico aumento en los casos de EM\/SFC despu\u00e9s de la COVID-19 significa que los proveedores encontrar\u00e1n esta afecci\u00f3n con mucha m\u00e1s frecuencia\u00bb, predijo. <\/p>\n<p><i><strong><u>Para m\u00e1s art\u00edculos de salud, visite <\/u><\/strong><\/i><i><strong><u>www.foxnews.com\/health<\/u><\/strong><\/i><\/p>\n<p>La investigadora pidi\u00f3 un reconocimiento temprano y un manejo adecuado de la EM\/SFC, lo que, seg\u00fan ella, puede \u00abcambiar la vida\u00bb de los pacientes.<\/p>\n<p>\u00abEsperamos que este estudio ayude a todos a comprender que la EM\/SFC es una afecci\u00f3n real y diagnosticable que exige atenci\u00f3n, especialmente tras una pandemia mundial\u00bb.<\/p>\n<\/div>\n\n","protected":false},"excerpt":{"rendered":"<p>\u00danase a Fox News para acceder a este contenido Adem\u00e1s, acceso especial a art\u00edculos seleccionados y otro contenido premium con su cuenta, sin cargo. Al ingresar su correo electr\u00f3nico y presionar Continuar, acepta los T\u00e9rminos de uso y la Pol\u00edtica de privacidad de Fox News, que incluye nuestro Aviso de incentivo financiero. Por favor, introduce &hellip;<\/p>\n","protected":false},"author":1,"featured_media":12085,"comment_status":"open","ping_status":"open","sticky":false,"template":"","format":"standard","meta":{"fifu_image_url":"https:\/\/a57.foxnews.com\/static.foxnews.com\/foxnews.com\/content\/uploads\/2025\/01\/1200\/675\/man-tired-at-work.jpg?ve=1&tl=1","fifu_image_alt":"","footnotes":""},"categories":[8],"tags":[],"class_list":["post-12083","post","type-post","status-publish","format-standard","has-post-thumbnail","","category-salud"],"_links":{"self":[{"href":"https:\/\/noticiasveraces.com\/index.php?rest_route=\/wp\/v2\/posts\/12083","targetHints":{"allow":["GET"]}}],"collection":[{"href":"https:\/\/noticiasveraces.com\/index.php?rest_route=\/wp\/v2\/posts"}],"about":[{"href":"https:\/\/noticiasveraces.com\/index.php?rest_route=\/wp\/v2\/types\/post"}],"author":[{"embeddable":true,"href":"https:\/\/noticiasveraces.com\/index.php?rest_route=\/wp\/v2\/users\/1"}],"replies":[{"embeddable":true,"href":"https:\/\/noticiasveraces.com\/index.php?rest_route=%2Fwp%2Fv2%2Fcomments&post=12083"}],"version-history":[{"count":0,"href":"https:\/\/noticiasveraces.com\/index.php?rest_route=\/wp\/v2\/posts\/12083\/revisions"}],"wp:featuredmedia":[{"embeddable":true,"href":"https:\/\/noticiasveraces.com\/index.php?rest_route=\/wp\/v2\/media\/12085"}],"wp:attachment":[{"href":"https:\/\/noticiasveraces.com\/index.php?rest_route=%2Fwp%2Fv2%2Fmedia&parent=12083"}],"wp:term":[{"taxonomy":"category","embeddable":true,"href":"https:\/\/noticiasveraces.com\/index.php?rest_route=%2Fwp%2Fv2%2Fcategories&post=12083"},{"taxonomy":"post_tag","embeddable":true,"href":"https:\/\/noticiasveraces.com\/index.php?rest_route=%2Fwp%2Fv2%2Ftags&post=12083"}],"curies":[{"name":"wp","href":"https:\/\/api.w.org\/{rel}","templated":true}]}}