{"id":12073,"date":"2025-01-26T21:43:36","date_gmt":"2025-01-27T01:43:36","guid":{"rendered":"https:\/\/noticiasveraces.com\/?p=12073"},"modified":"2025-01-26T21:43:36","modified_gmt":"2025-01-27T01:43:36","slug":"israel-y-hamas-llegan-a-un-acuerdo-para-liberar-a-los-rehenes-los-palestinos-regresaran-a-la-franja-de-gaza","status":"publish","type":"post","link":"https:\/\/noticiasveraces.com\/?p=12073","title":{"rendered":"Israel y Ham\u00e1s llegan a un acuerdo para liberar a los rehenes. Los palestinos regresar\u00e1n a la Franja de Gaza"},"content":{"rendered":"<p> \n<\/p>\n<div>\n<p class=\"speakable\">La oficina del primer ministro israel\u00ed, Benjam\u00edn Netanyahu, anunci\u00f3 el domingo que se lleg\u00f3 a un acuerdo con Ham\u00e1s para liberar a m\u00e1s rehenes a partir de este jueves, al tiempo que se permitir\u00e1 a los palestinos regresar a la parte norte de la Franja de Gaza a partir del lunes por la ma\u00f1ana.<\/p>\n<p class=\"speakable\">Qatar ayud\u00f3 a mediar en el acuerdo, que se espera alivie la primera gran crisis del fr\u00e1gil alto el fuego entre Ham\u00e1s e Israel.<\/p>\n<p>\u00abDespu\u00e9s de negociaciones firmes y decididas encabezadas por el primer ministro Netanyahu, Ham\u00e1s ha dado marcha atr\u00e1s y llevar\u00e1 a cabo una fase adicional de liberaci\u00f3n de rehenes el pr\u00f3ximo jueves\u00bb, dijo la oficina de Netanyahu. \u00abComo parte de esta fase, el ciudadano israel\u00ed Arbel Yehud, el soldado Agam Berger y un reh\u00e9n adicional ser\u00e1n liberados\u00bb.<\/p>\n<p>El comunicado tambi\u00e9n se\u00f1ala que tres rehenes m\u00e1s ser\u00e1n liberados el s\u00e1bado como parte del acuerdo.<\/p>\n<p><strong>EL JEFE MILITAR ISRAEL\u00cd DICHA POR LA MASACRE DE HAMAS DEL 7 DE OCTUBRE: &#8216;ME PESA CADA D\u00cdA&#8217;<\/strong><\/p>\n<div class=\"image-ct inline\">\n<div class=\"m\"><picture><source media=\"(max-width: 767px)\" srcset=\"https:\/\/a57.foxnews.com\/static.foxnews.com\/foxnews.com\/content\/uploads\/2024\/07\/343\/192\/netanyahu-speech-congress.jpg?ve=1&amp;tl=1, https:\/\/a57.foxnews.com\/static.foxnews.com\/foxnews.com\/content\/uploads\/2024\/07\/686\/384\/netanyahu-speech-congress.jpg?ve=1&amp;tl=1 2x\" height=\"192\" width=\"343\"><source media=\"(min-width: 768px) and (max-width: 1023px)\" srcset=\"https:\/\/a57.foxnews.com\/static.foxnews.com\/foxnews.com\/content\/uploads\/2024\/07\/672\/378\/netanyahu-speech-congress.jpg?ve=1&amp;tl=1, https:\/\/a57.foxnews.com\/static.foxnews.com\/foxnews.com\/content\/uploads\/2024\/07\/1344\/756\/netanyahu-speech-congress.jpg?ve=1&amp;tl=1 2x\" height=\"378\" width=\"672\"><source media=\"(min-width: 1024px) and (max-width: 1279px)\" srcset=\"https:\/\/a57.foxnews.com\/static.foxnews.com\/foxnews.com\/content\/uploads\/2024\/07\/931\/523\/netanyahu-speech-congress.jpg?ve=1&amp;tl=1, https:\/\/a57.foxnews.com\/static.foxnews.com\/foxnews.com\/content\/uploads\/2024\/07\/1862\/1046\/netanyahu-speech-congress.jpg?ve=1&amp;tl=1 2x\" height=\"523\" width=\"931\"><source media=\"(min-width: 1280px)\" srcset=\"https:\/\/a57.foxnews.com\/static.foxnews.com\/foxnews.com\/content\/uploads\/2024\/07\/720\/405\/netanyahu-speech-congress.jpg?ve=1&amp;tl=1, https:\/\/a57.foxnews.com\/static.foxnews.com\/foxnews.com\/content\/uploads\/2024\/07\/1440\/810\/netanyahu-speech-congress.jpg?ve=1&amp;tl=1 2x\" height=\"405\" width=\"720\"><img loading=\"lazy\" decoding=\"async\" src=\"https:\/\/a57.foxnews.com\/static.foxnews.com\/foxnews.com\/content\/uploads\/2024\/07\/1200\/675\/netanyahu-speech-congress.jpg?ve=1&amp;tl=1\" alt=\"Netanyahu\" width=\"1200\" height=\"675\"\/><\/source><\/source><\/source><\/source><\/picture><\/div>\n<div class=\"info\">\n<div class=\"caption\">\n<p><span>El primer ministro Benjam\u00edn Netanyahu dijo que Israel y Hamas llegaron a un acuerdo para la liberaci\u00f3n de rehenes adicionales y el regreso de los palestinos a la parte norte de la Franja de Gaza.<\/span> <span>(Im\u00e1genes falsas)<\/span><\/p>\n<\/div>\n<\/div>\n<\/div>\n<p>Israel confirm\u00f3 que Ham\u00e1s entreg\u00f3 una lista que especificaba la condici\u00f3n de los rehenes que se espera sean liberados en la primera etapa. Los medios locales tambi\u00e9n informaron que la lista especificaba el n\u00famero de rehenes vivos y muertos, aunque no inclu\u00eda los nombres.<\/p>\n<p>Los funcionarios israel\u00edes afirman que la mayor\u00eda de los 26 rehenes restantes est\u00e1n vivos, lo que coincide con la lista proporcionada por Ham\u00e1s.<\/p>\n<p>La oficina de Netanyahu tambi\u00e9n dijo que Israel permitir\u00e1 que los palestinos regresen a la parte norte de la Franja de Gaza a partir del lunes por la ma\u00f1ana seg\u00fan el acuerdo con Ham\u00e1s.<\/p>\n<p><strong>LAS DISPUTAS DE ALTO EL FUEGO ENTRE ISRAEL, HAMAS Y HEZBOLLAH LANZAN LA REGI\u00d3N EN LA turbulencia<\/strong><\/p>\n<div class=\"image-ct inline\">\n<div class=\"m\"><picture><source media=\"(max-width: 767px)\" srcset=\"https:\/\/a57.foxnews.com\/static.foxnews.com\/foxnews.com\/content\/uploads\/2024\/06\/343\/192\/Palestinian-Hamas.jpg?ve=1&amp;tl=1, https:\/\/a57.foxnews.com\/static.foxnews.com\/foxnews.com\/content\/uploads\/2024\/06\/686\/384\/Palestinian-Hamas.jpg?ve=1&amp;tl=1 2x\" height=\"192\" width=\"343\"><source media=\"(min-width: 768px) and (max-width: 1023px)\" srcset=\"https:\/\/a57.foxnews.com\/static.foxnews.com\/foxnews.com\/content\/uploads\/2024\/06\/672\/378\/Palestinian-Hamas.jpg?ve=1&amp;tl=1, https:\/\/a57.foxnews.com\/static.foxnews.com\/foxnews.com\/content\/uploads\/2024\/06\/1344\/756\/Palestinian-Hamas.jpg?ve=1&amp;tl=1 2x\" height=\"378\" width=\"672\"><source media=\"(min-width: 1024px) and (max-width: 1279px)\" srcset=\"https:\/\/a57.foxnews.com\/static.foxnews.com\/foxnews.com\/content\/uploads\/2024\/06\/931\/523\/Palestinian-Hamas.jpg?ve=1&amp;tl=1, https:\/\/a57.foxnews.com\/static.foxnews.com\/foxnews.com\/content\/uploads\/2024\/06\/1862\/1046\/Palestinian-Hamas.jpg?ve=1&amp;tl=1 2x\" height=\"523\" width=\"931\"><source media=\"(min-width: 1280px)\" srcset=\"https:\/\/a57.foxnews.com\/static.foxnews.com\/foxnews.com\/content\/uploads\/2024\/06\/720\/405\/Palestinian-Hamas.jpg?ve=1&amp;tl=1, https:\/\/a57.foxnews.com\/static.foxnews.com\/foxnews.com\/content\/uploads\/2024\/06\/1440\/810\/Palestinian-Hamas.jpg?ve=1&amp;tl=1 2x\" height=\"405\" width=\"720\"><img loading=\"lazy\" decoding=\"async\" src=\"https:\/\/a57.foxnews.com\/static.foxnews.com\/foxnews.com\/content\/uploads\/2024\/06\/1200\/675\/Palestinian-Hamas.jpg?ve=1&amp;tl=1\" alt=\"Un combatiente palestino del brazo armado de Ham\u00e1s participa en un desfile militar\" width=\"1200\" height=\"675\"\/><\/source><\/source><\/source><\/source><\/picture><\/div>\n<div class=\"info\">\n<div class=\"caption\">\n<p><span>Se cree que Ham\u00e1s tiene 26 rehenes hasta el domingo.<\/span> <span>(Reuters\/Ibraheem Abu Mustafa\/Foto de archivo)<\/span><\/p>\n<\/div>\n<\/div>\n<\/div>\n<p>Netanyahu reiter\u00f3 que Israel no tolerar\u00e1 ninguna violaci\u00f3n del acuerdo entre las dos partes y a\u00f1adi\u00f3 que seguir\u00e1 presionando para el regreso de todos los rehenes, vivos o muertos.<\/p>\n<p>Asimismo, la Casa Blanca emiti\u00f3 un comunicado el domingo por la tarde diciendo que el acuerdo entre Israel y el L\u00edbano ser\u00e1 supervisado por Estados Unidos y permanecer\u00e1 en vigor hasta el 18 de febrero de 2025.<\/p>\n<p>\u00abEl Gobierno del L\u00edbano, el Gobierno de Israel y el Gobierno de Estados Unidos tambi\u00e9n iniciar\u00e1n negociaciones para el regreso de los prisioneros libaneses capturados despu\u00e9s del 7 de octubre de 2023\u00bb, se lee en el comunicado.<\/p>\n<p><strong><u>HAMAS LIBERA A 4 MUJERES REHENES COMO PARTE DEL ALTO EL FUEGO EN ISRAEL<\/u><\/strong><\/p>\n<div class=\"image-ct inline\">\n<div class=\"m\"><picture><source media=\"(max-width: 767px)\" srcset=\"https:\/\/a57.foxnews.com\/static.foxnews.com\/foxnews.com\/content\/uploads\/2024\/11\/343\/192\/trump-netanyahu-2.jpg?ve=1&amp;tl=1, https:\/\/a57.foxnews.com\/static.foxnews.com\/foxnews.com\/content\/uploads\/2024\/11\/686\/384\/trump-netanyahu-2.jpg?ve=1&amp;tl=1 2x\" height=\"192\" width=\"343\"><source media=\"(min-width: 768px) and (max-width: 1023px)\" srcset=\"https:\/\/a57.foxnews.com\/static.foxnews.com\/foxnews.com\/content\/uploads\/2024\/11\/672\/378\/trump-netanyahu-2.jpg?ve=1&amp;tl=1, https:\/\/a57.foxnews.com\/static.foxnews.com\/foxnews.com\/content\/uploads\/2024\/11\/1344\/756\/trump-netanyahu-2.jpg?ve=1&amp;tl=1 2x\" height=\"378\" width=\"672\"><source media=\"(min-width: 1024px) and (max-width: 1279px)\" srcset=\"https:\/\/a57.foxnews.com\/static.foxnews.com\/foxnews.com\/content\/uploads\/2024\/11\/931\/523\/trump-netanyahu-2.jpg?ve=1&amp;tl=1, https:\/\/a57.foxnews.com\/static.foxnews.com\/foxnews.com\/content\/uploads\/2024\/11\/1862\/1046\/trump-netanyahu-2.jpg?ve=1&amp;tl=1 2x\" height=\"523\" width=\"931\"><source media=\"(min-width: 1280px)\" srcset=\"https:\/\/a57.foxnews.com\/static.foxnews.com\/foxnews.com\/content\/uploads\/2024\/11\/720\/405\/trump-netanyahu-2.jpg?ve=1&amp;tl=1, https:\/\/a57.foxnews.com\/static.foxnews.com\/foxnews.com\/content\/uploads\/2024\/11\/1440\/810\/trump-netanyahu-2.jpg?ve=1&amp;tl=1 2x\" height=\"405\" width=\"720\"><img loading=\"lazy\" decoding=\"async\" src=\"https:\/\/a57.foxnews.com\/static.foxnews.com\/foxnews.com\/content\/uploads\/2024\/11\/1200\/675\/trump-netanyahu-2.jpg?ve=1&amp;tl=1\" alt=\"Trump y Netanyahu en Mar-a-Lago\" width=\"1200\" height=\"675\"\/><\/source><\/source><\/source><\/source><\/picture><\/div>\n<div class=\"info\">\n<div class=\"caption\">\n<p><span>El presidente Donald Trump le da la mano al primer ministro israel\u00ed, Benjamin Netanyahu, en la finca de Trump en Mar-a-Lago el 26 de julio. <\/span> <span>(Amos Ben-Gershom (GPO) \/ Handout\/Anadolu v\u00eda Getty Images)<\/span><\/p>\n<\/div>\n<\/div>\n<\/div>\n<p>El acuerdo entre Israel y Ham\u00e1s se produce despu\u00e9s de que el primero acusara al segundo de cambiar el orden de los rehenes que ten\u00eda previsto liberar. Como resultado, las fuerzas israel\u00edes impidieron que miles de palestinos regresaran al norte de Gaza.<\/p>\n<p>Las fuerzas israel\u00edes tambi\u00e9n anunciaron el viernes que no se retirar\u00edan del sur del L\u00edbano como exige el alto el fuego hasta que el gobierno liban\u00e9s implemente plenamente sus propias responsabilidades. Seg\u00fan el acuerdo, se esperaba que ambos grupos hicieran retiros el domingo.<\/p>\n<p>\u00abLas tropas de las FDI que operan en el sur del L\u00edbano dispararon tiros de advertencia para eliminar amenazas en varias \u00e1reas donde se identificaron sospechosos que se acercaban a las tropas\u00bb, escribieron las FDI en un comunicado el domingo.<\/p>\n<p><strong><u>ALEGR\u00cdA AGRIDULCE MIENTRAS LOS PRIMEROS REHENES REGRESAN A ISRAEL DESPU\u00c9S DE 471 D\u00cdAS EN CAUTIVIDAD<\/u><\/strong><\/p>\n<div class=\"image-ct inline\">\n<div class=\"m\"><picture><source media=\"(max-width: 767px)\" srcset=\"https:\/\/a57.foxnews.com\/static.foxnews.com\/foxnews.com\/content\/uploads\/2024\/07\/343\/192\/Donald-Trump-Benjamin-Netanyahu-Mar-a-Lago_01.jpg?ve=1&amp;tl=1, https:\/\/a57.foxnews.com\/static.foxnews.com\/foxnews.com\/content\/uploads\/2024\/07\/686\/384\/Donald-Trump-Benjamin-Netanyahu-Mar-a-Lago_01.jpg?ve=1&amp;tl=1 2x\" height=\"192\" width=\"343\"><source media=\"(min-width: 768px) and (max-width: 1023px)\" srcset=\"https:\/\/a57.foxnews.com\/static.foxnews.com\/foxnews.com\/content\/uploads\/2024\/07\/672\/378\/Donald-Trump-Benjamin-Netanyahu-Mar-a-Lago_01.jpg?ve=1&amp;tl=1, https:\/\/a57.foxnews.com\/static.foxnews.com\/foxnews.com\/content\/uploads\/2024\/07\/1344\/756\/Donald-Trump-Benjamin-Netanyahu-Mar-a-Lago_01.jpg?ve=1&amp;tl=1 2x\" height=\"378\" width=\"672\"><source media=\"(min-width: 1024px) and (max-width: 1279px)\" srcset=\"https:\/\/a57.foxnews.com\/static.foxnews.com\/foxnews.com\/content\/uploads\/2024\/07\/931\/523\/Donald-Trump-Benjamin-Netanyahu-Mar-a-Lago_01.jpg?ve=1&amp;tl=1, https:\/\/a57.foxnews.com\/static.foxnews.com\/foxnews.com\/content\/uploads\/2024\/07\/1862\/1046\/Donald-Trump-Benjamin-Netanyahu-Mar-a-Lago_01.jpg?ve=1&amp;tl=1 2x\" height=\"523\" width=\"931\"><source media=\"(min-width: 1280px)\" srcset=\"https:\/\/a57.foxnews.com\/static.foxnews.com\/foxnews.com\/content\/uploads\/2024\/07\/720\/405\/Donald-Trump-Benjamin-Netanyahu-Mar-a-Lago_01.jpg?ve=1&amp;tl=1, https:\/\/a57.foxnews.com\/static.foxnews.com\/foxnews.com\/content\/uploads\/2024\/07\/1440\/810\/Donald-Trump-Benjamin-Netanyahu-Mar-a-Lago_01.jpg?ve=1&amp;tl=1 2x\" height=\"405\" width=\"720\"><img loading=\"lazy\" decoding=\"async\" src=\"https:\/\/a57.foxnews.com\/static.foxnews.com\/foxnews.com\/content\/uploads\/2024\/07\/1200\/675\/Donald-Trump-Benjamin-Netanyahu-Mar-a-Lago_01.jpg?ve=1&amp;tl=1\" alt=\"Donald Trump se re\u00fane con el primer ministro israel\u00ed, Benjamin Netanyahu, en su finca de Mar-a-Lago\" width=\"1200\" height=\"675\"\/><\/source><\/source><\/source><\/source><\/picture><\/div>\n<div class=\"info\">\n<div class=\"caption\">\n<p><span>El presidente Donald Trump se reuni\u00f3 con el primer ministro israel\u00ed, Benjamin Netanyahu, en su finca de Mar-a-Lago en julio.<\/span> <span>(Foto AP\/Alex Brandon)<\/span><\/p>\n<\/div>\n<\/div>\n<\/div>\n<p>Las disputas se produjeron justo despu\u00e9s de que el presidente Donald Trump pidiera a Egipto y Jordania que aceptaran refugiados de Gaza para \u00ablimpiar\u00bb la regi\u00f3n.<\/p>\n<p>\u00abMe gustar\u00eda que Egipto aceptara gente\u00bb, dijo Trump. \u00abEst\u00e1s hablando de probablemente un mill\u00f3n y medio de personas, y simplemente limpiamos todo eso y decimos: &#8216;Ya sabes, se acab\u00f3'\u00bb.<\/p>\n<p><strong><u>HAGA CLIC AQU\u00cd PARA OBTENER LA APLICACI\u00d3N FOX NEWS<\/u><\/strong><\/p>\n<p>Trump dijo que aplaudi\u00f3 a Jordania por aceptar refugiados palestinos, pero que le dijo al rey: \u00abMe encantar\u00eda que asumieras m\u00e1s, porque estoy mirando toda la Franja de Gaza en este momento, y es un desastre. Es un verdadero desastre\u00bb. \u00ab.<\/p>\n<p><i>Anders Hagstrom de Fox News Digital contribuy\u00f3 a este informe.<\/i><\/p>\n<p> <!----> <\/p>\n<div class=\"article-meta\">\n<div class=\"author-bio\">\n<p>Greg Wehner es reportero de noticias de \u00faltima hora de Fox News Digital.<\/p>\n<p>Se pueden enviar sugerencias e ideas para historias a Greg.Wehner@Fox.com y en Twitter a @GregWehner.<\/p>\n<\/div>\n<\/div>\n<\/div>\n\n","protected":false},"excerpt":{"rendered":"<p>La oficina del primer ministro israel\u00ed, Benjam\u00edn Netanyahu, anunci\u00f3 el domingo que se lleg\u00f3 a un acuerdo con Ham\u00e1s para liberar a m\u00e1s rehenes a partir de este jueves, al tiempo que se permitir\u00e1 a los palestinos regresar a la parte norte de la Franja de Gaza a partir del lunes por la ma\u00f1ana. Qatar &hellip;<\/p>\n","protected":false},"author":1,"featured_media":12075,"comment_status":"open","ping_status":"open","sticky":false,"template":"","format":"standard","meta":{"fifu_image_url":"https:\/\/static.foxnews.com\/foxnews.com\/content\/uploads\/2024\/07\/netanyahu-speech-congress.jpg","fifu_image_alt":"","footnotes":""},"categories":[13],"tags":[],"class_list":["post-12073","post","type-post","status-publish","format-standard","has-post-thumbnail","","category-mundo"],"_links":{"self":[{"href":"https:\/\/noticiasveraces.com\/index.php?rest_route=\/wp\/v2\/posts\/12073","targetHints":{"allow":["GET"]}}],"collection":[{"href":"https:\/\/noticiasveraces.com\/index.php?rest_route=\/wp\/v2\/posts"}],"about":[{"href":"https:\/\/noticiasveraces.com\/index.php?rest_route=\/wp\/v2\/types\/post"}],"author":[{"embeddable":true,"href":"https:\/\/noticiasveraces.com\/index.php?rest_route=\/wp\/v2\/users\/1"}],"replies":[{"embeddable":true,"href":"https:\/\/noticiasveraces.com\/index.php?rest_route=%2Fwp%2Fv2%2Fcomments&post=12073"}],"version-history":[{"count":0,"href":"https:\/\/noticiasveraces.com\/index.php?rest_route=\/wp\/v2\/posts\/12073\/revisions"}],"wp:featuredmedia":[{"embeddable":true,"href":"https:\/\/noticiasveraces.com\/index.php?rest_route=\/wp\/v2\/media\/12075"}],"wp:attachment":[{"href":"https:\/\/noticiasveraces.com\/index.php?rest_route=%2Fwp%2Fv2%2Fmedia&parent=12073"}],"wp:term":[{"taxonomy":"category","embeddable":true,"href":"https:\/\/noticiasveraces.com\/index.php?rest_route=%2Fwp%2Fv2%2Fcategories&post=12073"},{"taxonomy":"post_tag","embeddable":true,"href":"https:\/\/noticiasveraces.com\/index.php?rest_route=%2Fwp%2Fv2%2Ftags&post=12073"}],"curies":[{"name":"wp","href":"https:\/\/api.w.org\/{rel}","templated":true}]}}