{"id":12062,"date":"2025-01-26T18:37:37","date_gmt":"2025-01-26T22:37:37","guid":{"rendered":"https:\/\/noticiasveraces.com\/?p=12062"},"modified":"2025-01-26T18:37:37","modified_gmt":"2025-01-26T22:37:37","slug":"suecia-investiga-sabotaje-por-dados-a-submarinos-dw-26-01-2025","status":"publish","type":"post","link":"https:\/\/noticiasveraces.com\/?p=12062","title":{"rendered":"Suecia investiga Sabotaje Por Dados A Submarinos &#8211; DW &#8211; 26\/01\/2025"},"content":{"rendered":"<p> \n<\/p>\n<div>\n<p>Al Menos Un Cable Submarino de Comunicaciones Entre Suecia y Letonia, en el Mar B\u00e1ltico, Result\u00f3 Da\u00f1ado Este Domingo (26.01.2025) Al Parecer Por Factores externos, Seg\u00fan El Gobierno Let\u00f3, Que despleG\u00f3 Un Barco de Guerrer en La Zona del Inc\u00e1gica.<\/p>\n<p>El Primer Ministro Sueco, Ulf Kristersson, Dijo en x que \u00abEl Cable Pertenece A UNA Entidad Letona\u00bb, Mientras que la Primera Ministra de Letonia, Evika Silina, indic\u00f3 que los dos Pa\u00edses Estaban Trabajando \u00abJuntos para Evaluar Los Da\u00f1a Y (Establecer) Las Causas \u00ab.<\/p>\n<p>La fiscal\u00eda sueca anunci\u00f3 Que abri\u00f3 una investigaci\u00f3n por \u00abSabotaje Agravado\u00bb e Incaut\u00f3 el Barco Sospechoso. La Marina Letona Identific\u00f3 en la Zona un \u00abBuque Sospechoso\u00bb, El \u00abMichalis San\u00bb que iba Rumbo A Rusia, Seg\u00fan los Sitios de Vigilancia, Ya otros dos Barcos en la Misma Zona.<\/p>\n<p>Varios Incidentes similares Han Tenido Lugar en el Mar B\u00e1ltico Desde la Invasi\u00f3n Rusa de Ucrania en febrero de 2022. ESTOS Actos, Que Buscan Da\u00f1o Da\u00f1o Infraestructuras Energ\u00e9tico y de Comunicaci\u00f3n, se inscribe en lo que se describe a los expertos descriptivos \u00abGuera H\u00edo H\u00edo H\u00edo H\u00edo H\u00edo\u00bb Entre y los de la participaci\u00f3n \u00ab. Pa\u00edses Occidentales.<\/p>\n<p>Al Detectar El Incidente, Letonia envi\u00f3 un Buque de Guerra Al Lugar que Patrulla D\u00eda y Noche el Mar B\u00e1lico y Permiti\u00f3 la R\u00c1PIDA REACCI\u00d3N DE LOS GOBIERNOS Implicados. El Da\u00f1o Se Produco en Aguas Territoriales Suecas A UNA Profundidad de Al Menos 50 Metro, Autoridadas de las LAS.<\/p>\n<p><span data-slot-id=\"Article_InContent-1\" class=\"rich-text-ad\"\/><\/p>\n<h2>Flota en la Sombra Rusa<\/h2>\n<p>La vicepresida Ejecutiva de la Comisi\u00f3n Europea para la Soberan\u00eda Tecnol\u00f3gica, La Seguridad y la Democracia, Henna Virkkunen, Consider\u00f3 \u00abUrgente\u00bb Que la Uni\u00f3n Europea Medidas Coordinadas para proteger suscables submarinos, Tras elejejejeJe.<\/p>\n<p>\u00abEl Nueva Da\u00f1o en un cable de datos en el mar B\u00e1ltico, esta vez entre letonia y suecia, subraya la urgente necesidad de tomar medidas coordinadas para proteger los cables submarinos\u00bb, dijo la pol\u00edtica finlandesa en un mensaje en sus redes sociales.<\/p>\n<p>\u00abMa\u00f1ana por la ma\u00f1ana discutir\u00e9 nuestra respuesta a las amenazas h\u00edbridas con los ministros de Asuntos Exteriores, junto con la alta representante de la UE para Asuntos Exteriores y Pol\u00edtica de Seguridad, Kaja Kallas, y el comisario europeo de Defensa, Andrius Kubilius\u00bb, se\u00f1al\u00f3 Virkkunen.<\/p>\n<p>En una comparaci\u00f3n Ante el Pleno del Parlamento Europa en Estrasburgo (Francia) ESTA SEMANA, Virkkunen Asegur\u00f3 que los Sabotajes Registros en Los \u00daltimos meses en el Mar B\u00e1ltico ContrArta -Infraestras Cryticas Son Una \u00abClara Maestra\u00bb De Ataques de Rusia de Rusia la USIOA.<\/p>\n<p>Las investigaciones de las abiertas abiertas Sobre Esos incidentes en el mar b\u00e1lico apuntan como presuntos autores materiales Barcos de la Llamada \u00abFlota en la Sombra\u00bb rusa, que facilita que rusia esquive las sanciones europeas a su petr\u00f3leo.<\/p>\n<p>(Efe, AFP\/MN)<\/p>\n<\/p>\n<\/div>\n\n","protected":false},"excerpt":{"rendered":"<p>Al Menos Un Cable Submarino de Comunicaciones Entre Suecia y Letonia, en el Mar B\u00e1ltico, Result\u00f3 Da\u00f1ado Este Domingo (26.01.2025) Al Parecer Por Factores externos, Seg\u00fan El Gobierno Let\u00f3, Que despleG\u00f3 Un Barco de Guerrer en La Zona del Inc\u00e1gica. El Primer Ministro Sueco, Ulf Kristersson, Dijo en x que \u00abEl Cable Pertenece A UNA &hellip;<\/p>\n","protected":false},"author":1,"featured_media":12063,"comment_status":"open","ping_status":"open","sticky":false,"template":"","format":"standard","meta":{"fifu_image_url":"https:\/\/static.dw.com\/image\/70916622_6.jpg","fifu_image_alt":"","footnotes":""},"categories":[13],"tags":[],"class_list":["post-12062","post","type-post","status-publish","format-standard","has-post-thumbnail","","category-mundo"],"_links":{"self":[{"href":"https:\/\/noticiasveraces.com\/index.php?rest_route=\/wp\/v2\/posts\/12062","targetHints":{"allow":["GET"]}}],"collection":[{"href":"https:\/\/noticiasveraces.com\/index.php?rest_route=\/wp\/v2\/posts"}],"about":[{"href":"https:\/\/noticiasveraces.com\/index.php?rest_route=\/wp\/v2\/types\/post"}],"author":[{"embeddable":true,"href":"https:\/\/noticiasveraces.com\/index.php?rest_route=\/wp\/v2\/users\/1"}],"replies":[{"embeddable":true,"href":"https:\/\/noticiasveraces.com\/index.php?rest_route=%2Fwp%2Fv2%2Fcomments&post=12062"}],"version-history":[{"count":0,"href":"https:\/\/noticiasveraces.com\/index.php?rest_route=\/wp\/v2\/posts\/12062\/revisions"}],"wp:featuredmedia":[{"embeddable":true,"href":"https:\/\/noticiasveraces.com\/index.php?rest_route=\/wp\/v2\/media\/12063"}],"wp:attachment":[{"href":"https:\/\/noticiasveraces.com\/index.php?rest_route=%2Fwp%2Fv2%2Fmedia&parent=12062"}],"wp:term":[{"taxonomy":"category","embeddable":true,"href":"https:\/\/noticiasveraces.com\/index.php?rest_route=%2Fwp%2Fv2%2Fcategories&post=12062"},{"taxonomy":"post_tag","embeddable":true,"href":"https:\/\/noticiasveraces.com\/index.php?rest_route=%2Fwp%2Fv2%2Ftags&post=12062"}],"curies":[{"name":"wp","href":"https:\/\/api.w.org\/{rel}","templated":true}]}}