{"id":12059,"date":"2025-01-26T17:40:24","date_gmt":"2025-01-26T21:40:24","guid":{"rendered":"https:\/\/noticiasveraces.com\/?p=12059"},"modified":"2025-01-26T17:40:24","modified_gmt":"2025-01-26T21:40:24","slug":"trump-anuncia-medidas-de-represalia-despues-de-que-colombia-bloquea-los-vuelos-de-deportacion-militar-de-los-estados-unidos","status":"publish","type":"post","link":"https:\/\/noticiasveraces.com\/?p=12059","title":{"rendered":"Trump anuncia medidas de represalia despu\u00e9s de que Colombia bloquea los vuelos de deportaci\u00f3n militar de los Estados Unidos"},"content":{"rendered":"<p> \n<\/p>\n<div>\n<p class=\"\">El presidente Donald Trump dijo el domingo que impondr\u00eda medidas de represalia radicales contra Colombia, incluidas las tarifas y las sanciones de visa despu\u00e9s de que la naci\u00f3n neg\u00f3 la entrada a dos vuelos de deportaci\u00f3n militar estadounidense.<\/p>\n<p class=\"\">\u00abEstas medidas son solo el comienzo. \u00a1No permitiremos que el gobierno colombiano viole sus obligaciones legales con respecto a la aceptaci\u00f3n y el retorno de los delincuentes que obligaron a los Estados Unidos!\u00bb Trump escribi\u00f3 en una publicaci\u00f3n social de la verdad. <\/p>\n<p class=\"\">Funcionarios del Departamento de Seguridad Nacional y del Departamento de Defensa confirmaron a NBC News que los vuelos fueron denegados.<\/p>\n<p class=\"\">Los vuelos, llevados a cabo en aviones militares C-17 de EE. UU. Contib\u00edan a unos 80 migrantes colombianos cada uno y hab\u00edan salido de California, dijo el funcionario de la defensa a NBC News.<\/p>\n<p class=\"\">En respuesta, Trump anunci\u00f3 sobre las medidas de represalia de verdad que incluyen aranceles sobre las importaciones colombianas, sanciones de visa a funcionarios y aliados gubernamentales, inspecciones de aduanas mejoradas y sanciones financieras, ya que Estados Unidos acusa a Colombia de violar sus obligaciones de aceptar a los ciudadanos deportados.<\/p>\n<p class=\"\">Trump justific\u00f3 estas medidas escribiendo eso \u00ab,[President Gustavo] La negaci\u00f3n de Petro de estos vuelos ha puesto en peligro la seguridad nacional y la seguridad p\u00fablica de los Estados Unidos \u00ab.<\/p>\n<p class=\"\">Agreg\u00f3 que los aranceles sobre las importaciones colombianas comenzar\u00edan con aranceles del 25% en todos los bienes, pero aumentar\u00edan a un 50% de aranceles en una semana.<\/p>\n<p class=\"\">Las medidas de represalia tambi\u00e9n incluyen: \u00abUna prohibici\u00f3n de viajes y revocaciones de visas inmediatas sobre los funcionarios del gobierno colombiano, y todos los aliados y partidarios\u00bb, escribi\u00f3 Trump, adem\u00e1s, \u00absanciones de visa a todos los miembros del partido, miembros de la familia y partidarios del gobierno colombiano. \u00ab<\/p>\n<p class=\"\">Seg\u00fan la Oficina del Representante Comercial de los Estados Unidos, el valor estimado total de bienes y servicios entre los EE. UU. Y Colombia en 2022 totaliz\u00f3 un estimado de $ 53.5 mil millones, con el valor de las exportaciones que excede ligeramente el valor de las importaciones.<\/p>\n<p class=\"\">Y, seg\u00fan la Oficina de Industria y Seguridad, las principales importaciones estadounidenses de Colombia en los \u00faltimos a\u00f1os fueron aceites y minerales, lima y cemento, totalizando m\u00e1s del 40% de las importaciones y bienes agr\u00edcolas, que sumaron m\u00e1s del 26% de las importaciones.<\/p>\n<figure class=\"styles_inlineImage__yAWZ0 styles_medium__OMa6x\"><picture class=\"styles_image__1qciH\" data-testid=\"picture\"><source media=\"(min-width: 1000px)\" srcset=\"https:\/\/media-cldnry.s-nbcnews.com\/image\/upload\/t_fit-560w,f_avif,q_auto:eco,dpr_2\/rockcms\/2024-03\/240328-Gustavo-Petro-mb-1123-d47e7d.jpg 2x, https:\/\/media-cldnry.s-nbcnews.com\/image\/upload\/t_fit-560w,f_auto,q_auto:best\/rockcms\/2024-03\/240328-Gustavo-Petro-mb-1123-d47e7d.jpg 1x\"\/><source media=\"(min-width: 320px)\" srcset=\"https:\/\/media-cldnry.s-nbcnews.com\/image\/upload\/t_fit-760w,f_avif,q_auto:eco,dpr_2\/rockcms\/2024-03\/240328-Gustavo-Petro-mb-1123-d47e7d.jpg 2x, https:\/\/media-cldnry.s-nbcnews.com\/image\/upload\/t_fit-760w,f_auto,q_auto:best\/rockcms\/2024-03\/240328-Gustavo-Petro-mb-1123-d47e7d.jpg 1x\"\/><img decoding=\"async\" loading=\"lazy\" src=\"https:\/\/media-cldnry.s-nbcnews.com\/image\/upload\/t_fit-760w,f_auto,q_auto:best\/rockcms\/2024-03\/240328-Gustavo-Petro-mb-1123-d47e7d.jpg\" alt=\"Colombia honra a soldados e ind\u00edgenas que ayudaron a rescatar a los ni\u00f1os desaparecidos\" height=\"1667\" width=\"2500\"\/><\/picture><figcaption class=\"caption styles_caption__Pe5JC\" data-testid=\"caption\"><span class=\"caption__container\" data-testid=\"caption__container\">El presidente colombiano Gustavo Petro hablando en Bogot\u00e1 el 26 de junio de 2023.<\/span><span class=\"caption__source\" data-testid=\"caption__source\">Sebastian Barros \/ Nurphoto a trav\u00e9s del archivo Getty Images<\/span><\/figcaption><\/figure>\n<p class=\"\">Inicialmente despejados para aterrizar, los vuelos se basaron en que el presidente colombiano, Gustavo Petro, revoc\u00f3 de repente todas las autorizaciones diplom\u00e1ticas para el avi\u00f3n, dijo el funcionario.<\/p>\n<p class=\"\">En una declaraci\u00f3n m\u00e1s tarde, la oficina de Petro escribi\u00f3 que los vuelos no se detuvieron porque no quer\u00eda facilitar el regreso de los colombianos a su pa\u00eds, sino porque el gobierno estaba priorizando \u00abcondiciones dignas\u00bb para los migrantes.<\/p>\n<p class=\"\">\u00abEl Gobierno de Colombia, bajo el liderazgo del presidente Gustavo Petro, ha acordado que el avi\u00f3n presidencial facilite el dignado regreso de los ciudadanos colombianos que llegar\u00edan hoy al pa\u00eds en las horas de la ma\u00f1ana, proveniente de vuelos de deportaci\u00f3n\u00bb, dijo el comunicado. .<\/p>\n<p class=\"\">La declaraci\u00f3n agreg\u00f3: \u00abEsta medida responde al compromiso del Gobierno de garantizar condiciones dignas. De ninguna manera no han desterrado a los colombianos, como patriotas y sujetos de los derechos, han sido desterrados o ser desterrados del territorio colombiano\u00bb.<\/p>\n<p class=\"\"><strong><em>Sigue las actualizaciones en vivo<\/em><\/strong><\/p>\n<p class=\"\">Esto se produce despu\u00e9s de que M\u00e9xico bloque\u00f3 temporalmente dos aviones estadounidenses con 80 pasajeros cada uno de los cuales aterrizar la semana pasada, los planes de deportaci\u00f3n frustrantes y las tensiones de provocaci\u00f3n. Si bien el problema se resolvi\u00f3 m\u00e1s tarde, los funcionarios mexicanos han expresado su oposici\u00f3n a las acciones unilaterales de los Estados Unidos en torno a la pol\u00edtica de inmigraci\u00f3n.<\/p>\n<p class=\"\">En una declaraci\u00f3n compartida en X, Petro critic\u00f3 el uso de aviones militares para la deportaci\u00f3n. <\/p>\n<p class=\"\">\u00abUn migrante no es un criminal y debe ser tratado con la dignidad que un ser humano merece\u00bb, escribi\u00f3. \u201cRecibiremos a nuestros nacionales en aviones civiles, sin tratarlos como delincuentes. Colombia debe ser respetada \u00ab.<\/p>\n<p class=\"\">El gobierno brasile\u00f1o conden\u00f3 lo que consideraba el tratamiento degradante de sus nacionales que estaban en un vuelo de repatriaci\u00f3n de hielo el viernes, citando el uso de esposas, un sistema de aire acondicionado roto y otras violaciones de un acuerdo bilateral que asegura el tratamiento humano.<\/p>\n<p class=\"\">El viernes, Guatemala recibi\u00f3 a unos 265 nacionales deportados en tres vuelos desde los Estados Unidos, dos de los cuales fueron aviones militares, seg\u00fan el Instituto de Migraci\u00f3n Guatemaltecal. <\/p>\n<p class=\"endmark\">Los vuelos son parte de la represi\u00f3n de la administraci\u00f3n Trump contra la inmigraci\u00f3n ilegal, iniciada a trav\u00e9s de \u00f3rdenes ejecutivas durante la primera semana de Trump en el cargo. Junto con los esfuerzos de deportaci\u00f3n, la administraci\u00f3n ha desplegado 1.500 tropas adicionales a la frontera entre Estados Unidos y M\u00e9xico para fortalecer la aplicaci\u00f3n.<\/p>\n<\/div>\n\n","protected":false},"excerpt":{"rendered":"<p>El presidente Donald Trump dijo el domingo que impondr\u00eda medidas de represalia radicales contra Colombia, incluidas las tarifas y las sanciones de visa despu\u00e9s de que la naci\u00f3n neg\u00f3 la entrada a dos vuelos de deportaci\u00f3n militar estadounidense. \u00abEstas medidas son solo el comienzo. \u00a1No permitiremos que el gobierno colombiano viole sus obligaciones legales con &hellip;<\/p>\n","protected":false},"author":1,"featured_media":12061,"comment_status":"open","ping_status":"open","sticky":false,"template":"","format":"standard","meta":{"fifu_image_url":"https:\/\/media-cldnry.s-nbcnews.com\/image\/upload\/t_nbcnews-fp-1200-630,f_auto,q_auto:best\/rockcms\/2024-03\/240328-Gustavo-Petro-mb-1123-d47e7d.jpg","fifu_image_alt":"","footnotes":""},"categories":[4],"tags":[],"class_list":["post-12059","post","type-post","status-publish","format-standard","has-post-thumbnail","","category-historias-destacadas"],"_links":{"self":[{"href":"https:\/\/noticiasveraces.com\/index.php?rest_route=\/wp\/v2\/posts\/12059","targetHints":{"allow":["GET"]}}],"collection":[{"href":"https:\/\/noticiasveraces.com\/index.php?rest_route=\/wp\/v2\/posts"}],"about":[{"href":"https:\/\/noticiasveraces.com\/index.php?rest_route=\/wp\/v2\/types\/post"}],"author":[{"embeddable":true,"href":"https:\/\/noticiasveraces.com\/index.php?rest_route=\/wp\/v2\/users\/1"}],"replies":[{"embeddable":true,"href":"https:\/\/noticiasveraces.com\/index.php?rest_route=%2Fwp%2Fv2%2Fcomments&post=12059"}],"version-history":[{"count":0,"href":"https:\/\/noticiasveraces.com\/index.php?rest_route=\/wp\/v2\/posts\/12059\/revisions"}],"wp:featuredmedia":[{"embeddable":true,"href":"https:\/\/noticiasveraces.com\/index.php?rest_route=\/wp\/v2\/media\/12061"}],"wp:attachment":[{"href":"https:\/\/noticiasveraces.com\/index.php?rest_route=%2Fwp%2Fv2%2Fmedia&parent=12059"}],"wp:term":[{"taxonomy":"category","embeddable":true,"href":"https:\/\/noticiasveraces.com\/index.php?rest_route=%2Fwp%2Fv2%2Fcategories&post=12059"},{"taxonomy":"post_tag","embeddable":true,"href":"https:\/\/noticiasveraces.com\/index.php?rest_route=%2Fwp%2Fv2%2Ftags&post=12059"}],"curies":[{"name":"wp","href":"https:\/\/api.w.org\/{rel}","templated":true}]}}