{"id":12035,"date":"2025-01-26T13:43:59","date_gmt":"2025-01-26T17:43:59","guid":{"rendered":"https:\/\/noticiasveraces.com\/?p=12035"},"modified":"2025-01-26T13:43:59","modified_gmt":"2025-01-26T17:43:59","slug":"muere-un-parapentista-al-caerse-cerca-de-la-playa-de-benijo-en-santa-cruz-de-tenerife","status":"publish","type":"post","link":"https:\/\/noticiasveraces.com\/?p=12035","title":{"rendered":"Muere un parapentista Al Caerse Cerca de la Playa de Benijo, en Santa Cruz de Tenerife"},"content":{"rendered":"<p> \n<\/p>\n<div id=\"intext\">\n<p>Un parapentista ha muerto este domingo tras sufrir una ca\u00edda accidental en la Carretera de la playa de benijo, en Santa Cruz de tenerife, seg\u00fan ha informado el centro coordinador de emergencias y seguridad (cecoes) 112.<\/p>\n<p>El suceso se produjo en torno a las 14:48 Horas, cuando la sala operativa del 112 recibi\u00f3 una alerta comunicando que unpentista parapentista habiar sufrido una ca\u00edda accidental en la zona indada, por lo que el cecoes activ\u00f3es activ\u00f3s los recursos recursos de emergencias necesarios.<\/p>\n<p>UNA VEZ EN EL LUGAR, EL PERSONAL Sanitario del Suc Confirma Confirm\u00f3 que presente Lesiones Incompatibles Con la Vida, Certando Su Fallecimiento.<\/p>\n<p>Posteriormento, La Polic\u00eda Nacional se encarg\u00f3 de custodiar el cuerpo Hasta la Llegada de la Autoridad Judicial.<\/p>\n<p>En la emergencia, se activ\u00f3 el servicio de una ambulancia medicalizada, otra sanitarizada y otra de soporte vital b\u00e1sico del Servicio de Urgencias Canario (SUC), adem\u00e1s de un helic\u00f3ptero de rescate del Grupo de Emergencias y Salvamento (GES), y la colaboraci\u00f3n de La Guardia Civil Y Protectci\u00f3 Civil.<\/p>\n<p><i>Esguenos en nuestro <b>Canal de whatsapp<\/b> y no te Pierdas la \u00daltima Hora y Toda la actualidad de antena3noticias.com<\/i><\/p>\n<div class=\"recirculation-video\" data-mod=\"a3mod_recirculation_video\">\n<div class=\"recirculation-video-wrapper\">\n<div>\n<div class=\"video-wrapper\">\n  <picture class=\"video-main-picture\"><source media=\"(min-width: 481px)\" srcset=\"https:\/\/fotografias.antena3.com\/clipping\/cmsimages02\/2025\/01\/24\/C4B9D788-B73E-4973-B7C3-ABAE3A7BCEE0\/robert-carmona-futbolista-mas-longevo-mundo_94.jpg?crop=1920,1080,x0,y0&amp;width=800&amp;height=450&amp;optimize=medium&amp;format=webply\" width=\"800\" height=\"450\"><source media=\"(min-width: 391px) and (max-width: 480px)\" srcset=\"https:\/\/fotografias.antena3.com\/clipping\/cmsimages02\/2025\/01\/24\/C4B9D788-B73E-4973-B7C3-ABAE3A7BCEE0\/robert-carmona-futbolista-mas-longevo-mundo_70.jpg?crop=1920,1080,x0,y0&amp;width=480&amp;height=270&amp;optimize=high&amp;format=webply\" width=\"480\" height=\"270\"><source media=\"(min-width: 321px) and (max-width: 390px)\" srcset=\"https:\/\/fotografias.antena3.com\/clipping\/cmsimages02\/2025\/01\/24\/C4B9D788-B73E-4973-B7C3-ABAE3A7BCEE0\/robert-carmona-futbolista-mas-longevo-mundo_92.jpg?crop=1920,1078,x0,y1&amp;width=390&amp;height=219&amp;optimize=high&amp;format=webply\" width=\"390\" height=\"219\"><source media=\"(max-width: 320px)\" srcset=\"https:\/\/fotografias.antena3.com\/clipping\/cmsimages02\/2025\/01\/24\/C4B9D788-B73E-4973-B7C3-ABAE3A7BCEE0\/robert-carmona-futbolista-mas-longevo-mundo_52.jpg?crop=1920,1080,x0,y0&amp;width=320&amp;height=180&amp;optimize=high&amp;format=webply\" width=\"320\" height=\"180\"><img decoding=\"async\" title=\"Robert Carmona, El Futbolista M\u00e1s Longevo del Mundo\" alt=\"Robert Carmona, El Futbolista M\u00e1s Longevo del Mundo\" width=\"480\" height=\"270\" src=\"https:\/\/fotografias.antena3.com\/clipping\/cmsimages02\/2025\/01\/24\/C4B9D788-B73E-4973-B7C3-ABAE3A7BCEE0\/robert-carmona-futbolista-mas-longevo-mundo_70.jpg?crop=1920,1080,x0,y0&amp;width=480&amp;height=270&amp;optimize=high&amp;format=webply\" loading=\"lazy\" class=\"lazy\"\/><br \/>\n  <\/source><\/source><\/source><\/source><\/picture>\n <\/div>\n<\/div><\/div>\n<\/p><\/div>\n<\/div>\n\n","protected":false},"excerpt":{"rendered":"<p>Un parapentista ha muerto este domingo tras sufrir una ca\u00edda accidental en la Carretera de la playa de benijo, en Santa Cruz de tenerife, seg\u00fan ha informado el centro coordinador de emergencias y seguridad (cecoes) 112. El suceso se produjo en torno a las 14:48 Horas, cuando la sala operativa del 112 recibi\u00f3 una alerta &hellip;<\/p>\n","protected":false},"author":1,"featured_media":12037,"comment_status":"open","ping_status":"open","sticky":false,"template":"","format":"standard","meta":{"fifu_image_url":"https:\/\/fotografias.antena3.com\/clipping\/cmsimages01\/2025\/01\/26\/0BB0AE13-3355-4D0F-ABF9-8A24D7829463\/helicoptero-rescate-ges-112-canarias_69.jpg?crop=900,506,x0,y83&width=1280&height=720&optimize=low&format=jpg","fifu_image_alt":"","footnotes":""},"categories":[6],"tags":[],"class_list":["post-12035","post","type-post","status-publish","format-standard","has-post-thumbnail","","category-deportes"],"_links":{"self":[{"href":"https:\/\/noticiasveraces.com\/index.php?rest_route=\/wp\/v2\/posts\/12035","targetHints":{"allow":["GET"]}}],"collection":[{"href":"https:\/\/noticiasveraces.com\/index.php?rest_route=\/wp\/v2\/posts"}],"about":[{"href":"https:\/\/noticiasveraces.com\/index.php?rest_route=\/wp\/v2\/types\/post"}],"author":[{"embeddable":true,"href":"https:\/\/noticiasveraces.com\/index.php?rest_route=\/wp\/v2\/users\/1"}],"replies":[{"embeddable":true,"href":"https:\/\/noticiasveraces.com\/index.php?rest_route=%2Fwp%2Fv2%2Fcomments&post=12035"}],"version-history":[{"count":0,"href":"https:\/\/noticiasveraces.com\/index.php?rest_route=\/wp\/v2\/posts\/12035\/revisions"}],"wp:featuredmedia":[{"embeddable":true,"href":"https:\/\/noticiasveraces.com\/index.php?rest_route=\/wp\/v2\/media\/12037"}],"wp:attachment":[{"href":"https:\/\/noticiasveraces.com\/index.php?rest_route=%2Fwp%2Fv2%2Fmedia&parent=12035"}],"wp:term":[{"taxonomy":"category","embeddable":true,"href":"https:\/\/noticiasveraces.com\/index.php?rest_route=%2Fwp%2Fv2%2Fcategories&post=12035"},{"taxonomy":"post_tag","embeddable":true,"href":"https:\/\/noticiasveraces.com\/index.php?rest_route=%2Fwp%2Fv2%2Ftags&post=12035"}],"curies":[{"name":"wp","href":"https:\/\/api.w.org\/{rel}","templated":true}]}}