{"id":12032,"date":"2025-01-26T13:25:12","date_gmt":"2025-01-26T17:25:12","guid":{"rendered":"https:\/\/noticiasveraces.com\/?p=12032"},"modified":"2025-01-26T13:25:12","modified_gmt":"2025-01-26T17:25:12","slug":"en-una-medida-de-ave-maria-el-fiscal-de-la-cpi-presenta-una-solicitud-sorpresa-mientras-el-senado-se-dispone-a-votar-sobre-el-tribunal-sancionador","status":"publish","type":"post","link":"https:\/\/noticiasveraces.com\/?p=12032","title":{"rendered":"En una medida de &#8216;Ave Mar\u00eda&#8217;, el fiscal de la CPI presenta una solicitud sorpresa mientras el Senado se dispone a votar sobre el tribunal sancionador"},"content":{"rendered":"<p> \n<\/p>\n<div>\n<div class=\"article-gating gated-overlay\">\n<div class=\"article-gating-wrapper\">\n<p>\u00danase a Fox News para acceder a este contenido<\/p>\n<p>Adem\u00e1s, acceso especial a art\u00edculos seleccionados y otro contenido premium con su cuenta, sin cargo.<\/p>\n<div class=\"article-gating-legal tablet-desktop\">Al ingresar su correo electr\u00f3nico y presionar Continuar, acepta los T\u00e9rminos de uso y la Pol\u00edtica de privacidad de Fox News, que incluye nuestro Aviso de incentivo financiero.\n    <\/div>\n<p><span>Por favor, introduce una direcci\u00f3n de correo electr\u00f3nico v\u00e1lida.<\/span><\/p>\n<footer class=\"article-gating-footer\">\u00bfTienes problemas? Haga clic aqu\u00ed.<\/footer>\n<\/div>\n<\/div>\n<p class=\"speakable\">En una medida que, seg\u00fan algunos cr\u00edticos, ten\u00eda como objetivo influir en la administraci\u00f3n Trump y el Congreso, Karim Khan, controvertido fiscal de la Corte Penal Internacional (CPI), present\u00f3 solicitudes de \u00f3rdenes de arresto contra el alto l\u00edder talib\u00e1n Haibatullah Akhundzada y el presidente del Tribunal Supremo talib\u00e1n Abdul Hakim Haqqani por cr\u00edmenes contra la humanidad.<\/p>\n<p class=\"speakable\">El momento de la medida se produjo mientras el Senado de Estados Unidos se prepara para votar un proyecto de ley para sancionar a la CPI por su solicitud de \u00f3rdenes de arresto para el Primer Ministro israel\u00ed Benjam\u00edn Netanyahu y su ex ministro de Defensa, Yoav Gallant. El proyecto de ley de la C\u00e1mara fue aprobado el 9 de enero con apoyo bipartidista.<\/p>\n<p>La \u00abmedida de Khan es sin duda un pase de Ave Mar\u00eda para disuadir la votaci\u00f3n del Senado\u00bb, dijo a Fox News Digital Richard Goldberg, asesor principal de la Fundaci\u00f3n para la Defensa de las Democracias. A\u00f1adi\u00f3 que algunos en Washington \u00abpodr\u00edan caer en la farsa&#8230; Khan y la CPI ya nos han mostrado qui\u00e9nes y qu\u00e9 son. Todav\u00eda est\u00e1n investigando a los estadounidenses, est\u00e1n buscando el arresto de israel\u00edes, se han cruzado todas las l\u00edneas rojas y no hay evitando las consecuencias.\u00bb <\/p>\n<p><strong>LINDSEY GRAHAM EXIGE A LA CPI QUE REVELE DETALLES DE LA INVESTIGACI\u00d3N SOBRE LAS ALEGACIONES DE MALA CONDUCTA DEL FISCADOR KHAN<\/strong><\/p>\n<div class=\"image-ct inline\">\n<div class=\"m\"><picture><source media=\"(max-width: 767px)\" srcset=\"https:\/\/a57.foxnews.com\/static.foxnews.com\/foxnews.com\/content\/uploads\/2024\/05\/343\/192\/GettyImages-2150425252-scaled.jpg?ve=1&amp;tl=1, https:\/\/a57.foxnews.com\/static.foxnews.com\/foxnews.com\/content\/uploads\/2024\/05\/686\/384\/GettyImages-2150425252-scaled.jpg?ve=1&amp;tl=1 2x\" height=\"192\" width=\"343\"><source media=\"(min-width: 768px) and (max-width: 1023px)\" srcset=\"https:\/\/a57.foxnews.com\/static.foxnews.com\/foxnews.com\/content\/uploads\/2024\/05\/672\/378\/GettyImages-2150425252-scaled.jpg?ve=1&amp;tl=1, https:\/\/a57.foxnews.com\/static.foxnews.com\/foxnews.com\/content\/uploads\/2024\/05\/1344\/756\/GettyImages-2150425252-scaled.jpg?ve=1&amp;tl=1 2x\" height=\"378\" width=\"672\"><source media=\"(min-width: 1024px) and (max-width: 1279px)\" srcset=\"https:\/\/a57.foxnews.com\/static.foxnews.com\/foxnews.com\/content\/uploads\/2024\/05\/931\/523\/GettyImages-2150425252-scaled.jpg?ve=1&amp;tl=1, https:\/\/a57.foxnews.com\/static.foxnews.com\/foxnews.com\/content\/uploads\/2024\/05\/1862\/1046\/GettyImages-2150425252-scaled.jpg?ve=1&amp;tl=1 2x\" height=\"523\" width=\"931\"><source media=\"(min-width: 1280px)\" srcset=\"https:\/\/a57.foxnews.com\/static.foxnews.com\/foxnews.com\/content\/uploads\/2024\/05\/720\/405\/GettyImages-2150425252-scaled.jpg?ve=1&amp;tl=1, https:\/\/a57.foxnews.com\/static.foxnews.com\/foxnews.com\/content\/uploads\/2024\/05\/1440\/810\/GettyImages-2150425252-scaled.jpg?ve=1&amp;tl=1 2x\" height=\"405\" width=\"720\"><img loading=\"lazy\" decoding=\"async\" src=\"https:\/\/a57.foxnews.com\/static.foxnews.com\/foxnews.com\/content\/uploads\/2024\/05\/1200\/675\/GettyImages-2150425252-scaled.jpg?ve=1&amp;tl=1\" alt=\"Sede de La Haya, Pa\u00edses Bajos\" width=\"1200\" height=\"675\"\/><\/source><\/source><\/source><\/source><\/picture><\/div>\n<div class=\"info\">\n<div class=\"caption\">\n<p><span>El edificio de la Corte Penal Internacional (CPI) en La Haya, Pa\u00edses Bajos, el 30 de abril de 2024.<\/span> <span>(Selman Aksunger\/Anadolu v\u00eda Getty Images)<\/span><\/p>\n<\/div>\n<\/div>\n<\/div>\n<p>La Ley de Contraataque de Tribunales Ileg\u00edtimos sancionar\u00eda a los extranjeros que intenten arrestar, detener, procesar o investigar a ciudadanos de Estados Unidos o sus aliados, incluido Israel. Tambi\u00e9n intentar\u00eda recuperar los fondos asignados a la CPI y detener nuevas contribuciones judiciales. Estados Unidos no es parte del Estatuto de Roma.<\/p>\n<p>Rebecca Hamilton, ex abogada de la divisi\u00f3n de procesamiento de la CPI, escribi\u00f3 en Just Security sobre el doble rasero al que se ve obligado Estados Unidos al oponerse a la CPI tras las \u00f3rdenes de arresto de los talibanes. Dado el momento de la inminente votaci\u00f3n del Senado sobre un proyecto de ley que \u00abamenaza potencialmente la supervivencia misma de la CPI\u00bb, escribi\u00f3 Hamilton, \u00abse podr\u00eda argumentar entonces que el anuncio del Fiscal de la CPI del jueves fue menos sobre proseguir su mandato y m\u00e1s sobre intentar salvar su trabajo.\u00bb <\/p>\n<p>Al abordar el asunto, a\u00f1adi\u00f3: \u00abLa discreci\u00f3n que tiene el Fiscal de la CPI para determinar cu\u00e1ndo hacer p\u00fablico el anuncio de una solicitud de orden de arresto se utiliza a menudo estrat\u00e9gicamente, y seguramente lo ha sido en este caso. Pero las investigaciones de cr\u00edmenes internacionales no pueden posponerse juntos durante la noche.\u00bb<\/p>\n<div class=\"image-ct inline\">\n<div class=\"m\"><picture><source media=\"(max-width: 767px)\" srcset=\"https:\/\/a57.foxnews.com\/static.foxnews.com\/foxnews.com\/content\/uploads\/2024\/05\/343\/192\/karim-khan-icc.jpg?ve=1&amp;tl=1, https:\/\/a57.foxnews.com\/static.foxnews.com\/foxnews.com\/content\/uploads\/2024\/05\/686\/384\/karim-khan-icc.jpg?ve=1&amp;tl=1 2x\" height=\"192\" width=\"343\"><source media=\"(min-width: 768px) and (max-width: 1023px)\" srcset=\"https:\/\/a57.foxnews.com\/static.foxnews.com\/foxnews.com\/content\/uploads\/2024\/05\/672\/378\/karim-khan-icc.jpg?ve=1&amp;tl=1, https:\/\/a57.foxnews.com\/static.foxnews.com\/foxnews.com\/content\/uploads\/2024\/05\/1344\/756\/karim-khan-icc.jpg?ve=1&amp;tl=1 2x\" height=\"378\" width=\"672\"><source media=\"(min-width: 1024px) and (max-width: 1279px)\" srcset=\"https:\/\/a57.foxnews.com\/static.foxnews.com\/foxnews.com\/content\/uploads\/2024\/05\/931\/523\/karim-khan-icc.jpg?ve=1&amp;tl=1, https:\/\/a57.foxnews.com\/static.foxnews.com\/foxnews.com\/content\/uploads\/2024\/05\/1862\/1046\/karim-khan-icc.jpg?ve=1&amp;tl=1 2x\" height=\"523\" width=\"931\"><source media=\"(min-width: 1280px)\" srcset=\"https:\/\/a57.foxnews.com\/static.foxnews.com\/foxnews.com\/content\/uploads\/2024\/05\/720\/405\/karim-khan-icc.jpg?ve=1&amp;tl=1, https:\/\/a57.foxnews.com\/static.foxnews.com\/foxnews.com\/content\/uploads\/2024\/05\/1440\/810\/karim-khan-icc.jpg?ve=1&amp;tl=1 2x\" height=\"405\" width=\"720\"><img loading=\"lazy\" decoding=\"async\" src=\"https:\/\/a57.foxnews.com\/static.foxnews.com\/foxnews.com\/content\/uploads\/2024\/05\/1200\/675\/karim-khan-icc.jpg?ve=1&amp;tl=1\" alt=\"Karim Khan hablando ante un micr\u00f3fono\" width=\"1200\" height=\"675\"\/><\/source><\/source><\/source><\/source><\/picture><\/div>\n<div class=\"info\">\n<div class=\"caption\">\n<p><span>Karim Khan es el fiscal jefe de la CPI.<\/span> <span>(Im\u00e1genes falsas)<\/span><\/p>\n<\/div>\n<\/div>\n<\/div>\n<p>El embajador de Israel ante la ONU, Danny Danon, dijo a Fox News Digital: \u00abEl fiscal Karim Khan tiene una obsesi\u00f3n miope sobre Israel con los cargos de cr\u00edmenes de guerra formulados contra el primer ministro y ex ministro de defensa democr\u00e1ticamente elegido de Israel. Equiparar a los l\u00edderes de una democracia con los l\u00edderes de la organizaci\u00f3n terrorista Hamas \u2013 y m\u00e1s recientemente, con los talibanes \u2013 es un insulto a los principios de justicia.\u00bb<\/p>\n<p><strong>CORTE PENAL INTERNACIONAL: 20 A\u00d1OS, MIL MILLONES GASTADOS, \u00c9XITO LIMITADO MIENTRAS ESTADOS UNIDOS CONSIDERA SANCIONES<\/strong><\/p>\n<p>Danon dijo: \u00abLa CPI ha perdido su credibilidad, y ya es hora de revisar las verdaderas motivaciones de la CPI (y del fiscal Khan) para centrarse de manera tan intensa (y tan distorsionada) en Israel\u00bb.<\/p>\n<p>Fox News Digital se acerc\u00f3 a la CPI para preguntar por qu\u00e9 las \u00f3rdenes de arresto contra los l\u00edderes talibanes han tardado tanto en emitirse, as\u00ed como si existe equivalencia entre los cr\u00edmenes por los que la CPI busca acusar a los l\u00edderes talibanes y aquellos por los que la CPI ha acus\u00f3 Netanyahu y Gallant. <\/p>\n<p>La Oficina del Fiscal dijo a Fox News Digital que los anuncios en Afganist\u00e1n \u00abmarcaron la culminaci\u00f3n de un trabajo significativo entre la Oficina y las comunidades afectadas para buscar responsabilidad por presuntos cr\u00edmenes cometidos en Afganist\u00e1n\u00bb. La oficina declar\u00f3 que su investigaci\u00f3n sobre Afganist\u00e1n no se reanud\u00f3 hasta el 31 de octubre de 2022, despu\u00e9s de haber sido aplazada debido a \u00abuna impugnaci\u00f3n de admisibilidad por parte del anterior gobierno de Afganist\u00e1n\u00bb. <\/p>\n<div class=\"image-ct inline\">\n<div class=\"m\"><picture><source media=\"(max-width: 767px)\" srcset=\"https:\/\/a57.foxnews.com\/static.foxnews.com\/foxnews.com\/content\/uploads\/2024\/09\/343\/192\/Taliban.png?ve=1&amp;tl=1, https:\/\/a57.foxnews.com\/static.foxnews.com\/foxnews.com\/content\/uploads\/2024\/09\/686\/384\/Taliban.png?ve=1&amp;tl=1 2x\" height=\"192\" width=\"343\"><source media=\"(min-width: 768px) and (max-width: 1023px)\" srcset=\"https:\/\/a57.foxnews.com\/static.foxnews.com\/foxnews.com\/content\/uploads\/2024\/09\/672\/378\/Taliban.png?ve=1&amp;tl=1, https:\/\/a57.foxnews.com\/static.foxnews.com\/foxnews.com\/content\/uploads\/2024\/09\/1344\/756\/Taliban.png?ve=1&amp;tl=1 2x\" height=\"378\" width=\"672\"><source media=\"(min-width: 1024px) and (max-width: 1279px)\" srcset=\"https:\/\/a57.foxnews.com\/static.foxnews.com\/foxnews.com\/content\/uploads\/2024\/09\/931\/523\/Taliban.png?ve=1&amp;tl=1, https:\/\/a57.foxnews.com\/static.foxnews.com\/foxnews.com\/content\/uploads\/2024\/09\/1862\/1046\/Taliban.png?ve=1&amp;tl=1 2x\" height=\"523\" width=\"931\"><source media=\"(min-width: 1280px)\" srcset=\"https:\/\/a57.foxnews.com\/static.foxnews.com\/foxnews.com\/content\/uploads\/2024\/09\/720\/405\/Taliban.png?ve=1&amp;tl=1, https:\/\/a57.foxnews.com\/static.foxnews.com\/foxnews.com\/content\/uploads\/2024\/09\/1440\/810\/Taliban.png?ve=1&amp;tl=1 2x\" height=\"405\" width=\"720\"><img loading=\"lazy\" decoding=\"async\" src=\"https:\/\/a57.foxnews.com\/static.foxnews.com\/foxnews.com\/content\/uploads\/2024\/09\/1200\/675\/Taliban.png?ve=1&amp;tl=1\" alt=\"combatiente talib\u00e1n\" width=\"1200\" height=\"675\"\/><\/source><\/source><\/source><\/source><\/picture><\/div>\n<div class=\"info\">\n<div class=\"caption\">\n<p><span>Un combatiente talib\u00e1n hace guardia mientras las mujeres esperan recibir raciones de alimentos distribuidas por un grupo de ayuda humanitaria en Kabul, Afganist\u00e1n, el 23 de mayo de 2023.<\/span> <span>(Foto AP\/Ebrahim Noroozi, archivo)<\/span><\/p>\n<\/div>\n<\/div>\n<\/div>\n<p>La oficina de Khan dijo que sigue el mismo protocolo para la presentaci\u00f3n de todas las \u00f3rdenes de arresto, incluidas las de Afganist\u00e1n y las de los palestinos. Se\u00f1al\u00f3 que el a\u00f1o pasado, la CPI \u00absolicit\u00f3 u obtuvo \u00f3rdenes de arresto en situaciones que incluyen Afganist\u00e1n, Ucrania, Myanmar\/Bangladesh, el Estado de Palestina, Libia y Mali, as\u00ed como tambi\u00e9n llev\u00f3 adelante juicios en las situaciones de Mali, \u00c1frica Central y Rep\u00fablica y Darfur.\u00bb<\/p>\n<p><strong>EL PENT\u00c1GONO &#8216;RECHAZA fundamentalmente&#8217; LA DECISI\u00d3N DE LA CPI DE EMITIR ORDEN DE DETENCI\u00d3N CONTRA NETANYAHU<\/strong><\/p>\n<p>Un portavoz de la Uni\u00f3n Europea dijo que \u00abla UE respeta la independencia e imparcialidad del tribunal\u00bb. <\/p>\n<p>Si bien el portavoz no habl\u00f3 de los cargos contra funcionarios israel\u00edes, dijo: \u00abLa UE y sus Estados miembros apoyan iniciativas que garantizan la rendici\u00f3n de cuentas y recuerdan peri\u00f3dicamente que las violaciones sistem\u00e1ticas y sist\u00e9micas contra mujeres y ni\u00f1as en Afganist\u00e1n pueden equivaler a persecuci\u00f3n de g\u00e9nero, que es una crimen contra la humanidad bajo el Estatuto de Roma de la CPI del cual Afganist\u00e1n es Estado parte.\u00bb <\/p>\n<div class=\"image-ct inline\">\n<div class=\"m\"><picture><source media=\"(max-width: 767px)\" srcset=\"https:\/\/a57.foxnews.com\/static.foxnews.com\/foxnews.com\/content\/uploads\/2024\/10\/343\/192\/israeli-pm-and-dn-gallant-in-the-kirya-hq-during-the-strike-in-iran.jpg?ve=1&amp;tl=1, https:\/\/a57.foxnews.com\/static.foxnews.com\/foxnews.com\/content\/uploads\/2024\/10\/686\/384\/israeli-pm-and-dn-gallant-in-the-kirya-hq-during-the-strike-in-iran.jpg?ve=1&amp;tl=1 2x\" height=\"192\" width=\"343\"><source media=\"(min-width: 768px) and (max-width: 1023px)\" srcset=\"https:\/\/a57.foxnews.com\/static.foxnews.com\/foxnews.com\/content\/uploads\/2024\/10\/672\/378\/israeli-pm-and-dn-gallant-in-the-kirya-hq-during-the-strike-in-iran.jpg?ve=1&amp;tl=1, https:\/\/a57.foxnews.com\/static.foxnews.com\/foxnews.com\/content\/uploads\/2024\/10\/1344\/756\/israeli-pm-and-dn-gallant-in-the-kirya-hq-during-the-strike-in-iran.jpg?ve=1&amp;tl=1 2x\" height=\"378\" width=\"672\"><source media=\"(min-width: 1024px) and (max-width: 1279px)\" srcset=\"https:\/\/a57.foxnews.com\/static.foxnews.com\/foxnews.com\/content\/uploads\/2024\/10\/931\/523\/israeli-pm-and-dn-gallant-in-the-kirya-hq-during-the-strike-in-iran.jpg?ve=1&amp;tl=1, https:\/\/a57.foxnews.com\/static.foxnews.com\/foxnews.com\/content\/uploads\/2024\/10\/1862\/1046\/israeli-pm-and-dn-gallant-in-the-kirya-hq-during-the-strike-in-iran.jpg?ve=1&amp;tl=1 2x\" height=\"523\" width=\"931\"><source media=\"(min-width: 1280px)\" srcset=\"https:\/\/a57.foxnews.com\/static.foxnews.com\/foxnews.com\/content\/uploads\/2024\/10\/720\/405\/israeli-pm-and-dn-gallant-in-the-kirya-hq-during-the-strike-in-iran.jpg?ve=1&amp;tl=1, https:\/\/a57.foxnews.com\/static.foxnews.com\/foxnews.com\/content\/uploads\/2024\/10\/1440\/810\/israeli-pm-and-dn-gallant-in-the-kirya-hq-during-the-strike-in-iran.jpg?ve=1&amp;tl=1 2x\" height=\"405\" width=\"720\"><img loading=\"lazy\" decoding=\"async\" src=\"https:\/\/a57.foxnews.com\/static.foxnews.com\/foxnews.com\/content\/uploads\/2024\/10\/1200\/675\/israeli-pm-and-dn-gallant-in-the-kirya-hq-during-the-strike-in-iran.jpg?ve=1&amp;tl=1\" alt=\"El primer ministro israel\u00ed y DN Gallant en el cuartel general de Kirya durante el ataque en Ir\u00e1n\" width=\"1200\" height=\"675\"\/><\/source><\/source><\/source><\/source><\/picture><\/div>\n<div class=\"info\">\n<div class=\"caption\">\n<p><span>El primer ministro israel\u00ed, Benjam\u00edn Netanyahu, y el entonces ministro de Defensa, Yoav Gallant, con altos funcionarios militares durante el ataque a Ir\u00e1n.<\/span> <span>(Avi Ohayon\/GPO)<\/span><\/p>\n<\/div>\n<\/div>\n<\/div>\n<p>Un portavoz del secretario general de las Naciones Unidas, Antonio Guterres, no respondi\u00f3 a las preguntas de Fox News Digital sobre la equivalencia entre las \u00f3rdenes judiciales contra los l\u00edderes talibanes y israel\u00edes.<\/p>\n<p><strong>HAGA CLIC AQU\u00cd PARA OBTENER LA APLICACI\u00d3N FOX NEWS<\/strong><\/p>\n<p>El senador John Fetterman, dem\u00f3crata por Pensilvania, tuite\u00f3 el 24 de enero que planea votar a favor de la ICCA, explicando que \u00abel trato de la CPI hacia Israel y sus ambig\u00fcedades hacia Ham\u00e1s fueron inaceptables. Deber\u00edamos sancionar absolutamente a la CPI\u00bb.<\/p>\n<p>Goldberg, ex asesor de seguridad nacional durante el primer mandato del presidente Donald Trump, advirti\u00f3 que \u00ablas sanciones que surjan del Congreso ciertamente har\u00e1n la vida dif\u00edcil a los funcionarios y grupos que est\u00e1n librando una guerra legal contra nosotros, pero en realidad paralizar\u00e1n las operaciones de la CPI y pondr\u00e1n fin a la guerra legal\u00bb. Necesitaremos que la administraci\u00f3n Trump imponga sanciones directamente a la CPI. No estoy seguro de que los miembros del servicio estadounidense est\u00e9n a salvo hasta que eso suceda\u00bb. <\/p>\n<\/div>\n\n","protected":false},"excerpt":{"rendered":"<p>\u00danase a Fox News para acceder a este contenido Adem\u00e1s, acceso especial a art\u00edculos seleccionados y otro contenido premium con su cuenta, sin cargo. Al ingresar su correo electr\u00f3nico y presionar Continuar, acepta los T\u00e9rminos de uso y la Pol\u00edtica de privacidad de Fox News, que incluye nuestro Aviso de incentivo financiero. Por favor, introduce &hellip;<\/p>\n","protected":false},"author":1,"featured_media":12034,"comment_status":"open","ping_status":"open","sticky":false,"template":"","format":"standard","meta":{"fifu_image_url":"https:\/\/static.foxnews.com\/foxnews.com\/content\/uploads\/2024\/11\/trump-karim-khan.jpg","fifu_image_alt":"","footnotes":""},"categories":[13],"tags":[],"class_list":["post-12032","post","type-post","status-publish","format-standard","has-post-thumbnail","","category-mundo"],"_links":{"self":[{"href":"https:\/\/noticiasveraces.com\/index.php?rest_route=\/wp\/v2\/posts\/12032","targetHints":{"allow":["GET"]}}],"collection":[{"href":"https:\/\/noticiasveraces.com\/index.php?rest_route=\/wp\/v2\/posts"}],"about":[{"href":"https:\/\/noticiasveraces.com\/index.php?rest_route=\/wp\/v2\/types\/post"}],"author":[{"embeddable":true,"href":"https:\/\/noticiasveraces.com\/index.php?rest_route=\/wp\/v2\/users\/1"}],"replies":[{"embeddable":true,"href":"https:\/\/noticiasveraces.com\/index.php?rest_route=%2Fwp%2Fv2%2Fcomments&post=12032"}],"version-history":[{"count":0,"href":"https:\/\/noticiasveraces.com\/index.php?rest_route=\/wp\/v2\/posts\/12032\/revisions"}],"wp:featuredmedia":[{"embeddable":true,"href":"https:\/\/noticiasveraces.com\/index.php?rest_route=\/wp\/v2\/media\/12034"}],"wp:attachment":[{"href":"https:\/\/noticiasveraces.com\/index.php?rest_route=%2Fwp%2Fv2%2Fmedia&parent=12032"}],"wp:term":[{"taxonomy":"category","embeddable":true,"href":"https:\/\/noticiasveraces.com\/index.php?rest_route=%2Fwp%2Fv2%2Fcategories&post=12032"},{"taxonomy":"post_tag","embeddable":true,"href":"https:\/\/noticiasveraces.com\/index.php?rest_route=%2Fwp%2Fv2%2Ftags&post=12032"}],"curies":[{"name":"wp","href":"https:\/\/api.w.org\/{rel}","templated":true}]}}