{"id":12021,"date":"2025-01-26T11:18:12","date_gmt":"2025-01-26T15:18:12","guid":{"rendered":"https:\/\/noticiasveraces.com\/?p=12021"},"modified":"2025-01-26T11:18:12","modified_gmt":"2025-01-26T15:18:12","slug":"el-presidente-de-corea-del-sur-yoon-suk-yeol-acusado-de-juicio-politico-acusado-de-insurreccion","status":"publish","type":"post","link":"https:\/\/noticiasveraces.com\/?p=12021","title":{"rendered":"El presidente de Corea del Sur, Yoon Suk Yeol, acusado de juicio pol\u00edtico, acusado de insurrecci\u00f3n"},"content":{"rendered":"<p> \n<\/p>\n<div>\n<p class=\"speakable\">Los fiscales de Corea del Sur han acusado al presidente Yoon Suk Yeol de liderar una rebeli\u00f3n despu\u00e9s de que impusiera brevemente la ley marcial el mes pasado, seg\u00fan el partido de oposici\u00f3n del pa\u00eds, as\u00ed como varios informes de los medios de comunicaci\u00f3n surcoreanos. <\/p>\n<p class=\"speakable\">Yoon, un conservador, tiene inmunidad presidencial frente a la mayor\u00eda de los procesos penales, pero el privilegio no se extiende a las acusaciones de rebeli\u00f3n o traici\u00f3n. Por ley en Corea del Sur, el l\u00edder de una rebeli\u00f3n puede enfrentar cadena perpetua o pena de muerte. <\/p>\n<p>\u00abLa fiscal\u00eda ha decidido acusar a Yoon Suk Yeol, que se enfrenta a cargos de ser cabecilla de la insurrecci\u00f3n\u00bb, dijo el portavoz del Partido Dem\u00f3crata Han Min-soo en una conferencia de prensa, seg\u00fan Reuters. \u00abEl castigo del cabecilla de la insurrecci\u00f3n comienza ahora por fin.\u00bb<\/p>\n<p>La medida anunciada el domingo convierte a Yoon en el primer presidente surcoreano en funciones que enfrenta una acusaci\u00f3n y una investigaci\u00f3n criminal, seg\u00fan el Washington Post. <\/p>\n<p>Yoon se convirti\u00f3 en el segundo presidente conservador en ser acusado en Corea del Sur cuando el parlamento liderado por la oposici\u00f3n vot\u00f3 a favor de suspender sus funciones el 14 de diciembre. <\/p>\n<p><strong>PRESIDENTE SUR COREA DETENIDO SEMANAS DESPU\u00c9S DEL CAOS DE LA LEY MARCIAL<\/strong><\/p>\n<div class=\"image-ct inline\">\n<div class=\"m\"><picture><source media=\"(max-width: 767px)\" srcset=\"https:\/\/a57.foxnews.com\/static.foxnews.com\/foxnews.com\/content\/uploads\/2025\/01\/343\/192\/ap25023210014323.jpg?ve=1&amp;tl=1, https:\/\/a57.foxnews.com\/static.foxnews.com\/foxnews.com\/content\/uploads\/2025\/01\/686\/384\/ap25023210014323.jpg?ve=1&amp;tl=1 2x\" height=\"192\" width=\"343\"><source media=\"(min-width: 768px) and (max-width: 1023px)\" srcset=\"https:\/\/a57.foxnews.com\/static.foxnews.com\/foxnews.com\/content\/uploads\/2025\/01\/672\/378\/ap25023210014323.jpg?ve=1&amp;tl=1, https:\/\/a57.foxnews.com\/static.foxnews.com\/foxnews.com\/content\/uploads\/2025\/01\/1344\/756\/ap25023210014323.jpg?ve=1&amp;tl=1 2x\" height=\"378\" width=\"672\"><source media=\"(min-width: 1024px) and (max-width: 1279px)\" srcset=\"https:\/\/a57.foxnews.com\/static.foxnews.com\/foxnews.com\/content\/uploads\/2025\/01\/931\/523\/ap25023210014323.jpg?ve=1&amp;tl=1, https:\/\/a57.foxnews.com\/static.foxnews.com\/foxnews.com\/content\/uploads\/2025\/01\/1862\/1046\/ap25023210014323.jpg?ve=1&amp;tl=1 2x\" height=\"523\" width=\"931\"><source media=\"(min-width: 1280px)\" srcset=\"https:\/\/a57.foxnews.com\/static.foxnews.com\/foxnews.com\/content\/uploads\/2025\/01\/720\/405\/ap25023210014323.jpg?ve=1&amp;tl=1, https:\/\/a57.foxnews.com\/static.foxnews.com\/foxnews.com\/content\/uploads\/2025\/01\/1440\/810\/ap25023210014323.jpg?ve=1&amp;tl=1 2x\" height=\"405\" width=\"720\"><img loading=\"lazy\" decoding=\"async\" src=\"https:\/\/a57.foxnews.com\/static.foxnews.com\/foxnews.com\/content\/uploads\/2025\/01\/1200\/675\/ap25023210014323.jpg?ve=1&amp;tl=1\" alt=\"Yoon Suk Yeol en la corte\" width=\"1200\" height=\"675\"\/><\/source><\/source><\/source><\/source><\/picture><\/div>\n<div class=\"info\">\n<div class=\"caption\">\n<p><span>El presidente acusado de Corea del Sur, Yoon Suk Yeol, asiste a la cuarta audiencia de su juicio pol\u00edtico por su breve imposici\u00f3n de la ley marcial en el Tribunal Constitucional de Se\u00fal, Corea del Sur, el 23 de enero de 2025. <\/span> <span>(Jeon Heon Kyun\/Pool Photo v\u00eda AP)<\/span><\/p>\n<\/div>\n<\/div>\n<\/div>\n<p>Fue arrestado a principios de este mes por su decreto de ley marcial del 3 de diciembre de 2024 que sumi\u00f3 a la cuarta econom\u00eda m\u00e1s grande de Asia y un aliado clave de Estados Unidos en una agitaci\u00f3n pol\u00edtica. Yoon ha negado rotundamente haber actuado mal y ha calificado su ley marcial como un acto leg\u00edtimo de gobierno destinado a crear conciencia p\u00fablica sobre el peligro de la Asamblea Nacional controlada por los liberales, que obstruy\u00f3 su agenda y destituy\u00f3 a altos funcionarios. <\/p>\n<p>Al declarar la ley marcial, Yoon llam\u00f3 a la asamblea \u00abuna guarida de criminales\u00bb y prometi\u00f3 eliminar a los \u00abdesvergonzados seguidores de Corea del Norte y las fuerzas antiestatales\u00bb. <\/p>\n<p>Envi\u00f3 tropas y agentes de polic\u00eda a la asamblea, pero aun as\u00ed suficientes legisladores lograron entrar en una c\u00e1mara de la asamblea para rechazar el decreto de Yoon por unanimidad, lo que oblig\u00f3 a su gabinete a levantarlo. <\/p>\n<p>Aunque Yoon rescindi\u00f3 el decreto despu\u00e9s de s\u00f3lo seis horas, la imposici\u00f3n de la ley marcial fue la primera de su tipo en Corea del Sur en m\u00e1s de 40 a\u00f1os y evoc\u00f3 dolorosos recuerdos de pasadas reglas dictatoriales en las d\u00e9cadas de 1960 y 1980. <\/p>\n<p>Yoon se hab\u00eda resistido a los esfuerzos de las autoridades investigadoras para interrogarlo o detenerlo. Despu\u00e9s de un enfrentamiento de d\u00edas entre su equipo de seguridad y las autoridades, Yoon fue detenido el 15 de enero en una operaci\u00f3n policial masiva en su complejo presidencial, convirti\u00e9ndose en el primer presidente surcoreano en ejercicio en ser arrestado. Yoon, un exfiscal, ha estado recluido en r\u00e9gimen de aislamiento desde entonces, seg\u00fan Reuters. <\/p>\n<div class=\"image-ct inline\">\n<div class=\"m\"><picture><source media=\"(max-width: 767px)\" srcset=\"https:\/\/a57.foxnews.com\/static.foxnews.com\/foxnews.com\/content\/uploads\/2025\/01\/343\/192\/ap25023276886846.jpg?ve=1&amp;tl=1, https:\/\/a57.foxnews.com\/static.foxnews.com\/foxnews.com\/content\/uploads\/2025\/01\/686\/384\/ap25023276886846.jpg?ve=1&amp;tl=1 2x\" height=\"192\" width=\"343\"><source media=\"(min-width: 768px) and (max-width: 1023px)\" srcset=\"https:\/\/a57.foxnews.com\/static.foxnews.com\/foxnews.com\/content\/uploads\/2025\/01\/672\/378\/ap25023276886846.jpg?ve=1&amp;tl=1, https:\/\/a57.foxnews.com\/static.foxnews.com\/foxnews.com\/content\/uploads\/2025\/01\/1344\/756\/ap25023276886846.jpg?ve=1&amp;tl=1 2x\" height=\"378\" width=\"672\"><source media=\"(min-width: 1024px) and (max-width: 1279px)\" srcset=\"https:\/\/a57.foxnews.com\/static.foxnews.com\/foxnews.com\/content\/uploads\/2025\/01\/931\/523\/ap25023276886846.jpg?ve=1&amp;tl=1, https:\/\/a57.foxnews.com\/static.foxnews.com\/foxnews.com\/content\/uploads\/2025\/01\/1862\/1046\/ap25023276886846.jpg?ve=1&amp;tl=1 2x\" height=\"523\" width=\"931\"><source media=\"(min-width: 1280px)\" srcset=\"https:\/\/a57.foxnews.com\/static.foxnews.com\/foxnews.com\/content\/uploads\/2025\/01\/720\/405\/ap25023276886846.jpg?ve=1&amp;tl=1, https:\/\/a57.foxnews.com\/static.foxnews.com\/foxnews.com\/content\/uploads\/2025\/01\/1440\/810\/ap25023276886846.jpg?ve=1&amp;tl=1 2x\" height=\"405\" width=\"720\"><img loading=\"lazy\" decoding=\"async\" src=\"https:\/\/a57.foxnews.com\/static.foxnews.com\/foxnews.com\/content\/uploads\/2025\/01\/1200\/675\/ap25023276886846.jpg?ve=1&amp;tl=1\" alt=\"Cartel de 'Stop the Steal' en un mitin de Yoon Suk Yeol\" width=\"1200\" height=\"675\"\/><\/source><\/source><\/source><\/source><\/picture><\/div>\n<div class=\"info\">\n<div class=\"caption\">\n<p><span>Los partidarios del presidente surcoreano acusado, Yoon Suk Yeol, asisten a una manifestaci\u00f3n para oponerse a su juicio pol\u00edtico cerca del Tribunal Constitucional en Se\u00fal, Corea del Sur, el jueves 23 de enero de 2025.<\/span> <span>(Foto AP\/Ahn Young-joon)<\/span><\/p>\n<\/div>\n<\/div>\n<\/div>\n<p><strong>EL PRESIDENTE ACUSADO DE COREA DEL SUR EVITA EL INTENTO DE DETENCI\u00d3N TRAS UNA HORA DE ENFRENTAMIENTO<\/strong><\/p>\n<p>Despu\u00e9s de que un tribunal local aprobara el 19 de enero una orden de arresto formal para extender la detenci\u00f3n de Yoon, decenas de sus partidarios irrumpieron en el edificio del tribunal, destruyendo ventanas, puertas y otras propiedades, seg\u00fan Associated Press. Tambi\u00e9n atacaron a los agentes de polic\u00eda con ladrillos, tubos de acero y otros objetos. La violencia dej\u00f3 17 agentes de polic\u00eda heridos y la polic\u00eda dijo que detuvo a 46 manifestantes.<\/p>\n<p>Aparte de los procedimientos judiciales penales, el Tribunal Constitucional est\u00e1 deliberando ahora si destituir formalmente a Yoon como presidente o restituirlo.<\/p>\n<p>La investigaci\u00f3n de Yoon estuvo a cargo de la Oficina de Investigaci\u00f3n de Corrupci\u00f3n para Funcionarios de Alto Rango, pero desde su detenci\u00f3n Yoon se ha negado a asistir al interrogatorio del CIO, diciendo que no tiene autoridad legal para investigar acusaciones de rebeli\u00f3n. El CIO ha dicho que puede investigar la acusaci\u00f3n de rebeli\u00f3n de Yoon ya que est\u00e1 relacionada con su abuso de poder y otras acusaciones. <\/p>\n<div class=\"image-ct inline\">\n<div class=\"m\"><picture><source media=\"(max-width: 767px)\" srcset=\"https:\/\/a57.foxnews.com\/static.foxnews.com\/foxnews.com\/content\/uploads\/2025\/01\/343\/192\/ap25025212079491.jpg?ve=1&amp;tl=1, https:\/\/a57.foxnews.com\/static.foxnews.com\/foxnews.com\/content\/uploads\/2025\/01\/686\/384\/ap25025212079491.jpg?ve=1&amp;tl=1 2x\" height=\"192\" width=\"343\"><source media=\"(min-width: 768px) and (max-width: 1023px)\" srcset=\"https:\/\/a57.foxnews.com\/static.foxnews.com\/foxnews.com\/content\/uploads\/2025\/01\/672\/378\/ap25025212079491.jpg?ve=1&amp;tl=1, https:\/\/a57.foxnews.com\/static.foxnews.com\/foxnews.com\/content\/uploads\/2025\/01\/1344\/756\/ap25025212079491.jpg?ve=1&amp;tl=1 2x\" height=\"378\" width=\"672\"><source media=\"(min-width: 1024px) and (max-width: 1279px)\" srcset=\"https:\/\/a57.foxnews.com\/static.foxnews.com\/foxnews.com\/content\/uploads\/2025\/01\/931\/523\/ap25025212079491.jpg?ve=1&amp;tl=1, https:\/\/a57.foxnews.com\/static.foxnews.com\/foxnews.com\/content\/uploads\/2025\/01\/1862\/1046\/ap25025212079491.jpg?ve=1&amp;tl=1 2x\" height=\"523\" width=\"931\"><source media=\"(min-width: 1280px)\" srcset=\"https:\/\/a57.foxnews.com\/static.foxnews.com\/foxnews.com\/content\/uploads\/2025\/01\/720\/405\/ap25025212079491.jpg?ve=1&amp;tl=1, https:\/\/a57.foxnews.com\/static.foxnews.com\/foxnews.com\/content\/uploads\/2025\/01\/1440\/810\/ap25025212079491.jpg?ve=1&amp;tl=1 2x\" height=\"405\" width=\"720\"><img loading=\"lazy\" decoding=\"async\" src=\"https:\/\/a57.foxnews.com\/static.foxnews.com\/foxnews.com\/content\/uploads\/2025\/01\/1200\/675\/ap25025212079491.jpg?ve=1&amp;tl=1\" alt=\"Partidarios de Yoon Suk Yeol en una manifestaci\u00f3n sosteniendo carteles\" width=\"1200\" height=\"675\"\/><\/source><\/source><\/source><\/source><\/picture><\/div>\n<div class=\"info\">\n<div class=\"caption\">\n<p><span>Los partidarios del presidente surcoreano acusado, Yoon Suk Yeol, asisten a una manifestaci\u00f3n para oponerse a su juicio pol\u00edtico en Se\u00fal, Corea del Sur, el s\u00e1bado 25 de enero de 2025. <\/span> <span>(Foto AP\/Ahn Young-joon)<\/span><\/p>\n<\/div>\n<\/div>\n<\/div>\n<p>El CIO entreg\u00f3 el viernes el caso de Yoon a la oficina del fiscal de Se\u00fal y le pidi\u00f3 que lo acusara de rebeli\u00f3n, abuso de poder y obstrucci\u00f3n de la Asamblea Nacional. <\/p>\n<p>En una declaraci\u00f3n del s\u00e1bado, el equipo de defensa de Yoon inst\u00f3 a los fiscales a liberar inmediatamente a Yoon e iniciar una investigaci\u00f3n sobre el CIO.<\/p>\n<p>Los medios de comunicaci\u00f3n surcoreanos, incluida la agencia de noticias Yonhap, informaron el domingo que la Fiscal\u00eda del Distrito Central de Se\u00fal acus\u00f3 a Yoon de rebeli\u00f3n.<\/p>\n<p><strong><u>HAGA CLIC AQU\u00cd PARA OBTENER LA APLICACI\u00d3N FOX NEWS<\/u><\/strong><\/p>\n<p>El ministro de Defensa, el jefe de polic\u00eda y varios otros comandantes militares de Yoon ya han sido arrestados por su papel en el decreto de ley marcial.<\/p>\n<p><i>La Prensa Asociada contribuy\u00f3 a este informe.<\/i><\/p>\n<p> <!----> <\/p>\n<div class=\"article-meta\">\n<div class=\"author-bio\">\n<p>Danielle Wallace es reportera de pol\u00edtica y noticias de \u00faltima hora en Fox News Digital. Se pueden enviar consejos sobre historias a danielle.wallace@fox.com y en X: @danimwallace. <\/p>\n<\/div>\n<\/div>\n<\/div>\n\n","protected":false},"excerpt":{"rendered":"<p>Los fiscales de Corea del Sur han acusado al presidente Yoon Suk Yeol de liderar una rebeli\u00f3n despu\u00e9s de que impusiera brevemente la ley marcial el mes pasado, seg\u00fan el partido de oposici\u00f3n del pa\u00eds, as\u00ed como varios informes de los medios de comunicaci\u00f3n surcoreanos. Yoon, un conservador, tiene inmunidad presidencial frente a la mayor\u00eda &hellip;<\/p>\n","protected":false},"author":1,"featured_media":12023,"comment_status":"open","ping_status":"open","sticky":false,"template":"","format":"standard","meta":{"fifu_image_url":"https:\/\/static.foxnews.com\/foxnews.com\/content\/uploads\/2025\/01\/ap25023210014323.jpg","fifu_image_alt":"","footnotes":""},"categories":[13],"tags":[],"class_list":["post-12021","post","type-post","status-publish","format-standard","has-post-thumbnail","","category-mundo"],"_links":{"self":[{"href":"https:\/\/noticiasveraces.com\/index.php?rest_route=\/wp\/v2\/posts\/12021","targetHints":{"allow":["GET"]}}],"collection":[{"href":"https:\/\/noticiasveraces.com\/index.php?rest_route=\/wp\/v2\/posts"}],"about":[{"href":"https:\/\/noticiasveraces.com\/index.php?rest_route=\/wp\/v2\/types\/post"}],"author":[{"embeddable":true,"href":"https:\/\/noticiasveraces.com\/index.php?rest_route=\/wp\/v2\/users\/1"}],"replies":[{"embeddable":true,"href":"https:\/\/noticiasveraces.com\/index.php?rest_route=%2Fwp%2Fv2%2Fcomments&post=12021"}],"version-history":[{"count":0,"href":"https:\/\/noticiasveraces.com\/index.php?rest_route=\/wp\/v2\/posts\/12021\/revisions"}],"wp:featuredmedia":[{"embeddable":true,"href":"https:\/\/noticiasveraces.com\/index.php?rest_route=\/wp\/v2\/media\/12023"}],"wp:attachment":[{"href":"https:\/\/noticiasveraces.com\/index.php?rest_route=%2Fwp%2Fv2%2Fmedia&parent=12021"}],"wp:term":[{"taxonomy":"category","embeddable":true,"href":"https:\/\/noticiasveraces.com\/index.php?rest_route=%2Fwp%2Fv2%2Fcategories&post=12021"},{"taxonomy":"post_tag","embeddable":true,"href":"https:\/\/noticiasveraces.com\/index.php?rest_route=%2Fwp%2Fv2%2Ftags&post=12021"}],"curies":[{"name":"wp","href":"https:\/\/api.w.org\/{rel}","templated":true}]}}