{"id":12013,"date":"2025-01-26T09:10:12","date_gmt":"2025-01-26T13:10:12","guid":{"rendered":"https:\/\/noticiasveraces.com\/?p=12013"},"modified":"2025-01-26T09:10:12","modified_gmt":"2025-01-26T13:10:12","slug":"dia-del-recuerdo-del-holocausto-una-ciudad-una-vez-habitada-por-nazis-se-reconcilia-con-el-pasado","status":"publish","type":"post","link":"https:\/\/noticiasveraces.com\/?p=12013","title":{"rendered":"D\u00eda del recuerdo del Holocausto: una ciudad una vez habitada por nazis se reconcilia con el pasado"},"content":{"rendered":"<p> \n<\/p>\n<div>\n<p class=\"speakable\">La v\u00edrgenes universitarias alemanas de T\u00fcbingen florece hoy, en marcado contraste con su oscuro pasado.<\/p>\n<p class=\"speakable\">La ciudad suroeste de 90,000 fue una vez el hogar de Theodor Dannecker, un capit\u00e1n nazi y uno de los ayudantes m\u00e1s cercanos a Adolf Eichmann, conocido como el \u00abArquitecto del Holocausto\u00bb. En 1933, la Universidad de T\u00fcbingen, donde muchos de los infames soldados nazis conocidos como SS entrenaron hasta 1945, se anunciaron con orgullo como \u00ablibre de jud\u00edos\u00bb. En estos d\u00edas, T\u00fcbingen reconoce su dolorosa historia para elevarse por encima de ella.<\/p>\n<p>\u00abSolo podemos vivir aqu\u00ed como cristianos en esta congregaci\u00f3n si asumimos la responsabilidad de la historia de esta ciudad\u00bb, Jobst Bittner, fundador de la Iglesia TOS de T\u00fcbingen y la Iniciativa March of Life, donde los descendientes de los nazis organizan marchas contra el antisemitismo con cristianos y Los jud\u00edos en todo el mundo, dijeron el canal 11 de Israel.<\/p>\n<div class=\"image-ct inline\">\n<div class=\"m\"><picture><source media=\"(max-width: 767px)\" srcset=\"https:\/\/a57.foxnews.com\/static.foxnews.com\/foxnews.com\/content\/uploads\/2025\/01\/343\/192\/holocaust-survivor-2.jpg?ve=1&amp;tl=1, https:\/\/a57.foxnews.com\/static.foxnews.com\/foxnews.com\/content\/uploads\/2025\/01\/686\/384\/holocaust-survivor-2.jpg?ve=1&amp;tl=1 2x\" height=\"192\" width=\"343\"><source media=\"(min-width: 768px) and (max-width: 1023px)\" srcset=\"https:\/\/a57.foxnews.com\/static.foxnews.com\/foxnews.com\/content\/uploads\/2025\/01\/672\/378\/holocaust-survivor-2.jpg?ve=1&amp;tl=1, https:\/\/a57.foxnews.com\/static.foxnews.com\/foxnews.com\/content\/uploads\/2025\/01\/1344\/756\/holocaust-survivor-2.jpg?ve=1&amp;tl=1 2x\" height=\"378\" width=\"672\"><source media=\"(min-width: 1024px) and (max-width: 1279px)\" srcset=\"https:\/\/a57.foxnews.com\/static.foxnews.com\/foxnews.com\/content\/uploads\/2025\/01\/931\/523\/holocaust-survivor-2.jpg?ve=1&amp;tl=1, https:\/\/a57.foxnews.com\/static.foxnews.com\/foxnews.com\/content\/uploads\/2025\/01\/1862\/1046\/holocaust-survivor-2.jpg?ve=1&amp;tl=1 2x\" height=\"523\" width=\"931\"><source media=\"(min-width: 1280px)\" srcset=\"https:\/\/a57.foxnews.com\/static.foxnews.com\/foxnews.com\/content\/uploads\/2025\/01\/720\/405\/holocaust-survivor-2.jpg?ve=1&amp;tl=1, https:\/\/a57.foxnews.com\/static.foxnews.com\/foxnews.com\/content\/uploads\/2025\/01\/1440\/810\/holocaust-survivor-2.jpg?ve=1&amp;tl=1 2x\" height=\"405\" width=\"720\"><img loading=\"lazy\" decoding=\"async\" src=\"https:\/\/a57.foxnews.com\/static.foxnews.com\/foxnews.com\/content\/uploads\/2025\/01\/1200\/675\/holocaust-survivor-2.jpg?ve=1&amp;tl=1\" alt=\"Dos hombres se abrazan\" width=\"1200\" height=\"675\"\/><\/source><\/source><\/source><\/source><\/picture><\/div>\n<div class=\"info\">\n<div class=\"caption\">\n<p><span>El descendiente nazi Frank Pfeiffer, a la izquierda, abraza el sobreviviente del Holocausto Yechiel Aleksander.<\/span> <span>(Marcha de la vida)<\/span><\/p>\n<\/div>\n<\/div>\n<\/div>\n<p>El informe de la tienda de televisi\u00f3n mostr\u00f3 un estandarte a trav\u00e9s de las ventanas de la Iglesia TOS que dec\u00eda \u00abTrae a casa ahora\u00bb, una llamada para lanzar casi 100 rehenes israel\u00edes y estadounidenses en poder de Hamas en Gaza desde el 7 de octubre de 2023. Dentro de la Iglesia hay un Almacene con mercanc\u00edas y libros sobre Israel. Abajo est\u00e1 el \u00abMuseo de Culpa\u00bb, que muestra im\u00e1genes de nazis de T\u00fcbingen, con fotograf\u00edas de tumbas masivas que alguna vez estuvieron ocultas en cajas de cigarros como recuerdos del Holocausto.<\/p>\n<p><strong>Haga clic aqu\u00ed para obtener la cobertura de Fox News Digital de &#8216;Antisemitismo expuesto&#8217;<\/strong><\/p>\n<p>Otro segmento en el informe mostr\u00f3 a los j\u00f3venes de la iglesia cantando \u00abAm Yisrael Chai\u00bb (\u00abLa gente de Israel vive\u00bb) a pesar de que apenas conocen hebreo. Durante las vacaciones de Sukkot, construyen Sukkahs (caba\u00f1as temporales) para celebrar la libertad de los israelitas de la esclavitud en Egipto.<\/p>\n<p>Heinz Reuss, un anciano en la Iglesia TOS y director internacional de March of Life, describi\u00f3 el Sukkot del a\u00f1o pasado celebrado en la plaza del mercado en el centro de la ciudad como \u00abmuy hermosa\u00bb. Dijo que los rabinos de la pr\u00f3xima ciudad llegaron a T\u00fcbingen para recitar bendiciones, tal como lo hace durante Hanukkah cuando encienden las velas de Menorah.<\/p>\n<div class=\"image-ct inline\">\n<div class=\"m\"><picture><source media=\"(max-width: 767px)\" srcset=\"https:\/\/a57.foxnews.com\/static.foxnews.com\/foxnews.com\/content\/uploads\/2025\/01\/343\/192\/holocaust-survivor-3.jpg?ve=1&amp;tl=1, https:\/\/a57.foxnews.com\/static.foxnews.com\/foxnews.com\/content\/uploads\/2025\/01\/686\/384\/holocaust-survivor-3.jpg?ve=1&amp;tl=1 2x\" height=\"192\" width=\"343\"><source media=\"(min-width: 768px) and (max-width: 1023px)\" srcset=\"https:\/\/a57.foxnews.com\/static.foxnews.com\/foxnews.com\/content\/uploads\/2025\/01\/672\/378\/holocaust-survivor-3.jpg?ve=1&amp;tl=1, https:\/\/a57.foxnews.com\/static.foxnews.com\/foxnews.com\/content\/uploads\/2025\/01\/1344\/756\/holocaust-survivor-3.jpg?ve=1&amp;tl=1 2x\" height=\"378\" width=\"672\"><source media=\"(min-width: 1024px) and (max-width: 1279px)\" srcset=\"https:\/\/a57.foxnews.com\/static.foxnews.com\/foxnews.com\/content\/uploads\/2025\/01\/931\/523\/holocaust-survivor-3.jpg?ve=1&amp;tl=1, https:\/\/a57.foxnews.com\/static.foxnews.com\/foxnews.com\/content\/uploads\/2025\/01\/1862\/1046\/holocaust-survivor-3.jpg?ve=1&amp;tl=1 2x\" height=\"523\" width=\"931\"><source media=\"(min-width: 1280px)\" srcset=\"https:\/\/a57.foxnews.com\/static.foxnews.com\/foxnews.com\/content\/uploads\/2025\/01\/720\/405\/holocaust-survivor-3.jpg?ve=1&amp;tl=1, https:\/\/a57.foxnews.com\/static.foxnews.com\/foxnews.com\/content\/uploads\/2025\/01\/1440\/810\/holocaust-survivor-3.jpg?ve=1&amp;tl=1 2x\" height=\"405\" width=\"720\"><img loading=\"lazy\" decoding=\"async\" src=\"https:\/\/a57.foxnews.com\/static.foxnews.com\/foxnews.com\/content\/uploads\/2025\/01\/1200\/675\/holocaust-survivor-3.jpg?ve=1&amp;tl=1\" alt=\"La gente se alinea afuera\" width=\"1200\" height=\"675\"\/><\/source><\/source><\/source><\/source><\/picture><\/div>\n<div class=\"info\">\n<div class=\"caption\">\n<p><span>El antiguo campo de concentraci\u00f3n de Auschwitz-Birkenau en el que los nazis corrieron en Polonia ocupada ahora es un monumento y un museo.<\/span> <span>(Marcha de la vida)<\/span><\/p>\n<\/div>\n<\/div>\n<\/div>\n<p>El musical, \u00abUn barco hace historia\u00bb, basada en la historia de un sobreviviente y \u00e9xodo del Holocausto, tambi\u00e9n se ha realizado durante Hanukkah. Michaela Buckel, directora del programa del movimiento March of Life y autor de la obra, describi\u00f3 c\u00f3mo ense\u00f1a a los ni\u00f1os sobre el Holocausto de una manera no amenazante y que se inspir\u00f3 en la resistencia del pueblo jud\u00edo despu\u00e9s del Holocausto.<\/p>\n<p>\u00abQuer\u00eda centrar la obra en esta voluntad de vivir y luchar por una nueva vida, a pesar de que es dif\u00edcil\u00bb, dijo.<\/p>\n<p>Reuss dijo que los cristianos de su iglesia celebran algunas de las fiestas jud\u00edas como un gesto de amistad y reconocer \u00abde ah\u00ed proviene la bendici\u00f3n, las ra\u00edces jud\u00edas\u00bb.<\/p>\n<p>Al dirigirse a la historia antisemita de la ciudad, Reuss record\u00f3 un punto de inflexi\u00f3n en 2003, cuando muchos congregantes comenzaron a descubrir que sus propios miembros de la familia hab\u00edan sido nazis.<\/p>\n<p>\u00abFue un poderoso momento de arrepentimiento y tambi\u00e9n de curaci\u00f3n de alguna manera\u00bb, dijo. <\/p>\n<div class=\"image-ct inline\">\n<div class=\"m\"><picture><source media=\"(max-width: 767px)\" srcset=\"https:\/\/a57.foxnews.com\/static.foxnews.com\/foxnews.com\/content\/uploads\/2025\/01\/343\/192\/holocaust-survivor-1.jpg?ve=1&amp;tl=1, https:\/\/a57.foxnews.com\/static.foxnews.com\/foxnews.com\/content\/uploads\/2025\/01\/686\/384\/holocaust-survivor-1.jpg?ve=1&amp;tl=1 2x\" height=\"192\" width=\"343\"><source media=\"(min-width: 768px) and (max-width: 1023px)\" srcset=\"https:\/\/a57.foxnews.com\/static.foxnews.com\/foxnews.com\/content\/uploads\/2025\/01\/672\/378\/holocaust-survivor-1.jpg?ve=1&amp;tl=1, https:\/\/a57.foxnews.com\/static.foxnews.com\/foxnews.com\/content\/uploads\/2025\/01\/1344\/756\/holocaust-survivor-1.jpg?ve=1&amp;tl=1 2x\" height=\"378\" width=\"672\"><source media=\"(min-width: 1024px) and (max-width: 1279px)\" srcset=\"https:\/\/a57.foxnews.com\/static.foxnews.com\/foxnews.com\/content\/uploads\/2025\/01\/931\/523\/holocaust-survivor-1.jpg?ve=1&amp;tl=1, https:\/\/a57.foxnews.com\/static.foxnews.com\/foxnews.com\/content\/uploads\/2025\/01\/1862\/1046\/holocaust-survivor-1.jpg?ve=1&amp;tl=1 2x\" height=\"523\" width=\"931\"><source media=\"(min-width: 1280px)\" srcset=\"https:\/\/a57.foxnews.com\/static.foxnews.com\/foxnews.com\/content\/uploads\/2025\/01\/720\/405\/holocaust-survivor-1.jpg?ve=1&amp;tl=1, https:\/\/a57.foxnews.com\/static.foxnews.com\/foxnews.com\/content\/uploads\/2025\/01\/1440\/810\/holocaust-survivor-1.jpg?ve=1&amp;tl=1 2x\" height=\"405\" width=\"720\"><img loading=\"lazy\" decoding=\"async\" src=\"https:\/\/a57.foxnews.com\/static.foxnews.com\/foxnews.com\/content\/uploads\/2025\/01\/1200\/675\/holocaust-survivor-1.jpg?ve=1&amp;tl=1\" alt=\"Mujer habla en podio\" width=\"1200\" height=\"675\"\/><\/source><\/source><\/source><\/source><\/picture><\/div>\n<div class=\"info\">\n<div class=\"caption\">\n<p><span>La sobreviviente del Holocausto, Irene Shashar, hablar\u00e1 en la Iglesia TOS en T\u00fcbingen, Alemania, en la v\u00edspera del D\u00eda del Recuerdo del Holocausto, que est\u00e1 marcado el 27 de enero.<\/span> <span>(Daina le Lardic)<\/span><\/p>\n<\/div>\n<\/div>\n<\/div>\n<p>El l\u00edder de adoraci\u00f3n de TOS, Kim-Sophie Kasch, de 24 a\u00f1os, le dijo a Fox News Digital que cuando ten\u00eda 7 a\u00f1os, despu\u00e9s de que su bisabuelo muri\u00f3, su familia descubri\u00f3 que era nazi. Hab\u00eda sido parte de las fuerzas armadas de Wehrmacht de la Alemania nazi y hab\u00eda estado en \u00e1reas europeas \u00abdonde cometieron cr\u00edmenes contra la poblaci\u00f3n polaca-lituana (y) tambi\u00e9n a los jud\u00edos que viv\u00edan all\u00ed\u00bb.<\/p>\n<p>Kasch describi\u00f3 a su padre como \u00abrealmente sorprendido cuando se enter\u00f3 de su abuelo\u00bb.<\/p>\n<p>Reuss dijo que cuando los congregantes de la Iglesia TOS descubrieron ocho campos de concentraci\u00f3n ubicados alrededor de T\u00fcbingen, as\u00ed como las sombr\u00edas senderos de las marchas de la muerte, <strong>\u00ab<\/strong>Todo se hizo visible. Todos lo vieron \u00ab. <\/p>\n<p>Describi\u00f3 c\u00f3mo organizaron una marcha de oraci\u00f3n con descendientes de sobrevivientes del Holocausto y descendientes de nazis, que se convirtieron en un evento de tres d\u00edas. <\/p>\n<p>\u00abFue muy, muy significativo para nosotros\u00bb, dijo Reuss. <\/p>\n<p>Desde 2007, los eventos de March of Life se han celebrado en cientos de ciudades en m\u00e1s de 20 pa\u00edses, donde los sobrevivientes del Holocausto y los descendientes de los nazis visitan los campos de concentraci\u00f3n y las tumbas masivas en toda Europa. <\/p>\n<p>En 2009, el movimiento se expandi\u00f3 a los Estados Unidos, donde se conoci\u00f3 como la Marcha de Recuerdo, una caminata conmemorativa cada primavera en Yom Hashoah, Holocausto y el D\u00eda del Recuerdo del Hero\u00edsmo.<\/p>\n<p>\u00abEl mensaje es el recuerdo, la reconciliaci\u00f3n y el puesto a Israel y contra el antisemitismo\u00bb, dijo Reuss. \u00abEnse\u00f1a las lecciones del Holocausto, y alentamos a las personas a enfrentar realmente la historia del antisemitismo en sus propias familias\u00bb.<\/p>\n<p>Reuss dijo que su bisabuelo de los Pa\u00edses Bajos, que era cristiano de reforma ortodoxa, salv\u00f3 la vida jud\u00eda al negarse a firmar una declaraci\u00f3n que indica que no era jud\u00edo porque no quer\u00eda traicionar a sus amigos jud\u00edos. Expres\u00f3 decepcionamiento de que su abuelo alem\u00e1n del lado de su padre no mostrara el mismo coraje y se retir\u00f3 del pueblo jud\u00edo. <\/p>\n<p>\u00abEs muy importante hablar realmente y no guardar silencio en su entorno personal y su espacio de trabajo, porque esto es antisemitismo. Es malvado. Es algo que no se detiene con los jud\u00edos\u00bb, dijo Reuss.<\/p>\n<p>Reuss le dijo a Fox News Digital c\u00f3mo este a\u00f1o, para el D\u00eda del Recuerdo del Holocausto el 27 de enero, la supervivencia Irene Shashar, quien naci\u00f3 el 12 de diciembre de 1937, como Ruth Lewkowicz, ser\u00e1 honrada en la Iglesia TOS. Ella hablar\u00e1 el d\u00eda anterior, contando a los congregados su historia de supervivencia en Varsovia.<\/p>\n<p><strong><u>Haga clic aqu\u00ed para obtener la aplicaci\u00f3n Fox News<\/u><\/strong><\/p>\n<p>Los nazis invadieron la patria de Shashar de Polonia cuando ten\u00eda 2 a\u00f1os, y su padre fue asesinado cuando ten\u00eda 5 a\u00f1os. Shashar acredita el ingenio de su madre por ayudarla a sobrevivir escondi\u00e9ndola en armarios y alcantarillas con su amada mu\u00f1eca, Laleczka. Refiri\u00e9ndose a sus dos hijos y siete nietos en un discurso de la ONU en 2020, declar\u00f3: \u00abSobreviv\u00ed &#8230; Hitler no gan\u00f3 y yo tengo pruebas\u00bb.<\/p>\n<p> <!----> <\/p>\n<div class=\"article-meta\">\n<div class=\"author-bio\">\n<p>Eve Glover es una escritora colaboradora de Fox News Digital. <\/p>\n<\/div>\n<\/div>\n<\/div>\n\n","protected":false},"excerpt":{"rendered":"<p>La v\u00edrgenes universitarias alemanas de T\u00fcbingen florece hoy, en marcado contraste con su oscuro pasado. La ciudad suroeste de 90,000 fue una vez el hogar de Theodor Dannecker, un capit\u00e1n nazi y uno de los ayudantes m\u00e1s cercanos a Adolf Eichmann, conocido como el \u00abArquitecto del Holocausto\u00bb. En 1933, la Universidad de T\u00fcbingen, donde muchos &hellip;<\/p>\n","protected":false},"author":1,"featured_media":12015,"comment_status":"open","ping_status":"open","sticky":false,"template":"","format":"standard","meta":{"fifu_image_url":"https:\/\/static.foxnews.com\/foxnews.com\/content\/uploads\/2025\/01\/holocaust-survivor-2.jpg","fifu_image_alt":"","footnotes":""},"categories":[13],"tags":[],"class_list":["post-12013","post","type-post","status-publish","format-standard","has-post-thumbnail","","category-mundo"],"_links":{"self":[{"href":"https:\/\/noticiasveraces.com\/index.php?rest_route=\/wp\/v2\/posts\/12013","targetHints":{"allow":["GET"]}}],"collection":[{"href":"https:\/\/noticiasveraces.com\/index.php?rest_route=\/wp\/v2\/posts"}],"about":[{"href":"https:\/\/noticiasveraces.com\/index.php?rest_route=\/wp\/v2\/types\/post"}],"author":[{"embeddable":true,"href":"https:\/\/noticiasveraces.com\/index.php?rest_route=\/wp\/v2\/users\/1"}],"replies":[{"embeddable":true,"href":"https:\/\/noticiasveraces.com\/index.php?rest_route=%2Fwp%2Fv2%2Fcomments&post=12013"}],"version-history":[{"count":0,"href":"https:\/\/noticiasveraces.com\/index.php?rest_route=\/wp\/v2\/posts\/12013\/revisions"}],"wp:featuredmedia":[{"embeddable":true,"href":"https:\/\/noticiasveraces.com\/index.php?rest_route=\/wp\/v2\/media\/12015"}],"wp:attachment":[{"href":"https:\/\/noticiasveraces.com\/index.php?rest_route=%2Fwp%2Fv2%2Fmedia&parent=12013"}],"wp:term":[{"taxonomy":"category","embeddable":true,"href":"https:\/\/noticiasveraces.com\/index.php?rest_route=%2Fwp%2Fv2%2Fcategories&post=12013"},{"taxonomy":"post_tag","embeddable":true,"href":"https:\/\/noticiasveraces.com\/index.php?rest_route=%2Fwp%2Fv2%2Ftags&post=12013"}],"curies":[{"name":"wp","href":"https:\/\/api.w.org\/{rel}","templated":true}]}}