{"id":11991,"date":"2025-01-26T07:02:04","date_gmt":"2025-01-26T11:02:04","guid":{"rendered":"https:\/\/noticiasveraces.com\/?p=11991"},"modified":"2025-01-26T07:02:04","modified_gmt":"2025-01-26T11:02:04","slug":"club-de-lideres-mundiales-de-trump-quien-esta-y-quien-busca-salvar-los-lazos","status":"publish","type":"post","link":"https:\/\/noticiasveraces.com\/?p=11991","title":{"rendered":"Club de L\u00edderes Mundiales de Trump: \u00bfQui\u00e9n est\u00e1 y qui\u00e9n busca salvar los lazos?"},"content":{"rendered":"<p> \n<\/p>\n<div>\n<div class=\"article-gating gated-overlay\">\n<div class=\"article-gating-wrapper\">\n<p>\u00danase a Fox News para acceder a este contenido<\/p>\n<p>Adem\u00e1s de acceso especial a art\u00edculos seleccionados y otro contenido premium con su cuenta, de forma gratuita.<\/p>\n<div class=\"article-gating-legal tablet-desktop\">Al ingresar su correo electr\u00f3nico y presionar continuar, usted acepta los t\u00e9rminos de uso y la pol\u00edtica de privacidad de Fox News, que incluye nuestro aviso de incentivo financiero.\n    <\/div>\n<p><span>Por favor, introduce una direcci\u00f3n de correo electr\u00f3nico v\u00e1lida.<\/span><\/p>\n<footer class=\"article-gating-footer\">\u00bfTiene problemas? Haga clic aqu\u00ed.<\/footer>\n<\/div>\n<\/div>\n<p class=\"speakable\">El reingreso del presidente Donald Trump en la Casa Blanca ha significado el revocado completo de las pol\u00edticas de la administraci\u00f3n de Biden, la retirada de los principales acuerdos internacionales y la incertidumbre que ha dejado a los socios internacionales esperando ver d\u00f3nde est\u00e1n en el orden jerque Vie por un asiento en la mesa.<\/p>\n<p class=\"speakable\">Las acciones de Trump no sorprendieron esta vez, ya que el 47\u00ba presidente ingresa a su segundo mandato. Pero lo que significa en t\u00e9rminos de geopol\u00edtica sigue sin estar claro, ya que los adversarios y los aliados observan por igual para ver c\u00f3mo se desarrollar\u00e1n estos pr\u00f3ximos cuatro a\u00f1os. <\/p>\n<div class=\"image-ct inline\">\n<div class=\"m\"><picture><source media=\"(max-width: 767px)\" srcset=\"https:\/\/a57.foxnews.com\/static.foxnews.com\/foxnews.com\/content\/uploads\/2025\/01\/343\/192\/gettyimages-2194444069.jpg?ve=1&amp;tl=1, https:\/\/a57.foxnews.com\/static.foxnews.com\/foxnews.com\/content\/uploads\/2025\/01\/686\/384\/gettyimages-2194444069.jpg?ve=1&amp;tl=1 2x\" height=\"192\" width=\"343\"><source media=\"(min-width: 768px) and (max-width: 1023px)\" srcset=\"https:\/\/a57.foxnews.com\/static.foxnews.com\/foxnews.com\/content\/uploads\/2025\/01\/672\/378\/gettyimages-2194444069.jpg?ve=1&amp;tl=1, https:\/\/a57.foxnews.com\/static.foxnews.com\/foxnews.com\/content\/uploads\/2025\/01\/1344\/756\/gettyimages-2194444069.jpg?ve=1&amp;tl=1 2x\" height=\"378\" width=\"672\"><source media=\"(min-width: 1024px) and (max-width: 1279px)\" srcset=\"https:\/\/a57.foxnews.com\/static.foxnews.com\/foxnews.com\/content\/uploads\/2025\/01\/931\/523\/gettyimages-2194444069.jpg?ve=1&amp;tl=1, https:\/\/a57.foxnews.com\/static.foxnews.com\/foxnews.com\/content\/uploads\/2025\/01\/1862\/1046\/gettyimages-2194444069.jpg?ve=1&amp;tl=1 2x\" height=\"523\" width=\"931\"><source media=\"(min-width: 1280px)\" srcset=\"https:\/\/a57.foxnews.com\/static.foxnews.com\/foxnews.com\/content\/uploads\/2025\/01\/720\/405\/gettyimages-2194444069.jpg?ve=1&amp;tl=1, https:\/\/a57.foxnews.com\/static.foxnews.com\/foxnews.com\/content\/uploads\/2025\/01\/1440\/810\/gettyimages-2194444069.jpg?ve=1&amp;tl=1 2x\" height=\"405\" width=\"720\"><img loading=\"lazy\" decoding=\"async\" src=\"https:\/\/a57.foxnews.com\/static.foxnews.com\/foxnews.com\/content\/uploads\/2025\/01\/1200\/675\/gettyimages-2194444069.jpg?ve=1&amp;tl=1\" alt=\"Trump firma una orden ejecutiva del primer d\u00eda\" width=\"1200\" height=\"675\"\/><\/source><\/source><\/source><\/source><\/picture><\/div>\n<div class=\"info\">\n<div class=\"caption\">\n<p><span>El presidente Donald Trump firma \u00f3rdenes ejecutivas en la Oficina Oval de la Casa Blanca en Washington, DC, el 20 de enero de 2025, incluida una que designa carteles mexicanos como organizaciones terroristas extranjeras. <\/span> <span>(Jim Watson\/Pool\/AFP a trav\u00e9s de Getty Images)<\/span><\/p>\n<\/div>\n<\/div>\n<\/div>\n<p><strong>&#8216;Shock and Awe&#8217; de Trump: olvida los primeros 100 d\u00edas, el nuevo presidente muestra el ritmo fren\u00e9tico en las primeras 100 horas<\/strong><\/p>\n<h2><strong>Quien esta en<\/strong><\/h2>\n<p><strong>El primer ministro de Italia, Giorgia Meloni:<\/strong> Trump se reuni\u00f3 con Meloni, l\u00edder del partido conservador de los hermanos de Italia, en su residencia Mar-a-Lago a principios de este mes. El l\u00edder italiano, que ya ha expresado su apoyo a la posici\u00f3n de Trump sobre temas internacionales como aumentar el gasto de defensa de la OTAN, asisti\u00f3 a la inauguraci\u00f3n de Trump el lunes. Seg\u00fan los informes de esta semana, se le ha considerado el \u00absusurro de Trump\u00bb y el \u00abinterlocutor preferido en la UE\u00bb, una relaci\u00f3n particularmente importante en medio de la preocupaci\u00f3n de que Trump podr\u00eda comenzar una guerra comercial con Europa.<\/p>\n<p><strong>El primer ministro de Hungr\u00eda, Viktor Orban:<\/strong> Un aliado de Trump desde hace mucho tiempo, Orban defendi\u00f3 su regreso a la Oficina Oval este mes y, seg\u00fan los informes, declar\u00f3 que con Trump en el cargo podr\u00eda lanzar la \u00absegunda fase de la ofensiva que tiene como objetivo ocupar Bruselas\u00bb, que seg\u00fan \u00e9l est\u00e1 \u00abocupada por Una oligarqu\u00eda de izquierda liberal \u00ab. Orban, aunque invitado, no asisti\u00f3 a la inauguraci\u00f3n debido a un conflicto de programaci\u00f3n. <\/p>\n<p><strong>El presidente de Argentina, Javier Milei:<\/strong> Una vez aclamado por Trump como l\u00edder para \u00abhacer que Argentina sea genial\u00bb, Milei est\u00e1 buscando expandir las relaciones con los EE. UU. El mi\u00e9rcoles durante el Foro Econ\u00f3mico Mundial de Davos, le dijo a Bloomberg que podr\u00eda estar dispuesto a dejar a los m\u00e1s de 30 a\u00f1os. Bloque de comercio de Mercosur fundado por Argentina, Brasil, Paraguay y Uruguay en 1991, si eso significa asegurar un nuevo acuerdo comercial con los Estados Unidos.<\/p>\n<div class=\"image-ct inline\">\n<div class=\"m\"><picture><source media=\"(max-width: 767px)\" srcset=\"https:\/\/a57.foxnews.com\/static.foxnews.com\/foxnews.com\/content\/uploads\/2025\/01\/343\/192\/donald-trump-presidential-inauguration-day-washington-dc_107.jpg?ve=1&amp;tl=1, https:\/\/a57.foxnews.com\/static.foxnews.com\/foxnews.com\/content\/uploads\/2025\/01\/686\/384\/donald-trump-presidential-inauguration-day-washington-dc_107.jpg?ve=1&amp;tl=1 2x\" height=\"192\" width=\"343\"><source media=\"(min-width: 768px) and (max-width: 1023px)\" srcset=\"https:\/\/a57.foxnews.com\/static.foxnews.com\/foxnews.com\/content\/uploads\/2025\/01\/672\/378\/donald-trump-presidential-inauguration-day-washington-dc_107.jpg?ve=1&amp;tl=1, https:\/\/a57.foxnews.com\/static.foxnews.com\/foxnews.com\/content\/uploads\/2025\/01\/1344\/756\/donald-trump-presidential-inauguration-day-washington-dc_107.jpg?ve=1&amp;tl=1 2x\" height=\"378\" width=\"672\"><source media=\"(min-width: 1024px) and (max-width: 1279px)\" srcset=\"https:\/\/a57.foxnews.com\/static.foxnews.com\/foxnews.com\/content\/uploads\/2025\/01\/931\/523\/donald-trump-presidential-inauguration-day-washington-dc_107.jpg?ve=1&amp;tl=1, https:\/\/a57.foxnews.com\/static.foxnews.com\/foxnews.com\/content\/uploads\/2025\/01\/1862\/1046\/donald-trump-presidential-inauguration-day-washington-dc_107.jpg?ve=1&amp;tl=1 2x\" height=\"523\" width=\"931\"><source media=\"(min-width: 1280px)\" srcset=\"https:\/\/a57.foxnews.com\/static.foxnews.com\/foxnews.com\/content\/uploads\/2025\/01\/720\/405\/donald-trump-presidential-inauguration-day-washington-dc_107.jpg?ve=1&amp;tl=1, https:\/\/a57.foxnews.com\/static.foxnews.com\/foxnews.com\/content\/uploads\/2025\/01\/1440\/810\/donald-trump-presidential-inauguration-day-washington-dc_107.jpg?ve=1&amp;tl=1 2x\" height=\"405\" width=\"720\"><img loading=\"lazy\" decoding=\"async\" src=\"https:\/\/a57.foxnews.com\/static.foxnews.com\/foxnews.com\/content\/uploads\/2025\/01\/1200\/675\/donald-trump-presidential-inauguration-day-washington-dc_107.jpg?ve=1&amp;tl=1\" alt=\"Primer Ministro italiano en la inauguraci\u00f3n del presidente Donald Trump\" width=\"1200\" height=\"675\"\/><\/source><\/source><\/source><\/source><\/picture><\/div>\n<div class=\"info\">\n<div class=\"caption\">\n<p><span>El primer ministro italiano, Giorgia Meloni, y el presidente de Argentina, Javier Milei, comparten una broma cuando llegan a la inauguraci\u00f3n presidencial de Donald Trump en la Rotonda del Capitolio de los Estados Unidos en Washington, DC, el 20 de enero de 2025. <\/span> <span>(Evelyn Hockstein\/Reuters)<\/span><\/p>\n<\/div>\n<\/div>\n<\/div>\n<p><strong>El columnista del Washington Post sugiere que Trump puede usar su token criptogr\u00e1fico para tomar sobornos extranjeros<\/strong><\/p>\n<p><strong>Primer Ministro indio Narendra Modi:<\/strong> India tambi\u00e9n est\u00e1 luchando para asegurar un acuerdo comercial con los EE. UU. En medio de las preocupaciones sobre los aranceles internacionales. A pesar de los mejores lazos entre India y China, y una reuni\u00f3n entre Modi y el presidente chino Xi Jinping en Rusia el a\u00f1o pasado, Reuters inform\u00f3 el mi\u00e9rcoles que Modi est\u00e1 buscando respaldar su dependencia de Beijing, su mayor socio comercial, y en su lugar se inclina en las relaciones con Washington. Modi est\u00e1 buscando reunirse con Trump en febrero. <\/p>\n<p><strong>Primer Ministro israel\u00ed Benjamin Netanyahu: <\/strong>Trump y Netanyahu mantuvieron una relaci\u00f3n s\u00f3lida durante el primer mandato del presidente, y se espera que una din\u00e1mica similar permanezca durante el segundo mandato de Trump. Netanyahu public\u00f3 el lunes un mensaje de video felicitando a Trump por su inauguraci\u00f3n y dijo que \u00ablos mejores d\u00edas de nuestra alianza a\u00fan est\u00e1n por venir\u00bb. Tambi\u00e9n agradeci\u00f3 a Trump por el papel que desempe\u00f1\u00f3 su administraci\u00f3n al ayudar a negociar un alto el fuego entre Israel y Hamas, que inici\u00f3 el regreso de los rehenes que a\u00fan se celebran en Gaza. <\/p>\n<h2><strong>\u00bfQui\u00e9n esta con la l\u00ednea<\/strong><\/h2>\n<p><strong>Primer Ministro del Reino Unido Keir Starmer:<\/strong> La asociaci\u00f3n estadounidense-Reino Unido a menudo se ha descrito como una \u00abrelaci\u00f3n especial\u00bb, y Londres ha sido durante mucho tiempo uno de los aliados m\u00e1s cercanos de Washington. Pero los lazos entre los Estados Unidos y el Reino Unido ser\u00e1n probados cuando Trump se enfrente a el l\u00edder laborista Keir Starmer, quien anteriormente ha sido cr\u00edtico con Trump. <\/p>\n<p>Starmer, en 2023, conden\u00f3 al Partido Conservador del Reino Unido por \u00abComportarse[ing] Cada vez m\u00e1s como Donald Trump \u00aben lugar de encarnar los valores defendidos por Winston Churchill. <\/p>\n<p>\u00abMiran la pol\u00edtica de Estados Unidos y quieren traer eso aqu\u00ed\u00bb, dijo. \u00ab\u00bfHay alguien en el gobierno ahora que sienta un sentido de obligaci\u00f3n con algo m\u00e1s que su propio inter\u00e9s? Para la democracia, el estado de derecho, sirviendo a nuestro pa\u00eds?\u00bb <\/p>\n<p>\u00abTodo se despert\u00f3, se despert\u00f3, se despert\u00f3. Cu\u00f1a, cu\u00f1a, cu\u00f1a. Dividir, dividir, dividir\u00bb, agreg\u00f3.<\/p>\n<p>Desde entonces, Starmer se ha comprometido a trabajar con Trump y garantizar que la \u00abrelaci\u00f3n especial\u00bb perdura, aunque se espera que enfrente un camino dif\u00edcil.<\/p>\n<div class=\"image-ct inline\">\n<div class=\"m\"><picture><source media=\"(max-width: 767px)\" srcset=\"https:\/\/a57.foxnews.com\/static.foxnews.com\/foxnews.com\/content\/uploads\/2024\/09\/343\/192\/AP24268486128959-copy.jpg?ve=1&amp;tl=1, https:\/\/a57.foxnews.com\/static.foxnews.com\/foxnews.com\/content\/uploads\/2024\/09\/686\/384\/AP24268486128959-copy.jpg?ve=1&amp;tl=1 2x\" height=\"192\" width=\"343\"><source media=\"(min-width: 768px) and (max-width: 1023px)\" srcset=\"https:\/\/a57.foxnews.com\/static.foxnews.com\/foxnews.com\/content\/uploads\/2024\/09\/672\/378\/AP24268486128959-copy.jpg?ve=1&amp;tl=1, https:\/\/a57.foxnews.com\/static.foxnews.com\/foxnews.com\/content\/uploads\/2024\/09\/1344\/756\/AP24268486128959-copy.jpg?ve=1&amp;tl=1 2x\" height=\"378\" width=\"672\"><source media=\"(min-width: 1024px) and (max-width: 1279px)\" srcset=\"https:\/\/a57.foxnews.com\/static.foxnews.com\/foxnews.com\/content\/uploads\/2024\/09\/931\/523\/AP24268486128959-copy.jpg?ve=1&amp;tl=1, https:\/\/a57.foxnews.com\/static.foxnews.com\/foxnews.com\/content\/uploads\/2024\/09\/1862\/1046\/AP24268486128959-copy.jpg?ve=1&amp;tl=1 2x\" height=\"523\" width=\"931\"><source media=\"(min-width: 1280px)\" srcset=\"https:\/\/a57.foxnews.com\/static.foxnews.com\/foxnews.com\/content\/uploads\/2024\/09\/720\/405\/AP24268486128959-copy.jpg?ve=1&amp;tl=1, https:\/\/a57.foxnews.com\/static.foxnews.com\/foxnews.com\/content\/uploads\/2024\/09\/1440\/810\/AP24268486128959-copy.jpg?ve=1&amp;tl=1 2x\" height=\"405\" width=\"720\"><img loading=\"lazy\" decoding=\"async\" src=\"https:\/\/a57.foxnews.com\/static.foxnews.com\/foxnews.com\/content\/uploads\/2024\/09\/1200\/675\/AP24268486128959-copy.jpg?ve=1&amp;tl=1\" alt=\"PM brit\u00e1nico Keir Starmer\" width=\"1200\" height=\"675\"\/><\/source><\/source><\/source><\/source><\/picture><\/div>\n<div class=\"info\">\n<div class=\"caption\">\n<p><span>El primer ministro de Gran Breta\u00f1a, Keir Starmer, se dirige a los miembros en la conferencia del Partido Laborista en Liverpool, Inglaterra, el martes.<\/span> <span>(AP)<\/span><\/p>\n<\/div>\n<\/div>\n<\/div>\n<p><strong>La ONU insta a la diplomacia cuando Ir\u00e1n golpea el &#8216;pedal de gasolina&#8217; nuclear, el comentarista conservador le dice a Trump &#8216;No apacigarse&#8217;<\/strong><\/p>\n<p><strong>Emmanuel Macron de Francia:<\/strong> El l\u00edder del aliado m\u00e1s antiguo de los Estados Unidos es el \u00fanico l\u00edder europeo restante en el Consejo de Seguridad de las Naciones Unidas que estaba en el cargo junto a Trump durante su primer mandato. Trump y Macron a menudo tocaban cabezas durante el primer mandato de Trump y, a pesar de una invitaci\u00f3n a la reapertura de la Catedral de Notre Dame en diciembre, los informes indican que este tiempo probablemente no ser\u00e1 diferente. <\/p>\n<p>Si bien Macron fue uno de los primeros en felicitar a Trump por su segunda victoria presidencial, tambi\u00e9n emiti\u00f3 m\u00faltiples declaraciones de advertencia esta semana, primero cuando dijo que ahora es el momento de una \u00abllamada de atenci\u00f3n estrat\u00e9gica europea\u00bb, enfatizando la necesidad de disminuir dependencia de los Estados Unidos para la defensa. <\/p>\n<p>La segunda advertencia lleg\u00f3 el mi\u00e9rcoles cuando dijo \u00abes necesario m\u00e1s que nunca para los europeos &#8230; para desempe\u00f1ar su papel de consolidar una Europa unida, fuerte y soberana\u00bb, ya que mira aranceles r\u00edgidos prometidos por Trump. <\/p>\n<div class=\"image-ct inline\">\n<div class=\"m\"><picture><source media=\"(max-width: 767px)\" srcset=\"https:\/\/a57.foxnews.com\/static.foxnews.com\/foxnews.com\/content\/uploads\/2024\/12\/343\/192\/trump-macron4.jpg?ve=1&amp;tl=1, https:\/\/a57.foxnews.com\/static.foxnews.com\/foxnews.com\/content\/uploads\/2024\/12\/686\/384\/trump-macron4.jpg?ve=1&amp;tl=1 2x\" height=\"192\" width=\"343\"><source media=\"(min-width: 768px) and (max-width: 1023px)\" srcset=\"https:\/\/a57.foxnews.com\/static.foxnews.com\/foxnews.com\/content\/uploads\/2024\/12\/672\/378\/trump-macron4.jpg?ve=1&amp;tl=1, https:\/\/a57.foxnews.com\/static.foxnews.com\/foxnews.com\/content\/uploads\/2024\/12\/1344\/756\/trump-macron4.jpg?ve=1&amp;tl=1 2x\" height=\"378\" width=\"672\"><source media=\"(min-width: 1024px) and (max-width: 1279px)\" srcset=\"https:\/\/a57.foxnews.com\/static.foxnews.com\/foxnews.com\/content\/uploads\/2024\/12\/931\/523\/trump-macron4.jpg?ve=1&amp;tl=1, https:\/\/a57.foxnews.com\/static.foxnews.com\/foxnews.com\/content\/uploads\/2024\/12\/1862\/1046\/trump-macron4.jpg?ve=1&amp;tl=1 2x\" height=\"523\" width=\"931\"><source media=\"(min-width: 1280px)\" srcset=\"https:\/\/a57.foxnews.com\/static.foxnews.com\/foxnews.com\/content\/uploads\/2024\/12\/720\/405\/trump-macron4.jpg?ve=1&amp;tl=1, https:\/\/a57.foxnews.com\/static.foxnews.com\/foxnews.com\/content\/uploads\/2024\/12\/1440\/810\/trump-macron4.jpg?ve=1&amp;tl=1 2x\" height=\"405\" width=\"720\"><img loading=\"lazy\" decoding=\"async\" src=\"https:\/\/a57.foxnews.com\/static.foxnews.com\/foxnews.com\/content\/uploads\/2024\/12\/1200\/675\/trump-macron4.jpg?ve=1&amp;tl=1\" alt=\"Macron Trump\" width=\"1200\" height=\"675\"\/><\/source><\/source><\/source><\/source><\/picture><\/div>\n<div class=\"info\">\n<div class=\"caption\">\n<p><span>El presidente franc\u00e9s, Emmanuel Macron, se re\u00fane con el presidente electo Donald Trump en el Palacio Elys\u00e9e el 7 de diciembre de 2024 en Par\u00eds, Francia. Donald Trump estuvo entre la ola de dignatarios extranjeros que descendieron en Par\u00eds este fin de semana para asistir a una ceremonia de reapertura en la Catedral de Notre Dame, m\u00e1s de cinco a\u00f1os despu\u00e9s de que se da\u00f1\u00f3 en un incendio importante.<\/span> <span>(Oleg Nikishin)<\/span><\/p>\n<\/div>\n<\/div>\n<\/div>\n<p><strong>El canciller de Alemania Olaf Scholz:<\/strong> La predecesora de Scholz, Angela Merkel, a menudo se enfrent\u00f3 a Trump y, seg\u00fan los informes, cre\u00eda que el presidente de los Estados Unidos lo ten\u00eda espec\u00edficamente para Alemania durante su primer mandato. Scholz, quien lidera a los socialdem\u00f3cratas de la izquierda, parece estar siguiendo en un enfoque similar sin sentido cuando se trata de la segunda administraci\u00f3n de Trump y el mi\u00e9rcoles dej\u00f3 en claro que Trump \u00ablo estar\u00e1, y mucho ya est\u00e1 claro, un desaf\u00edo.\u00bb <\/p>\n<p>Hablando junto a Macron el mi\u00e9rcoles, Scholz se comprometi\u00f3 a estar unidos con sus aliados europeos y dijo: \u00abNuestra posici\u00f3n es clara. Europa es un gran poder econ\u00f3mico con alrededor de 450 millones de ciudadanos. Somos fuertes, nos unimos. Europa no se agachar\u00e1 y esconder\u00e1 pero ser\u00e1 una pareja constructiva y segura de s\u00ed misma \u00ab.<\/p>\n<p><strong>Los l\u00edderes mundiales reaccionan cuando Trump vuelve a entrar en la Casa Blanca<\/strong><\/p>\n<p><strong>Uni\u00f3n Europea: <\/strong>Trump ha dejado en claro que la UE est\u00e1 en su punto de mira, diciendo a los periodistas esta semana: \u00abLa Uni\u00f3n Europea es muy, muy mala para nosotros\u00bb. Pero la presidenta de la Comisi\u00f3n Europea, Ursula von der Leyen, dej\u00f3 en claro esta semana que est\u00e1 lista para trabajar con el nuevo presidente de los Estados Unidos.<\/p>\n<p>\u00abNinguna otras econom\u00edas en el mundo est\u00e1n tan integradas como nosotros\u00bb, dijo, y se\u00f1al\u00f3 que los vol\u00famenes comerciales entre Estados Unidos y Europa representan el 30% de todos los comercios a nivel mundial, inform\u00f3 Reuters. \u00abNuestra primera prioridad ser\u00e1 participar temprano, discutir intereses comunes y estar listo para negociar\u00bb.<\/p>\n<p>Ella dej\u00f3 en claro que la UE no ser\u00e1 intimidada por Trump y dijo: \u00abSeremos pragm\u00e1ticos, pero siempre mantendremos nuestros principios. Para proteger nuestros intereses y mantener nuestros valores, esa es la forma europea\u00bb.<\/p>\n<p>Los sentimientos de la UE hacia Trump parecen bastante divididos ya que el principal diplom\u00e1tico de la UE, Kaja Kallas, ha respaldado el impulso de Trump para aumentar el gasto de defensa en todos los \u00e1mbitos en Europa. El miembro dan\u00e9s de derecha del Parlamento Europeo Anders Visistisen abord\u00f3 el deseo declarado de Trump de adquirir Groenlandia y en un mensaje p\u00fablico no se acab\u00f3 con las palabras.<\/p>\n<p>\u00abQuerido presidente Trump, escuche con mucha atenci\u00f3n: Groenlandia ha sido parte del reino dan\u00e9s durante 800 a\u00f1os. Es una parte integrada de nuestro pa\u00eds. No est\u00e1 a la venta\u00bb, dijo Vistisen. \u00abD\u00e9jame ponerlo en palabras que puedas entender. \u00a1Sr. Trump, jodido!\u00bb<\/p>\n<div class=\"image-ct inline\">\n<div class=\"m\"><picture><source media=\"(max-width: 767px)\" srcset=\"https:\/\/a57.foxnews.com\/static.foxnews.com\/foxnews.com\/content\/uploads\/2024\/12\/343\/192\/trudeau-trump-mar-a-lago.jpg?ve=1&amp;tl=1, https:\/\/a57.foxnews.com\/static.foxnews.com\/foxnews.com\/content\/uploads\/2024\/12\/686\/384\/trudeau-trump-mar-a-lago.jpg?ve=1&amp;tl=1 2x\" height=\"192\" width=\"343\"><source media=\"(min-width: 768px) and (max-width: 1023px)\" srcset=\"https:\/\/a57.foxnews.com\/static.foxnews.com\/foxnews.com\/content\/uploads\/2024\/12\/672\/378\/trudeau-trump-mar-a-lago.jpg?ve=1&amp;tl=1, https:\/\/a57.foxnews.com\/static.foxnews.com\/foxnews.com\/content\/uploads\/2024\/12\/1344\/756\/trudeau-trump-mar-a-lago.jpg?ve=1&amp;tl=1 2x\" height=\"378\" width=\"672\"><source media=\"(min-width: 1024px) and (max-width: 1279px)\" srcset=\"https:\/\/a57.foxnews.com\/static.foxnews.com\/foxnews.com\/content\/uploads\/2024\/12\/931\/523\/trudeau-trump-mar-a-lago.jpg?ve=1&amp;tl=1, https:\/\/a57.foxnews.com\/static.foxnews.com\/foxnews.com\/content\/uploads\/2024\/12\/1862\/1046\/trudeau-trump-mar-a-lago.jpg?ve=1&amp;tl=1 2x\" height=\"523\" width=\"931\"><source media=\"(min-width: 1280px)\" srcset=\"https:\/\/a57.foxnews.com\/static.foxnews.com\/foxnews.com\/content\/uploads\/2024\/12\/720\/405\/trudeau-trump-mar-a-lago.jpg?ve=1&amp;tl=1, https:\/\/a57.foxnews.com\/static.foxnews.com\/foxnews.com\/content\/uploads\/2024\/12\/1440\/810\/trudeau-trump-mar-a-lago.jpg?ve=1&amp;tl=1 2x\" height=\"405\" width=\"720\"><img loading=\"lazy\" decoding=\"async\" src=\"https:\/\/a57.foxnews.com\/static.foxnews.com\/foxnews.com\/content\/uploads\/2024\/12\/1200\/675\/trudeau-trump-mar-a-lago.jpg?ve=1&amp;tl=1\" alt=\"Trudeau-Trump-Mar-a-Lago\" width=\"1200\" height=\"675\"\/><\/source><\/source><\/source><\/source><\/picture><\/div>\n<div class=\"info\">\n<div class=\"caption\">\n<p><span>El primer ministro canadiense, Justin Trudeau, se reuni\u00f3 con el presidente electo Trump en Mar-a-Lago en Florida el viernes 29 de noviembre de 2024 para discutir temas como la econom\u00eda, la inmigraci\u00f3n ilegal y un arancel propuesto del 25 por ciento.<\/span> <span>(Justin Trudeau X)<\/span><\/p>\n<\/div>\n<\/div>\n<\/div>\n<p><strong>El primer ministro de Canad\u00e1 Justin Trudeau:<\/strong> Tras una serie de informes y renuncias dram\u00e1ticas relacionadas con el manejo de Trudeau de Trump despu\u00e9s de que fue elegido recientemente y afirm\u00f3 que Canad\u00e1 deber\u00eda ser el 51\u00ba estado de los Estados Unidos, Trudeau renunci\u00f3 al trabajo superior este mes.<\/p>\n<p>No est\u00e1 claro qui\u00e9n reemplazar\u00e1 a Trudeau en una elecci\u00f3n del 9 de marzo, dentro de su partido liberal antes de las elecciones generales a finales de este a\u00f1o, donde se espera que el partido pierda ante los conservadores del pa\u00eds.<\/p>\n<p><strong>Haga clic aqu\u00ed para obtener la aplicaci\u00f3n Fox News<\/strong> <\/p>\n<p>Trudeau ha dicho: \u00abNo hay una oportunidad de bola de nieve en el infierno de que Canad\u00e1 se convierta en parte de los Estados Unidos\u00bb, y los funcionarios del gobierno en todos los \u00e1mbitos se est\u00e1n preparando para una guerra comercial con Estados Unidos despu\u00e9s de que Trump amenaz\u00f3 con recaudar aranceles del 25% en Canad\u00e1 , a partir del 1 de febrero. <\/p>\n<p>La ministra de Relaciones Exteriores canadiense, M\u00e9lanie Joly, dijo esta semana que Ottawa \u00abcontinuar\u00e1 trabajando en la prevenci\u00f3n de los aranceles\u00bb, pero dijo que los funcionarios tambi\u00e9n est\u00e1n \u00abtrabajando en represalias\u00bb. <\/p>\n<\/div>\n\n","protected":false},"excerpt":{"rendered":"<p>\u00danase a Fox News para acceder a este contenido Adem\u00e1s de acceso especial a art\u00edculos seleccionados y otro contenido premium con su cuenta, de forma gratuita. Al ingresar su correo electr\u00f3nico y presionar continuar, usted acepta los t\u00e9rminos de uso y la pol\u00edtica de privacidad de Fox News, que incluye nuestro aviso de incentivo financiero. &hellip;<\/p>\n","protected":false},"author":1,"featured_media":11993,"comment_status":"open","ping_status":"open","sticky":false,"template":"","format":"standard","meta":{"fifu_image_url":"https:\/\/static.foxnews.com\/foxnews.com\/content\/uploads\/2025\/01\/trump-port.jpg","fifu_image_alt":"","footnotes":""},"categories":[13],"tags":[],"class_list":["post-11991","post","type-post","status-publish","format-standard","has-post-thumbnail","","category-mundo"],"_links":{"self":[{"href":"https:\/\/noticiasveraces.com\/index.php?rest_route=\/wp\/v2\/posts\/11991","targetHints":{"allow":["GET"]}}],"collection":[{"href":"https:\/\/noticiasveraces.com\/index.php?rest_route=\/wp\/v2\/posts"}],"about":[{"href":"https:\/\/noticiasveraces.com\/index.php?rest_route=\/wp\/v2\/types\/post"}],"author":[{"embeddable":true,"href":"https:\/\/noticiasveraces.com\/index.php?rest_route=\/wp\/v2\/users\/1"}],"replies":[{"embeddable":true,"href":"https:\/\/noticiasveraces.com\/index.php?rest_route=%2Fwp%2Fv2%2Fcomments&post=11991"}],"version-history":[{"count":0,"href":"https:\/\/noticiasveraces.com\/index.php?rest_route=\/wp\/v2\/posts\/11991\/revisions"}],"wp:featuredmedia":[{"embeddable":true,"href":"https:\/\/noticiasveraces.com\/index.php?rest_route=\/wp\/v2\/media\/11993"}],"wp:attachment":[{"href":"https:\/\/noticiasveraces.com\/index.php?rest_route=%2Fwp%2Fv2%2Fmedia&parent=11991"}],"wp:term":[{"taxonomy":"category","embeddable":true,"href":"https:\/\/noticiasveraces.com\/index.php?rest_route=%2Fwp%2Fv2%2Fcategories&post=11991"},{"taxonomy":"post_tag","embeddable":true,"href":"https:\/\/noticiasveraces.com\/index.php?rest_route=%2Fwp%2Fv2%2Ftags&post=11991"}],"curies":[{"name":"wp","href":"https:\/\/api.w.org\/{rel}","templated":true}]}}