{"id":11977,"date":"2025-01-26T02:52:46","date_gmt":"2025-01-26T06:52:46","guid":{"rendered":"https:\/\/noticiasveraces.com\/?p=11977"},"modified":"2025-01-26T02:52:46","modified_gmt":"2025-01-26T06:52:46","slug":"el-ejercito-israeli-sigue-en-el-libano-vencido-el-plazo-de-su-retiro-dw-26-01-2025","status":"publish","type":"post","link":"https:\/\/noticiasveraces.com\/?p=11977","title":{"rendered":"El ej\u00e9rcito israel\u00ed sigue en el L\u00edbano vencido el plazo de su retiro \u2013 DW \u2013 26\/01\/2025"},"content":{"rendered":"<p> \n<\/p>\n<div>\n<p>El Ej\u00e9rcito israel\u00ed continuaba desplegado este domingo (26.01.2025) en el sur de L\u00edbano, pese al vencimiento del plazo de 60 d\u00edas para su retiro del territorio del pa\u00eds vecino como parte de una tregua con el Hezbol\u00e1 liban\u00e9s.<\/p>\n<p>El Ej\u00e9rcito liban\u00e9s denunci\u00f3 el s\u00e1bado la \u00abdilaci\u00f3n\u00bb israel\u00ed y dijo estar listo para \u00abcontinuar su despliegue una vez que se retire el enemigo israel\u00ed\u00bb.<\/p>\n<p>Bajo el acuerdo que puso fin el 27 de noviembre a los dos meses de guerra entre el movimiento islamista Hezbol\u00e1 e Israel, \u00fanicamente el Ej\u00e9rcito liban\u00e9s y los Cascos Azules de la ONU pueden desplegarse en el sur de L\u00edbano, de donde el Ej\u00e9rcito israel\u00ed deb\u00eda completar su retiro el 26 de enero.<\/p>\n<p>Israel evacu\u00f3 la zona costera del sur de L\u00edbano pero permanece en zonas m\u00e1s al este. Por su parte Hezbol\u00e1, debilitado en la guerra, debe retirar sus fuerzas al norte del r\u00edo Litani, a unos 30 kil\u00f3metros de la frontera, y desmantelar su infraestructura militar en el sur.<\/p>\n<p>El despacho del primer ministro israel\u00ed, Benjamin Netanyahu, declar\u00f3 el viernes que el retiro de las fuerzas de su pa\u00eds continuar\u00eda m\u00e1s all\u00e1 de la fecha l\u00edmite del 26 de enero.<\/p>\n<p>\u00abEl acuerdo de cese el fuego no ha sido aplicado plenamente por parte de L\u00edbano, el proceso de retiro por etapas comenzar\u00e1\u00bb, manifest\u00f3 sobre la adopci\u00f3n del pacto, que es supervisado por Estados Unidos.<\/p>\n<p>Tras se\u00f1alar que el Ej\u00e9rcito liban\u00e9s y Hezbol\u00e1 no han respetado los t\u00e9rminos del acuerdo, Netanyahu insisti\u00f3 en que Israel \u00abno pondr\u00e1 en peligro a sus ciudadanos en el norte del pa\u00eds\u00bb. <\/p>\n<p><span data-slot-id=\"Article_InContent-1\" class=\"rich-text-ad\"\/><\/p>\n<h2>\u00abPol\u00edtica de tierra quemada\u00bb<\/h2>\n<p>Las hostilidades entre Israel y Hezbol\u00e1 obligaron a 60.000 personas en Israel y otras 900.000 en L\u00edbano a huir de sus casas.<\/p>\n<p>El diputado de Hezbol\u00e1, Ali Fayyad, afirm\u00f3 el s\u00e1bado que \u00ablos pretextos invocados por Israel\u00bb apuntan a \u00abseguir una pol\u00edtica de tierra quemada\u00bb y hacer que \u00abel regreso de los pobladores (en el sur) resulte imposible\u00bb.<\/p>\n<p>Por su parte, el presidente liban\u00e9s Joseph Aoun convers\u00f3 por tel\u00e9fono con su par franc\u00e9s, Emmanuel Macron, sobre \u00abla necesidad de obligar a Israel a respetar las disposiciones del acuerdo para preservar la estabilidad en el sur\u00bb, seg\u00fan la presidencia en Beirut.<\/p>\n<p>Hezbol\u00e1 abri\u00f3 un frente contra Israel un d\u00eda despu\u00e9s del ataque de Ham\u00e1s contra Israel del 7 de octubre de 2023, que desat\u00f3 la guerra en la Franja de Gaza, donde tambi\u00e9n rige una tregua desde el 19 de enero.<\/p>\n<p>Ese frente se convirti\u00f3 en una guerra abierta en septiembre pasado, con bombardeos israel\u00edes contra la capital Beirut y varios golpes contra Hezbol\u00e1, incluido el asesinato de su l\u00edder, Has\u00e1n Nasral\u00e1.<\/p>\n<p>Hezbol\u00e1 declar\u00f3 el jueves que \u00abcualquier incumplimiento del plazo de 60 d\u00edas ser\u00e1 considerado como una violaci\u00f3n flagrante del acuerdo de alto el fuego\u00bb.<\/p>\n<p>Eso obligar\u00e1 al Estado liban\u00e9s a utilizar \u00abtodos los medios necesarios (&#8230;) para recuperar la tierra y arrancarla de las garras de la ocupaci\u00f3n\u00bb, agreg\u00f3 el movimiento sin amenazar con reanudar los ataques.<\/p>\n<p>mg (afp, dpa)<\/p>\n<div class=\"vjs-wrapper embed big\">\n<h2 aria-label=\"Video integrado \u2014 \u00bfDejar\u00e1 Occidente de vender armas a Israel?\" class=\"headline\"><svg xmlns=\"http:\/\/www.w3.org\/2000\/svg\" viewbox=\"0 0 20 20\"><g fill-rule=\"evenodd\"><path d=\"M14.114 7.599H13.5l.002 4.706h.601l4.582 3.25-.005-11.11zM11.084 4.444l-9.007.002-1.336.797.002 9.514 1.334.793 9.007.006 1.509-.799-.004-9.516z\"\/><\/g><\/svg>\u00bfDejar\u00e1 Occidente de vender armas a Israel?<\/h2>\n<p><video id=\"video-70502285\" controls=\"\" playsinline=\"\" preload=\"none\" poster=\"data:image\/png;base64,iVBORw0KGgoAAAANSUhEUgAAAAEAAAABCAQAAAC1HAwCAAAAC0lEQVR42mNkYAAAAAYAAjCB0C8AAAAASUVORK5CYII=\" data-id=\"70502285\" data-posterurl=\"https:\/\/static.dw.com\/image\/69105238_605.webp\" data-duration=\"12:23\"><source src=\"https:\/\/hlsvod.dw.com\/i\/dwtv_video\/flv\/js\/js20241024_DWAnaliza_,AVC_480x270,AVC_512x288,AVC_640x360,AVC_960x540,AVC_1280x720,AVC_1920x1080,.mp4.csmil\/master.m3u8\" type=\"application\/x-mpegURL\"><source src=\"https:\/\/tvdownloaddw-a.akamaihd.net\/dwtv_video\/flv\/js\/js20241024_DWAnaliza_AVC_1920x1080.mp4\" type=\"video\/mp4\"><p class=\"vjs-no-js\">Para ver este video, habilite JavaScript y considere actualizar a un navegador web que admita videos HTML5.<\/p>\n<p><\/source><\/source><\/video><\/div>\n<\/div>\n\n","protected":false},"excerpt":{"rendered":"<p>El Ej\u00e9rcito israel\u00ed continuaba desplegado este domingo (26.01.2025) en el sur de L\u00edbano, pese al vencimiento del plazo de 60 d\u00edas para su retiro del territorio del pa\u00eds vecino como parte de una tregua con el Hezbol\u00e1 liban\u00e9s. El Ej\u00e9rcito liban\u00e9s denunci\u00f3 el s\u00e1bado la \u00abdilaci\u00f3n\u00bb israel\u00ed y dijo estar listo para \u00abcontinuar su despliegue &hellip;<\/p>\n","protected":false},"author":1,"featured_media":11978,"comment_status":"open","ping_status":"open","sticky":false,"template":"","format":"standard","meta":{"fifu_image_url":"https:\/\/static.dw.com\/image\/69085821_6.jpg","fifu_image_alt":"","footnotes":""},"categories":[13],"tags":[],"class_list":["post-11977","post","type-post","status-publish","format-standard","has-post-thumbnail","","category-mundo"],"_links":{"self":[{"href":"https:\/\/noticiasveraces.com\/index.php?rest_route=\/wp\/v2\/posts\/11977","targetHints":{"allow":["GET"]}}],"collection":[{"href":"https:\/\/noticiasveraces.com\/index.php?rest_route=\/wp\/v2\/posts"}],"about":[{"href":"https:\/\/noticiasveraces.com\/index.php?rest_route=\/wp\/v2\/types\/post"}],"author":[{"embeddable":true,"href":"https:\/\/noticiasveraces.com\/index.php?rest_route=\/wp\/v2\/users\/1"}],"replies":[{"embeddable":true,"href":"https:\/\/noticiasveraces.com\/index.php?rest_route=%2Fwp%2Fv2%2Fcomments&post=11977"}],"version-history":[{"count":0,"href":"https:\/\/noticiasveraces.com\/index.php?rest_route=\/wp\/v2\/posts\/11977\/revisions"}],"wp:featuredmedia":[{"embeddable":true,"href":"https:\/\/noticiasveraces.com\/index.php?rest_route=\/wp\/v2\/media\/11978"}],"wp:attachment":[{"href":"https:\/\/noticiasveraces.com\/index.php?rest_route=%2Fwp%2Fv2%2Fmedia&parent=11977"}],"wp:term":[{"taxonomy":"category","embeddable":true,"href":"https:\/\/noticiasveraces.com\/index.php?rest_route=%2Fwp%2Fv2%2Fcategories&post=11977"},{"taxonomy":"post_tag","embeddable":true,"href":"https:\/\/noticiasveraces.com\/index.php?rest_route=%2Fwp%2Fv2%2Ftags&post=11977"}],"curies":[{"name":"wp","href":"https:\/\/api.w.org\/{rel}","templated":true}]}}