{"id":11975,"date":"2025-01-26T01:50:22","date_gmt":"2025-01-26T05:50:22","guid":{"rendered":"https:\/\/noticiasveraces.com\/?p=11975"},"modified":"2025-01-26T01:50:22","modified_gmt":"2025-01-26T05:50:22","slug":"un-quien-votan-los-inmigrantes-en-alemania-dw-24-01-2025","status":"publish","type":"post","link":"https:\/\/noticiasveraces.com\/?p=11975","title":{"rendered":"\u00bfUn qui\u00e9n votan Los Inmigrantes en Alemania? &#8211; DW &#8211; 24\/01\/2025"},"content":{"rendered":"<p> \n<\/p>\n<div>\n<p>Quedan Varias Semanas de Campaa\u00f1a Electoral y Los Partidos en Alemania a\u00fan Tienen Tiempo Para Convencer un programa de los votantes de los votantes.<\/p>\n<p>Un Grupo en particular Podr\u00eda Recuperar Mucho Terreno. No Son Precisamente POCOS: 7,1 Millones de Votantes Tienen Origen Migratorio, lo que significan que ellos ellos Mismos o sus dos progenitorios Han Llegado de otoTro Pa\u00eds. ESTO Representa Aproximadamento Uno de Cada ocho votantes en Alemania.<\/p>\n<p>Es un grupo que suele votar menos en las elecciones al bundestag que las personas sin or\u00edgenes migratorio. Y no est\u00e1n tan tan comprometidos con un partido en particular como sol\u00eda estar, dice la soci\u00f3loga friederike r\u00f6mer a dw:<\/p>\n<p>\u00abEn Todos los Grupos Estudiados, El Partido Con alcalde potencial es el spd. Alrededor del 20 por ciento de los votantes de origen migrante se imaginan votando por afd. Pero cuando preguntamos a las personas con Trasfondo migratorio qu\u00edo creen rast Resolver los problemas, hijo m\u00e1s propensos un si -ninguno &#8216;que las personsas ses se origen INMIGRANTE \u00ab.<\/p>\n<p>R\u00f6mer Trabaja para el Centro Alem\u00e1n de Investigaci\u00f3n Sobre Integreaci\u00f3n y Migraci\u00f3n (Dezim) y Es Coautora de Un Estudio para El Instituto que HA HA EXAMINADO LAS Preocupaciones Cotidianas y LAS Preferencias Partidistas de Las Personas de Origen Migranta.<\/p>\n<p>OTRA TENDENCIA QUE MUESTRA EL INFORME ES ES LA ALIANZA SAHRA WAGENKNECHT (BSW) Y EL PARTIDO DE IZQUIERDA \u00abDIE LINKE\u00bb Reciben Mayores \u00cdndices de Aprobaci\u00f3n de Este, Mientras que los los verdes Peores obtiene.<\/p>\n<h2>Materiales preocupacionales<\/h2>\n<p>LOS TEMAS DE LA ECONOM\u00cdA E Infacia Ocupan Un Lugar Destacado en la Agenda de Los Votantes de Origen Inmigrante.<\/p>\n<p>\u00abEn lo que respeta a los materiales de las preocupisiones, los problemas con las prestaciones de Jubilacia o inclusi\u00f3n la situaci\u00f3n de Vida, Las personas con antecedentes migratorios afirman con alcalde de la frecia de la est\u00e1n muy preocupadas ques las personas sin trasfondo migratorio\u00bb, afirmaci\u00f3n. Afirmer.<\/p>\n<p>Y A\u00f1ade: \u00abTambi\u00e9n vemos que las personas de Origen Migrante Tienden A Preocuparse Por Tema Como Convertirse en V\u00edctimas de la Delincuencia\u00bb. Estos Temores Son Alimentados por el Partido alternativa para Alemania (Afd), Que, Adem\u00e1s de Llevar a Cabo una Campa\u00f1a Electoral Xen\u00f3foba y Avivar El Sentimiento antiinmigrante, Tambi\u00e9n Quiere Captar Nuevos Grupos de Votantes. La Soci\u00f3loga Ha Observado que este Puede tener Bastante \u00c9xito Con Algunas Personas de Origen Migrante:<\/p>\n<p>\u00abEl Partido es Muy Buena a la Hora de Atraer A Ciertos Subgrupos de Origen Migrante y ConseGUIR que se interesen por sus pol\u00edtas. A Los Inmigrantes Que Llevan Mucho Tiempo ViviendO en Alemania, Especialmenta Aquelos de la regi\u00f3n de Oriente Medio y Nortte de defice de deefrice de deefrice de las de la regia de la orientaci\u00f3n y nortte de deficina de las de la renta de la regi\u00e1n de la orientaci\u00f3n y nortte deefrice de deefrice de defice de deefrice de. de Turqu\u00eda, Les transmiten un mensaje del Tipo: &#8216;Ustedes no son el problema, los reci\u00e9n llegados son el problema&#8217;.<\/p>\n<p><span data-slot-id=\"Article_InContent-1\" class=\"rich-text-ad\"\/><\/p>\n<h2>El Caso de Los Alemanes RepatriadoS<\/h2>\n<p>OTRO GRUPO NUMEROSO Entre Las Personas Con Antecedentes de Inmigraci\u00f3n Son Los Repatriado y Alemanos de la Antigua Uni\u00f3n Sovi\u00e9tica.<\/p>\n<p>Con el Inicio de la Guerra Contra Ucrania, en febrero de 2022, \u00abMuchos Ruso-Alemanes se sintieron como tosteros\u00bb, Dice Jannis Panagiotidis, Director Cient\u00edfico del Centro de Investigaci\u00f3n de Historia de LAS Transformaciones de la Universidad de Viena. El Partido Afd SE Benefia de este, Ya Lleva Mucho TIempo Cortejando A Este Grupo de Votantes, Explica El Historiador A DW:<\/p>\n<p>\u00abEl Partido Afd Est\u00e1 Intentando Posicionario de la Forma m\u00e1s Agresiva como posible como el Partido de los Ruso-Alemanes\u00bb. Con Promesas Autoritarias, Con una Pol\u00edtica de Ley y Orden y una postura cr\u00edtica hacia la Inmigracia, que es Bastante IMPORTANTE DE VOTOS DE ESTOS.<\/p>\n<p>\u00abPorque Est\u00e1n en contra de la Inmigraco por un Sentimiento de Inseguridad Propia, Especialmente en contra de los que Vienen de Pa\u00edses Isl\u00e1micos\u00bb.<\/p>\n<p>(GG\/MS)<\/p>\n<\/div>\n\n","protected":false},"excerpt":{"rendered":"<p>Quedan Varias Semanas de Campaa\u00f1a Electoral y Los Partidos en Alemania a\u00fan Tienen Tiempo Para Convencer un programa de los votantes de los votantes. Un Grupo en particular Podr\u00eda Recuperar Mucho Terreno. No Son Precisamente POCOS: 7,1 Millones de Votantes Tienen Origen Migratorio, lo que significan que ellos ellos Mismos o sus dos progenitorios Han &hellip;<\/p>\n","protected":false},"author":1,"featured_media":11976,"comment_status":"open","ping_status":"open","sticky":false,"template":"","format":"standard","meta":{"fifu_image_url":"https:\/\/static.dw.com\/image\/59311641_6.jpg","fifu_image_alt":"","footnotes":""},"categories":[13],"tags":[],"class_list":["post-11975","post","type-post","status-publish","format-standard","has-post-thumbnail","","category-mundo"],"_links":{"self":[{"href":"https:\/\/noticiasveraces.com\/index.php?rest_route=\/wp\/v2\/posts\/11975","targetHints":{"allow":["GET"]}}],"collection":[{"href":"https:\/\/noticiasveraces.com\/index.php?rest_route=\/wp\/v2\/posts"}],"about":[{"href":"https:\/\/noticiasveraces.com\/index.php?rest_route=\/wp\/v2\/types\/post"}],"author":[{"embeddable":true,"href":"https:\/\/noticiasveraces.com\/index.php?rest_route=\/wp\/v2\/users\/1"}],"replies":[{"embeddable":true,"href":"https:\/\/noticiasveraces.com\/index.php?rest_route=%2Fwp%2Fv2%2Fcomments&post=11975"}],"version-history":[{"count":0,"href":"https:\/\/noticiasveraces.com\/index.php?rest_route=\/wp\/v2\/posts\/11975\/revisions"}],"wp:featuredmedia":[{"embeddable":true,"href":"https:\/\/noticiasveraces.com\/index.php?rest_route=\/wp\/v2\/media\/11976"}],"wp:attachment":[{"href":"https:\/\/noticiasveraces.com\/index.php?rest_route=%2Fwp%2Fv2%2Fmedia&parent=11975"}],"wp:term":[{"taxonomy":"category","embeddable":true,"href":"https:\/\/noticiasveraces.com\/index.php?rest_route=%2Fwp%2Fv2%2Fcategories&post=11975"},{"taxonomy":"post_tag","embeddable":true,"href":"https:\/\/noticiasveraces.com\/index.php?rest_route=%2Fwp%2Fv2%2Ftags&post=11975"}],"curies":[{"name":"wp","href":"https:\/\/api.w.org\/{rel}","templated":true}]}}